{"id":1141520,"date":"2026-08-22T03:41:18","date_gmt":"2026-08-22T03:41:18","guid":{"rendered":"https:\/\/www.europesays.com\/fr\/1141520\/"},"modified":"2026-08-22T03:41:18","modified_gmt":"2026-08-22T03:41:18","slug":"tout-sur-leuro-cecifoot-strasbourg-2026-federation-francaise-de-football-fff","status":"publish","type":"post","link":"https:\/\/www.europesays.com\/fr\/1141520\/","title":{"rendered":"Tout sur l\u2019Euro C\u00e9cifoot Strasbourg 2026 | F\u00e9d\u00e9ration Fran\u00e7aise de Football (FFF)"},"content":{"rendered":"<p>    <img data-twic-src=\"https:\/\/www.europesays.com\/fr\/wp-content\/uploads\/2026\/08\/63d2f149f10731a667334692e7518582.png\" data-credit=\"IBSA Blindeuro 2026\" title=\"IBSA Blindeuro 2026\" alt=\"France-Angleterre Euro c\u00e9cifoot 2026\" class=\"block\"\/>   <\/p>\n<p style=\"font-weight: bold\">Tous les r\u00e9sultats de l\u2019Euro 2026 de C\u00e9cifoot, qui se dispute du lundi 17 au dimanche 23 ao\u00fbt \u00e0 Strasbourg. Les Bleus, par\u00e9s d\u2019or aux JOP 2024, remettent leur titre europ\u00e9en en jeu.<\/p>\n<p>La 14e \u00e9dition du championnat d&rsquo;Europe de C\u00e9cifoot, la troisi\u00e8me en France apr\u00e8s Vincennes en 2001 et Nantes en 2009, a \u00e9t\u00e9 lanc\u00e9e \u00e0 Strasbourg (Bas-Rhin) le lundi 17 ao\u00fbt pour se conclure le dimanche 23 ao\u00fbt. Elle met aux prises huit \u00e9quipes dont la France, <a href=\"https:\/\/www.fff.fr\/article\/13149-une-premiere-en-or.html\" target=\"_blank\" rel=\"noopener nofollow\">championne paralympique<\/a> et d\u2019<a href=\"https:\/\/www.fff.fr\/article\/7655-et-un-et-deux-et-trois-euros-.html\" target=\"_blank\" rel=\"noopener nofollow\">Europe en titre<\/a>.<\/p>\n<p>Tous les matches se d\u00e9roulent sur un terrain \u00e9ph\u00e9m\u00e8re install\u00e9 devant le Parlement europ\u00e9en de Strasbourg. Ils sont retransmis sur les antennes et les plateformes du groupe France T\u00e9l\u00e9visions. L\u2019Euro 2026 est organis\u00e9 par le C\u00e9cifoot Club de Schiltigheim avec la F\u00e9d\u00e9ration Fran\u00e7aise Handisport (FFH), la F\u00e9d\u00e9ration internationale des sports pour personnes aveugles (IBSA) et la Ville de Strasbourg, avec le soutien de Ligue du Grand Est de football.<\/p>\n<p><img decoding=\"async\" src=\"https:\/\/www.europesays.com\/fr\/wp-content\/uploads\/2026\/08\/e1d94a2dfd5332646b6b1a2c8b1f6040.jpg\" alt=\"\"\/>L\u2019\u00c9quipe de France C\u00e9cifoot devant le Parlement europ\u00e9en (photo C\u00e9cifoot France).<\/p>\n<p> <a href=\"https:\/\/www.fff.fr\/article\/17088-strasbourg-capitale-de-l-euro.html\" target=\"_blank\" rel=\"noopener nofollow\"><strong>Strasbourg capitale de l\u2019Euro<\/strong><\/a> <a href=\"https:\/\/www.bleushandisport.com\/sport\/cecifoot\/?post_types=bleus\" target=\"_blank\" rel=\"noopener nofollow\"><strong>La liste des Bleus<\/strong><\/a> \u00a0PHASE DE GROUPES\u00a0   Groupe A <\/p>\n<p class=\"light\" style=\"text-align: center;\">Allemagne<br \/>Angleterre<br \/><strong>France<\/strong><br \/>Gr\u00e8ce<\/p>\n<p><strong>R\u00e9sultats et calendrier<\/strong><\/p>\n<ul>\n<li>Lundi 17 ao\u00fbt : Gr\u00e8ce &#8211; Allemagne 0-4 (T. Kuttig 23e et 24e, J. T\u00f6nsing 28e et 35e)<\/li>\n<li>Lundi 17 ao\u00fbt : <strong>France<\/strong> &#8211; Angleterre 4-1 (Fr\u00e9d\u00e9ric Villeroux 5e, 12e, 24e et 30e ; R. Turnham 22e)<\/li>\n<li>Mardi 18 ao\u00fbt : Allemagne &#8211; Angleterre 1-1 (T. Kuttig 29e ; E. Amjid 13e)<\/li>\n<li>Mardi 18 ao\u00fbt : <strong>France<\/strong> &#8211; Gr\u00e8ce 3-0 (B. Niang 16e, 24e et 40e)<\/li>\n<li>Mercredi 19 ao\u00fbt : Angleterre &#8211; Gr\u00e8ce 8-0 (E. Amjid 4e, 6e, 26e, 34e, et 37e, E. Schimwell 8e, 14e et 37e)<\/li>\n<li>Mercredi 19 ao\u00fbt : Allemagne &#8211; <strong>France<\/strong> 0-1 (B. Niang, 16e)<\/li>\n<\/ul>\n<p>Classement : 1.\u00a0<strong>France<\/strong>, 9 points (+ 7) ; 2. Angleterre, 4 pts (+ 5) ; 3. \u00a0Allemagne, 4 pts (+ 3) ; 4. Gr\u00e8ce, 0 pt (- 15).<\/p>\n<p>La France et l&rsquo;Angleterre sont qualifi\u00e9es pour les demi-finales.<\/p>\n<p>   Groupe B <\/p>\n<p class=\"light\" style=\"text-align: center;\">Espagne<br \/>Italie<br \/>Roumanie<br \/>Turquie<\/p>\n<p><strong>R\u00e9sultats et calendrier<\/strong><\/p>\n<ul>\n<li>Lundi 17\u00a0ao\u00fbt : Turquie &#8211; Espagne 0-0<\/li>\n<li>Lundi 17\u00a0ao\u00fbt : Roumanie &#8211; Italie 0-2 (F. Cavallotto 4e, P. Iyobo 38e)<\/li>\n<li>Mardi 18 ao\u00fbt\u00a0: Espagne &#8211; Italie 1-2 (M. A. Sanchez Lopez 19e ; P. Iyobo 1re et 4e)<\/li>\n<li>Mardi 18 ao\u00fbt : Roumanie &#8211; Turquie 0-2 (E. Aslan 2e et 16e)<\/li>\n<li>Mercredi 19 ao\u00fbt : Italie &#8211; Turquie 1-2 (P. Iyobo 25e ; E. Ocal 6e, E. Aslan 12e)<\/li>\n<li>Mercredi 19 ao\u00fbt : Espagne &#8211; Roumanie 3-0 (A. Acosta Rodriguez 6e, M. A. Sanchez Lopez 21e, 23e)<\/li>\n<\/ul>\n<p>Classement : 1. Turquie, 7 pts (+ 3) ; 2. Italie, 6 points (+ 2) ; 3. Espagne, 4 pts (+ 2) ; 4. Roumanie, 0 pt (- 7).<\/p>\n<p>La Turquie et l&rsquo;Italie qualifi\u00e9es pour les demi-finales.<\/p>\n<p> \u00a0SECONDE PHASE\u00a0 <\/p>\n<ul>\n<li>Vendredi 21 ao\u00fbt 2026 (matches 5e \u00e0 8e places) : <br \/>&#8211; Espagne-Gr\u00e8ce 3-0 (A. Acosta Rodriguez 28e, 34e, 37e)<br \/>&#8211; Allemagne-Roumanie 4-1 (J. T\u00f6nsing 12e, 31e, R.Narjes 18e, N. Werner 38e ; M.A. Cucu, 33e)<\/li>\n<li>Vendredi 21 ao\u00fbt 2026 (demi-finales) : <br \/>&#8211; Turquie-Angleterre 0-1 (E. Schimwell, 11e)<br \/><strong>&#8211; <\/strong><strong>France<\/strong>-Italie 1-0 (F. Villeroux, 22e)<\/li>\n<li>Samedi 22 ao\u00fbt 2026 (match pour la 7e place) : <br \/>&#8211; 12h15 : Gr\u00e8ce-Roumanie<\/li>\n<li>Samedi 22 ao\u00fbt 2026 (match pour la 5e place) : <br \/>&#8211; 15h00 : Espagne-Allemagne<\/li>\n<li>Dimanche 23 ao\u00fbt 2026 (match pour la 3e place) :<br \/>-15h15 : Turquie-Italie<\/li>\n<li>Dimanche 23 ao\u00fbt 2026 (finale) :<br \/>-18h00 : <strong>France-<\/strong>Angleterre (en direct sur France 2)<\/li>\n<\/ul>\n<p>   Un Euro qualificatif <\/p>\n<ul>\n<li class=\"light\">Les <strong>cinq premiers<\/strong> de cet Euro 2026 d\u00e9crochent leur qualification pour les championnats parasportifs europ\u00e9ens de Gen\u00e8ve (Suisse, ao\u00fbt 2027), dont le vainqueur aura une place pour disputer les Jeux paralympiques de Los Angeles 2028.<\/li>\n<li class=\"light\">Les <strong>trois premiers<\/strong> de l\u2019Euro 2026 sont aussi qualifi\u00e9s pour le championnat du monde au Br\u00e9sil (octobre 2027), dont les deux finalistes obtiendront leur billet pour les JP 2028.<\/li>\n<li class=\"light\">Cet Euro donnera des points pour le classement mondial, ses <strong>huit premiers<\/strong> participant aux Jeux mondiaux IBSA en Azerba\u00efdjan (mai-juin 2027) dont le laur\u00e9at ira \u00e9galement \u00e0 Los Angeles en 2028.<\/li>\n<\/ul>\n","protected":false},"excerpt":{"rendered":"Tous les r\u00e9sultats de l\u2019Euro 2026 de C\u00e9cifoot, qui se dispute du lundi 17 au dimanche 23 ao\u00fbt&hellip;\n","protected":false},"author":2,"featured_media":1141521,"comment_status":"","ping_status":"","sticky":false,"template":"","format":"standard","meta":{"footnotes":"","_share_on_mastodon":"0"},"categories":[2820],"tags":[1111,11,1777,674,85,1011,27,775,12,25,640],"class_list":["post-1141520","post","type-post","status-publish","format-standard","has-post-thumbnail","category-strasbourg","tag-actu","tag-actualites","tag-eu","tag-europe","tag-fff","tag-fr","tag-france","tag-grand-est","tag-news","tag-republique-francaise","tag-strasbourg"],"share_on_mastodon":{"url":"https:\/\/pubeurope.com\/@fr\/117137093907523933","error":""},"_links":{"self":[{"href":"https:\/\/www.europesays.com\/fr\/wp-json\/wp\/v2\/posts\/1141520","targetHints":{"allow":["GET"]}}],"collection":[{"href":"https:\/\/www.europesays.com\/fr\/wp-json\/wp\/v2\/posts"}],"about":[{"href":"https:\/\/www.europesays.com\/fr\/wp-json\/wp\/v2\/types\/post"}],"author":[{"embeddable":true,"href":"https:\/\/www.europesays.com\/fr\/wp-json\/wp\/v2\/users\/2"}],"replies":[{"embeddable":true,"href":"https:\/\/www.europesays.com\/fr\/wp-json\/wp\/v2\/comments?post=1141520"}],"version-history":[{"count":0,"href":"https:\/\/www.europesays.com\/fr\/wp-json\/wp\/v2\/posts\/1141520\/revisions"}],"wp:featuredmedia":[{"embeddable":true,"href":"https:\/\/www.europesays.com\/fr\/wp-json\/wp\/v2\/media\/1141521"}],"wp:attachment":[{"href":"https:\/\/www.europesays.com\/fr\/wp-json\/wp\/v2\/media?parent=1141520"}],"wp:term":[{"taxonomy":"category","embeddable":true,"href":"https:\/\/www.europesays.com\/fr\/wp-json\/wp\/v2\/categories?post=1141520"},{"taxonomy":"post_tag","embeddable":true,"href":"https:\/\/www.europesays.com\/fr\/wp-json\/wp\/v2\/tags?post=1141520"}],"curies":[{"name":"wp","href":"https:\/\/api.w.org\/{rel}","templated":true}]}}