{"id":114159,"date":"2025-05-20T11:13:10","date_gmt":"2025-05-20T11:13:10","guid":{"rendered":"https:\/\/www.europesays.com\/fr\/114159\/"},"modified":"2025-05-20T11:13:10","modified_gmt":"2025-05-20T11:13:10","slug":"loire-une-etudiante-stephanoise-remporte-le-concours-oratoire-en-droit-penal","status":"publish","type":"post","link":"https:\/\/www.europesays.com\/fr\/114159\/","title":{"rendered":"Loire. Une \u00e9tudiante st\u00e9phanoise remporte le concours oratoire en droit p\u00e9nal"},"content":{"rendered":"<p>Elle n\u2019a pas grimp\u00e9 l\u2019Everest mais elle se trouve au sommet de son art. Un art oratoire. Louane Chauvin-Ozil, 19 ans, \u00e9tudiante en deuxi\u00e8me ann\u00e9e de licence de droit \u00e0 l\u2019Universit\u00e9 Jean-Monnet, vient de remporter le prestigieux concours national Lysias dans la cat\u00e9gorie p\u00e9nale, face \u00e0 des \u00e9tudiants de Panth\u00e9on Assas et Paris Cit\u00e9.<\/p>\n<p>\u00ab\u00a0C\u2019\u00e9tait pourtant difficile de s\u2019aligner lorsque l\u2019on vient de Saint-Etienne\u00a0\u00bb confie-t-elle. En avril, pour les quatre tours nationaux, elle a d\u00fb se rendre en TGV \u00e0 Paris chaque semaine. Et jongler avec les cours et partiels. \u00c0 la diff\u00e9rence du concours d\u2019\u00e9loquence, qui permet une plaidoirie plus libre, celle du p\u00e9nal exige une extr\u00eame rigueur.<\/p>\n<p>  \u00ab\u00a0Vous \u00eates petite par la taille mais grande par le r\u00e9alisme\u00a0\u00bb<\/p>\n<p>\u00ab\u00a0Cela reste tr\u00e8s juridique\u00a0\u00bb ajoute l\u2019\u00e9tudiante. \u00ab\u00a0Il faut d\u2019abord bien ma\u00eetriser son sujet de droit. J\u2019ai d\u00fb effectuer de nombreuses recherches, les mettre en forme, mais cela laisse moins de place pour l\u2019humour, la dramaturgie. On n\u2019a moins recours \u00e0 son libre arbitre\u00a0\u00bb.<\/p>\n<p>Et pour cause, en finale, elle se retrouvait dans le r\u00f4le du procureur. Sa performance, carr\u00e9e, millim\u00e9tr\u00e9e, a fait montre d\u2019efficacit\u00e9. Sa spontan\u00e9it\u00e9 a jou\u00e9 en sa faveur\u00a0: \u00ab\u00a0Vous \u00eates petite par la taille mais grande par le r\u00e9alisme\u00a0\u00bb a d\u00e9clar\u00e9 l\u2019avocat g\u00e9n\u00e9ral de la cour d\u2019appel de Rennes. \u00ab\u00a0Si l\u2019on faisait un The Voice je biperai sur vous et vous choisirais dans mon \u00e9quipe. Mais je n\u2019aurai rien \u00e0 vous apprendre de plus\u00a0\u00bb.<\/p>\n<p>  \u00ab\u00a0Une r\u00e9compense collective que l\u2019on ne se lasse pas de partager\u00a0\u00bb<\/p>\n<p>Une appr\u00e9ciation \u00e9logieuse qui constitue sa plus belle carte de visite. \u00ab\u00a0Le doyen de la facult\u00e9 m\u2019a \u00e9galement beaucoup encourag\u00e9. C\u2019est mon mod\u00e8le\u00a0\u00bb avoue-t-elle.<\/p>\n<p>Quand les \u00e9tudiants de l\u2019Universit\u00e9 Jean-Monnet et l\u2019association Oratore prennent d\u2019assaut la Capitale, ce n\u2019est pas pour faire de la figuration\u00a0: l\u2019an dernier <a href=\"https:\/\/www.leprogres.fr\/societe\/2024\/06\/06\/meline-chaouki-remporte-la-demi-finale-du-concours-d-eloquence\" target=\"_blank\" rel=\"nofollow noopener\">M\u00e9line Chaouki a remport\u00e9 le concours d\u2019\u00e9loquence,<\/a> ouvrant la voie (royale) \u00e0 Louane Chauvin-Ozil. Un doubl\u00e9 cons\u00e9cutif qui incite au respect.<\/p>\n<p>Cette distinction rejaillit sur tout le monde. \u00ab\u00a0C\u2019est une r\u00e9compense collective que l\u2019on ne se lasse pas de partager\u00a0\u00bb souligne Romane Fournet-Fayard, pr\u00e9sidente de l\u2019association Oratore. Une association qui s\u2019est attach\u00e9e \u00e0 mettre sa jeune candidate dans les meilleures dispositions, afin de se concentrer uniquement sur les tours \u00e0 passer.<\/p>\n<p>  Un stage de troisi\u00e8me qui a suscit\u00e9 sa vocation<\/p>\n<p>\u00ab\u00a0C\u2019est beaucoup de travail mais \u00e9galement un plaisir intense et une exp\u00e9rience incroyable\u00a0\u00bb souligne encore Louane Chauvin-Ozil. \u00ab\u00a0D\u00e9sormais mon objectif est de rentrer dans l\u2019association Oratore et vivre l\u2019aventure de l\u2019autre c\u00f4t\u00e9 de la barri\u00e8re\u00a0\u00bb.<\/p>\n<p>Depuis son succ\u00e8s \u00e0 ce concours, les \u00e9loges fleurissent. Louane Chauvin-Ozil offre un visage juv\u00e9nile qui dissimule une volont\u00e9 de fer. Et sa grand-m\u00e8re Fran\u00e7oise est aux anges, elle qui l\u2019avait pouss\u00e9 \u00e0 effectuer son stage de troisi\u00e8me au tribunal de Bourg-l\u00e8s-Valence, o\u00f9 elle exer\u00e7ait comme greffi\u00e8re \u00e0 l\u2019\u00e9poque. Ce fut pour Louane une r\u00e9v\u00e9lation. Elle sera magistrate. \u00ab\u00a0Car le droit, c\u2019est moi\u00a0\u00bb lance-t-elle dans un grand \u00e9clat de rire.<\/p>\n","protected":false},"excerpt":{"rendered":"Elle n\u2019a pas grimp\u00e9 l\u2019Everest mais elle se trouve au sommet de son art. Un art oratoire. Louane&hellip;\n","protected":false},"author":2,"featured_media":114160,"comment_status":"","ping_status":"","sticky":false,"template":"","format":"standard","meta":{"footnotes":""},"categories":[9653],"tags":[1111,11,2430,7539,1777,674,274,1011,27,1757,3367,12,25,4001,7538],"class_list":{"0":"post-114159","1":"post","2":"type-post","3":"status-publish","4":"format-standard","5":"has-post-thumbnail","7":"category-saint-etienne","8":"tag-actu","9":"tag-actualites","10":"tag-auvergne-rhone-alpes","11":"tag-edition-loire-sud","12":"tag-eu","13":"tag-europe","14":"tag-faits-divers-justice","15":"tag-fr","16":"tag-france","17":"tag-insolite","18":"tag-loire","19":"tag-news","20":"tag-republique-francaise","21":"tag-saint-etienne","22":"tag-saint-etienne-ville"},"share_on_mastodon":{"url":"https:\/\/pubeurope.com\/@fr\/114539869249629502","error":""},"_links":{"self":[{"href":"https:\/\/www.europesays.com\/fr\/wp-json\/wp\/v2\/posts\/114159","targetHints":{"allow":["GET"]}}],"collection":[{"href":"https:\/\/www.europesays.com\/fr\/wp-json\/wp\/v2\/posts"}],"about":[{"href":"https:\/\/www.europesays.com\/fr\/wp-json\/wp\/v2\/types\/post"}],"author":[{"embeddable":true,"href":"https:\/\/www.europesays.com\/fr\/wp-json\/wp\/v2\/users\/2"}],"replies":[{"embeddable":true,"href":"https:\/\/www.europesays.com\/fr\/wp-json\/wp\/v2\/comments?post=114159"}],"version-history":[{"count":0,"href":"https:\/\/www.europesays.com\/fr\/wp-json\/wp\/v2\/posts\/114159\/revisions"}],"wp:featuredmedia":[{"embeddable":true,"href":"https:\/\/www.europesays.com\/fr\/wp-json\/wp\/v2\/media\/114160"}],"wp:attachment":[{"href":"https:\/\/www.europesays.com\/fr\/wp-json\/wp\/v2\/media?parent=114159"}],"wp:term":[{"taxonomy":"category","embeddable":true,"href":"https:\/\/www.europesays.com\/fr\/wp-json\/wp\/v2\/categories?post=114159"},{"taxonomy":"post_tag","embeddable":true,"href":"https:\/\/www.europesays.com\/fr\/wp-json\/wp\/v2\/tags?post=114159"}],"curies":[{"name":"wp","href":"https:\/\/api.w.org\/{rel}","templated":true}]}}