{"id":114161,"date":"2025-05-20T11:14:17","date_gmt":"2025-05-20T11:14:17","guid":{"rendered":"https:\/\/www.europesays.com\/fr\/114161\/"},"modified":"2025-05-20T11:14:17","modified_gmt":"2025-05-20T11:14:17","slug":"asse-djylian-nguessan-et-lequipe-de-france-demarrent-parfaitement-leuro-u17","status":"publish","type":"post","link":"https:\/\/www.europesays.com\/fr\/114161\/","title":{"rendered":"ASSE. Djylian N\u2019Guessan et l\u2019\u00e9quipe de France d\u00e9marrent parfaitement l\u2019Euro U17"},"content":{"rendered":"<p>Plus jeune joueur \u00e0 \u00e9voluer en Ligue 1 cette saison, Djylian N\u2019Guessan n\u2019a pas encore marqu\u00e9 en championnat, mais a profit\u00e9 de ses huit matchs professionnels pour se montrer aux yeux de Lionel Rouxel.<\/p>\n<p>Ce dernier l\u2019a d\u2019ailleurs <a href=\"https:\/\/www.leprogres.fr\/sport\/2025\/05\/06\/djylian-n-guessan-convoque-avec-les-bleuets-pour-l-euro-u17\" target=\"_blank\" rel=\"noopener\">s\u00e9lectionn\u00e9 dans le groupe France pour l\u2019Euro U17<\/a> qui d\u00e9marrait ce lundi soir en Albanie pour les Bleuets. Entr\u00e9 en jeu samedi soir <a href=\"https:\/\/www.leprogres.fr\/sport\/2025\/05\/17\/les-verts-retombent-en-enfer\" target=\"_blank\" rel=\"noopener\">contre Toulouse (2-3)<\/a>, N\u2019Guessan \u00e9tait titulaire, comme l\u2019autre St\u00e9phanois Paul Eymard, dans un match qui n\u2019a pas tra\u00een\u00e9.<\/p>\n<p>  Buteur d\u00e8s le premier quart d&rsquo;heure<\/p>\n<p>Apr\u00e8s l\u2019ouverture du score du Toulousain Ilyas Azizi apr\u00e8s 45 secondes, l\u2019attaquant st\u00e9phanois faisait le break en taclant dans les six m\u00e8tres un centre du Lyonnais R\u00e9mi Himbert \u00e0 la 12e. Face \u00e0 dix allemands pendant une heure, les Bleuets ont parfaitement d\u00e9marr\u00e9 leur comp\u00e9tition gr\u00e2ce au troisi\u00e8me but de Christ Batola (78e) qui avait remplac\u00e9 N\u2019Guessan quinze minutes auparavant. Avec ce net succ\u00e8s (3-0), ils prennent la deuxi\u00e8me place du classement derri\u00e8re le Portugal qu\u2019ils affronteront jeudi \u00e0 20 h 30.<\/p>\n","protected":false},"excerpt":{"rendered":"Plus jeune joueur \u00e0 \u00e9voluer en Ligue 1 cette saison, Djylian N\u2019Guessan n\u2019a pas encore marqu\u00e9 en championnat,&hellip;\n","protected":false},"author":2,"featured_media":114162,"comment_status":"","ping_status":"","sticky":false,"template":"","format":"standard","meta":{"footnotes":""},"categories":[9653],"tags":[1111,11,4000,2430,6713,1777,674,63,1011,27,4002,7020,3367,12,25,4001,7538],"class_list":{"0":"post-114161","1":"post","2":"type-post","3":"status-publish","4":"format-standard","5":"has-post-thumbnail","7":"category-saint-etienne","8":"tag-actu","9":"tag-actualites","10":"tag-asse-as-saint-etienne-football","11":"tag-auvergne-rhone-alpes","12":"tag-equipe-de-france-de-football","13":"tag-eu","14":"tag-europe","15":"tag-football","16":"tag-fr","17":"tag-france","18":"tag-haute-loire","19":"tag-ligue-1-football","20":"tag-loire","21":"tag-news","22":"tag-republique-francaise","23":"tag-saint-etienne","24":"tag-saint-etienne-ville"},"share_on_mastodon":{"url":"https:\/\/pubeurope.com\/@fr\/114539873211900078","error":""},"_links":{"self":[{"href":"https:\/\/www.europesays.com\/fr\/wp-json\/wp\/v2\/posts\/114161","targetHints":{"allow":["GET"]}}],"collection":[{"href":"https:\/\/www.europesays.com\/fr\/wp-json\/wp\/v2\/posts"}],"about":[{"href":"https:\/\/www.europesays.com\/fr\/wp-json\/wp\/v2\/types\/post"}],"author":[{"embeddable":true,"href":"https:\/\/www.europesays.com\/fr\/wp-json\/wp\/v2\/users\/2"}],"replies":[{"embeddable":true,"href":"https:\/\/www.europesays.com\/fr\/wp-json\/wp\/v2\/comments?post=114161"}],"version-history":[{"count":0,"href":"https:\/\/www.europesays.com\/fr\/wp-json\/wp\/v2\/posts\/114161\/revisions"}],"wp:featuredmedia":[{"embeddable":true,"href":"https:\/\/www.europesays.com\/fr\/wp-json\/wp\/v2\/media\/114162"}],"wp:attachment":[{"href":"https:\/\/www.europesays.com\/fr\/wp-json\/wp\/v2\/media?parent=114161"}],"wp:term":[{"taxonomy":"category","embeddable":true,"href":"https:\/\/www.europesays.com\/fr\/wp-json\/wp\/v2\/categories?post=114161"},{"taxonomy":"post_tag","embeddable":true,"href":"https:\/\/www.europesays.com\/fr\/wp-json\/wp\/v2\/tags?post=114161"}],"curies":[{"name":"wp","href":"https:\/\/api.w.org\/{rel}","templated":true}]}}