{"id":1141618,"date":"2026-08-22T04:55:17","date_gmt":"2026-08-22T04:55:17","guid":{"rendered":"https:\/\/www.europesays.com\/fr\/1141618\/"},"modified":"2026-08-22T04:55:17","modified_gmt":"2026-08-22T04:55:17","slug":"asse-gf38-a-saint-etienne-olivier-frapolli-refuse-de-venir-seulement-pour-defendre","status":"publish","type":"post","link":"https:\/\/www.europesays.com\/fr\/1141618\/","title":{"rendered":"ASSE-GF38 : \u00e0 Saint-Etienne, Olivier Frapolli refuse de venir \u00ab\u00a0seulement pour d\u00e9fendre\u00a0\u00bb"},"content":{"rendered":"<p itemprop=\"description\"><strong>Grenoble se rend \u00e0 Geoffroy-Guichard ce samedi soir avec un seul point au compteur apr\u00e8s deux journ\u00e9es. Face \u00e0 une ASSE qui a parfaitement lanc\u00e9 sa saison, Olivier Frapolli veut voir son \u00e9quipe rester fid\u00e8le \u00e0 ses principes et \u00eatre capable d\u2019exister offensivement.<\/strong><\/p>\n<p>Le d\u00e9fi est relev\u00e9 pour le GF38. Apr\u00e8s une d\u00e9faite \u00e0 Dunkerque puis un nul face \u00e0 Metz, les Grenoblois affrontent ce samedi \u00e0 20h une \u00e9quipe st\u00e9phanoise qui a remport\u00e9 ses deux premiers matches.<\/p>\n<p>Olivier Frapolli conna\u00eet la qualit\u00e9 de l\u2019adversaire, notamment \u00ab\u00a0la richesse de ses attaquants\u00a0\u00bb et son potentiel collectif. Mais le technicien grenoblois ne souhaite pas b\u00e2tir toute sa strat\u00e9gie autour des forces de l\u2019ASSE.<\/p>\n<p>\u00ab\u00a0On reste plus sur la ligne de conduite, c\u2019est-\u00e0-dire de ne pas s\u2019adapter\u00a0\u00bb, explique-t-il. Grenoble prendra \u00e9videmment en compte les particularit\u00e9s du jeu st\u00e9phanois, sans pour autant renoncer \u00e0 ce qu\u2019il travaille depuis la pr\u00e9paration.<\/p>\n<p>Grenoble devra aussi peser offensivement<\/p>\n<p>Pour Frapolli, le GF38 ne pourra pas esp\u00e9rer ramener un r\u00e9sultat en passant 90 minutes \u00e0 subir. \u00ab\u00a0Il faudra faire un match complet sur l\u2019aspect d\u00e9fensif et aussi et surtout sur l\u2019aspect offensif\u00a0\u00bb, pr\u00e9vient l\u2019entra\u00eeneur.<\/p>\n<p>Un secteur dans lequel Grenoble doit encore progresser apr\u00e8s seulement deux buts inscrits lors des deux premi\u00e8res journ\u00e9es. \u00c0 Geoffroy-Guichard, le GF38 cherchera donc autant \u00e0 contenir le leader st\u00e9phanois qu\u2019\u00e0 profiter des espaces laiss\u00e9s par les Verts.<\/p>\n","protected":false},"excerpt":{"rendered":"Grenoble se rend \u00e0 Geoffroy-Guichard ce samedi soir avec un seul point au compteur apr\u00e8s deux journ\u00e9es. Face&hellip;\n","protected":false},"author":2,"featured_media":1141619,"comment_status":"","ping_status":"","sticky":false,"template":"","format":"standard","meta":{"footnotes":"","_share_on_mastodon":"0"},"categories":[9566],"tags":[1111,11,2813,2430,1109,251,1112,2811,1777,674,118,1011,27,21780,2731,14004,1922,1110,1114,108,12,316,25,2812,517,800],"class_list":["post-1141618","post","type-post","status-publish","format-standard","has-post-thumbnail","category-grenoble","tag-actu","tag-actualites","tag-article","tag-auvergne-rhone-alpes","tag-breves","tag-culture","tag-depeches","tag-economique","tag-eu","tag-europe","tag-faits-divers","tag-fr","tag-france","tag-gf38","tag-grenoble","tag-grenoblemag","tag-info","tag-informations","tag-infos","tag-isere","tag-news","tag-politique","tag-republique-francaise","tag-sociale","tag-sport","tag-transports"],"share_on_mastodon":{"url":"https:\/\/pubeurope.com\/@fr\/117137383460114506","error":""},"_links":{"self":[{"href":"https:\/\/www.europesays.com\/fr\/wp-json\/wp\/v2\/posts\/1141618","targetHints":{"allow":["GET"]}}],"collection":[{"href":"https:\/\/www.europesays.com\/fr\/wp-json\/wp\/v2\/posts"}],"about":[{"href":"https:\/\/www.europesays.com\/fr\/wp-json\/wp\/v2\/types\/post"}],"author":[{"embeddable":true,"href":"https:\/\/www.europesays.com\/fr\/wp-json\/wp\/v2\/users\/2"}],"replies":[{"embeddable":true,"href":"https:\/\/www.europesays.com\/fr\/wp-json\/wp\/v2\/comments?post=1141618"}],"version-history":[{"count":0,"href":"https:\/\/www.europesays.com\/fr\/wp-json\/wp\/v2\/posts\/1141618\/revisions"}],"wp:featuredmedia":[{"embeddable":true,"href":"https:\/\/www.europesays.com\/fr\/wp-json\/wp\/v2\/media\/1141619"}],"wp:attachment":[{"href":"https:\/\/www.europesays.com\/fr\/wp-json\/wp\/v2\/media?parent=1141618"}],"wp:term":[{"taxonomy":"category","embeddable":true,"href":"https:\/\/www.europesays.com\/fr\/wp-json\/wp\/v2\/categories?post=1141618"},{"taxonomy":"post_tag","embeddable":true,"href":"https:\/\/www.europesays.com\/fr\/wp-json\/wp\/v2\/tags?post=1141618"}],"curies":[{"name":"wp","href":"https:\/\/api.w.org\/{rel}","templated":true}]}}