{"id":114163,"date":"2025-05-20T11:15:10","date_gmt":"2025-05-20T11:15:10","guid":{"rendered":"https:\/\/www.europesays.com\/fr\/114163\/"},"modified":"2025-05-20T11:15:10","modified_gmt":"2025-05-20T11:15:10","slug":"nancy-la-ville-annonce-maintenir-sa-subvention-a-la-mjc-pichon-pour-2025","status":"publish","type":"post","link":"https:\/\/www.europesays.com\/fr\/114163\/","title":{"rendered":"Nancy. La Ville annonce maintenir sa subvention \u00e0 la MJC Pichon pour 2025"},"content":{"rendered":"<p>Suite \u00e0 ses <a href=\"https:\/\/www.estrepublicain.fr\/education\/2025\/04\/21\/la-mjc-pichon-pourrait-fermer-des-juin-prochain\" target=\"_blank\" rel=\"noopener\">difficult\u00e9s financi\u00e8res r\u00e9v\u00e9l\u00e9es<\/a> au mois d\u2019octobre dernier, la MJC Pichon, se trouvant dans le quartier Saint-Pierre &#8211; Ren\u00e9 II &#8211; Bonsecours, est dans une impasse. Son cas ne rel\u00e8ve plus de la mairie de Nancy mais du <a href=\"https:\/\/www.estrepublicain.fr\/faits-divers-justice\/2025\/01\/18\/le-tribunal-de-commerce-devient-le-tribunal-des-activites-economiques#:~:text=Ce%20jeudi%20matin%2C%20l%27audience,cadre%20d%27une%20exp%C3%A9rimentation%20nationale.\" target=\"_blank\" rel=\"noopener\">tribunal des affaires \u00e9conomiques<\/a> (TAE et anciennement tribunal de commerce).<\/p>\n<p>La question du devenir de cette maison de la jeunesse et de la culture a logiquement \u00e9t\u00e9 abord\u00e9e depuis. Plusieurs annonces ont \u00e9t\u00e9 faites afin de rassurer les habitu\u00e9s de ce service, a minima jusqu\u2019au 30\u00a0juin.<\/p>\n<p>  Le club de foot deviendra une entit\u00e9 \u00e0 part enti\u00e8re<\/p>\n<p>De ce fait, la mairie, financeur majoritaire de cette structure, annonce \u00ab\u00a0conforter sa subvention 2025 pour permettre \u00e0 la maison et ses usagers de terminer la saison\u00a0\u00bb. D\u2019autres mobilisations ont aussi \u00e9t\u00e9 \u00e9nonc\u00e9es pour aider au maximum \u00e0 un possible redressement des comptes. \u00ab\u00a0La collectivit\u00e9 a impuls\u00e9 et accompagn\u00e9 la structuration <a href=\"https:\/\/www.estrepublicain.fr\/sport\/2025\/04\/21\/le-club-de-foot-a-pese-lourd-sur-les-finances\" target=\"_blank\" rel=\"noopener\">du club de foot<\/a> en tant qu\u2019organisation ind\u00e9pendante.\u00a0\u00bb Ce dernier \u00e9tait rattach\u00e9 \u00e0 la MJC Pichon et un peu plus d\u2019un tiers du budget municipal lui \u00e9tait allou\u00e9.<\/p>\n<p>La Ville a \u00e9galement d\u00e9cid\u00e9 de saisir la chambre r\u00e9gionale des comptes pour \u00ab\u00a0s\u2019assurer de la solidit\u00e9 et de la p\u00e9rennit\u00e9 de ces maisons\u00a0\u00bb sur le territoire, au nombre de sept aujourd\u2019hui.<\/p>\n<p>En attendant le rendu du jugement du TAE, qui se soldera par une possibilit\u00e9 de redressement des comptes ou une liquidation judiciaire, la Ville, en lien avec l\u2019union des MJC nanc\u00e9iennes, assure prendre des dispositions afin de garantir un accueil des enfants pour cet \u00e9t\u00e9.<\/p>\n","protected":false},"excerpt":{"rendered":"Suite \u00e0 ses difficult\u00e9s financi\u00e8res r\u00e9v\u00e9l\u00e9es au mois d\u2019octobre dernier, la MJC Pichon, se trouvant dans le quartier&hellip;\n","protected":false},"author":2,"featured_media":114164,"comment_status":"","ping_status":"","sticky":false,"template":"","format":"standard","meta":{"footnotes":""},"categories":[9635],"tags":[1111,11,1687,33,1704,1777,674,1011,27,775,1702,1703,12,25],"class_list":{"0":"post-114163","1":"post","2":"type-post","3":"status-publish","4":"format-standard","5":"has-post-thumbnail","7":"category-nancy","8":"tag-actu","9":"tag-actualites","10":"tag-culture-loisirs","11":"tag-economie","12":"tag-edition-nancy-et-agglomeration","13":"tag-eu","14":"tag-europe","15":"tag-fr","16":"tag-france","17":"tag-grand-est","18":"tag-nancy","19":"tag-nancy-ville-54b","20":"tag-news","21":"tag-republique-francaise"},"share_on_mastodon":{"url":"https:\/\/pubeurope.com\/@fr\/114539877024091417","error":""},"_links":{"self":[{"href":"https:\/\/www.europesays.com\/fr\/wp-json\/wp\/v2\/posts\/114163","targetHints":{"allow":["GET"]}}],"collection":[{"href":"https:\/\/www.europesays.com\/fr\/wp-json\/wp\/v2\/posts"}],"about":[{"href":"https:\/\/www.europesays.com\/fr\/wp-json\/wp\/v2\/types\/post"}],"author":[{"embeddable":true,"href":"https:\/\/www.europesays.com\/fr\/wp-json\/wp\/v2\/users\/2"}],"replies":[{"embeddable":true,"href":"https:\/\/www.europesays.com\/fr\/wp-json\/wp\/v2\/comments?post=114163"}],"version-history":[{"count":0,"href":"https:\/\/www.europesays.com\/fr\/wp-json\/wp\/v2\/posts\/114163\/revisions"}],"wp:featuredmedia":[{"embeddable":true,"href":"https:\/\/www.europesays.com\/fr\/wp-json\/wp\/v2\/media\/114164"}],"wp:attachment":[{"href":"https:\/\/www.europesays.com\/fr\/wp-json\/wp\/v2\/media?parent=114163"}],"wp:term":[{"taxonomy":"category","embeddable":true,"href":"https:\/\/www.europesays.com\/fr\/wp-json\/wp\/v2\/categories?post=114163"},{"taxonomy":"post_tag","embeddable":true,"href":"https:\/\/www.europesays.com\/fr\/wp-json\/wp\/v2\/tags?post=114163"}],"curies":[{"name":"wp","href":"https:\/\/api.w.org\/{rel}","templated":true}]}}