{"id":1141678,"date":"2026-08-22T05:38:26","date_gmt":"2026-08-22T05:38:26","guid":{"rendered":"https:\/\/www.europesays.com\/fr\/1141678\/"},"modified":"2026-08-22T05:38:26","modified_gmt":"2026-08-22T05:38:26","slug":"robert-il-est-marie-avec-la-plage-depuis-soixante-ans-il-orchestre-le-volley-sur-les-plages-de-la-gueriniere","status":"publish","type":"post","link":"https:\/\/www.europesays.com\/fr\/1141678\/","title":{"rendered":"\u00ab\u00a0Robert, il est mari\u00e9 avec la plage\u00a0\u00bb\u00a0: depuis soixante ans, il orchestre le volley sur les plages de La Gu\u00e9rini\u00e8re"},"content":{"rendered":"<p>\n                Article premium,<br \/>\n                    R\u00e9serv\u00e9 aux\u00a0abonn\u00e9s\n            <\/p>\n<p class=\"su-standfirst chapeau\">Familial et convivial, c\u2019est l\u2019esprit du beach-volley pratiqu\u00e9 sur les plages de La Gu\u00e9rini\u00e8re (Vend\u00e9e) depuis 1966 et encadr\u00e9 par Robert Christien durant toutes ces ann\u00e9es.<\/p>\n<p>                                        <img decoding=\"async\" class=\"su-media\" src=\"https:\/\/media.ouest-france.fr\/v1\/pictures\/MjAyNjA4YzBhYjg4NjFmZTEwNzhlNGE5NjQxOWRjNTk0MGUxMzk?width=630&amp;height=354&amp;focuspoint=50%2C25&amp;cropresize=1&amp;client_id=bpeditorial&amp;sign=dd656c99a850a08c764e4b9a59c129dc6eb0f0151147368f7f0929a336966682\" alt=\"Robert Christien que certains adeptes du beach-volley consid\u00e8rent &quot;mari\u00e9 avec la plage&quot; depuis soixante\u00a0ans.\"  \/><\/p>\n<p>                            Robert Christien que certains adeptes du beach-volley consid\u00e8rent \u00ab\u00a0mari\u00e9 avec la plage\u00a0\u00bb depuis soixante\u00a0ans. | OUEST-FRANCE<\/p>\n<p>                            fermer<\/p>\n<ul class=\"su-row su-carrousel-container su-not-list\" data-suswipe=\"{\" rambo=\"\" .carrousel-nav-bas=\"\" .item=\"\">\n<li class=\"su-col-xs-6 su-col-md-24 carrousel-contenu su-carrousel-item\" data-ofvwidth=\"{\" mobileonly=\"\"><img decoding=\"async\" data-ofmaxheight=\"\" class=\"su-media lazyload\" alt=\"Robert Christien que certains adeptes du beach-volley consid\u00e8rent &quot;mari\u00e9 avec la plage&quot; depuis soixante\u00a0ans.\" src=\"data:image\/png;base64,iVBORw0KGgoAAAANSUhEUgAAABAAAAAJCAYAAAA7KqwyAAAAGXRFWHRTb2Z0d2FyZQBBZG9iZSBJbWFnZVJlYWR5ccllPAAAABhJREFUeNpi\/P\/\/PwMlgHHUgFEDgAAgwAD+lBrvy+NcxAAAAABJRU5ErkJggg==\" data-oflazyload=\"{&quot;srcset&quot;:&quot;https:\/\/media.ouest-france.fr\/v1\/pictures\/MjAyNjA4YzBhYjg4NjFmZTEwNzhlNGE5NjQxOWRjNTk0MGUxMzk?width=320&amp;focuspoint=50%2C25&amp;cropresize=1&amp;client_id=bpeditorial&amp;sign=cd2568ce410cfacedfe57066a2a29696fa0aefb333fc7348fa635d8fa9fb66b5 320w,https:\/\/media.ouest-france.fr\/v1\/pictures\/MjAyNjA4YzBhYjg4NjFmZTEwNzhlNGE5NjQxOWRjNTk0MGUxMzk?width=375&amp;focuspoint=50%2C25&amp;cropresize=1&amp;client_id=bpeditorial&amp;sign=b9298158c8f6dfbc3bf1cebec26d75e4bcf7f6f0c53b31c314c6437c3a7690d0 360w,https:\/\/media.ouest-france.fr\/v1\/pictures\/MjAyNjA4YzBhYjg4NjFmZTEwNzhlNGE5NjQxOWRjNTk0MGUxMzk?width=480&amp;focuspoint=50%2C25&amp;cropresize=1&amp;client_id=bpeditorial&amp;sign=b05e9749bd8461ed3addf41f7adff90e6c62bd72489186bc146dc42660f2051e 480w,https:\/\/media.ouest-france.fr\/v1\/pictures\/MjAyNjA4YzBhYjg4NjFmZTEwNzhlNGE5NjQxOWRjNTk0MGUxMzk?width=630&amp;focuspoint=50%2C25&amp;cropresize=1&amp;client_id=bpeditorial&amp;sign=a6a2692dcc58d915b1d32fda0d0ba07a0e6430ca930cc59bad7d81d6220b968b 630w,https:\/\/media.ouest-france.fr\/v1\/pictures\/MjAyNjA4YzBhYjg4NjFmZTEwNzhlNGE5NjQxOWRjNTk0MGUxMzk?width=940&amp;focuspoint=50%2C25&amp;cropresize=1&amp;client_id=bpeditorial&amp;sign=7c26efb12001823ef2abcb1557f8bf7978d09b431baed05b4a457fc237b18c52 940w,https:\/\/media.ouest-france.fr\/v1\/pictures\/MjAyNjA4YzBhYjg4NjFmZTEwNzhlNGE5NjQxOWRjNTk0MGUxMzk?width=1260&amp;focuspoint=50%2C25&amp;cropresize=1&amp;client_id=bpeditorial&amp;sign=f48b77d8934977d4816dd92e5225cbb51fea115fe89a0d5740c9a871da44eb8f 1260w&quot;}\"\/>Robert Christien que certains adeptes du beach-volley consid\u00e8rent \u00ab\u00a0mari\u00e9 avec la plage\u00a0\u00bb depuis soixante\u00a0ans. | OUEST-FRANCE<\/li>\n<\/ul>\n<p>Tous les jours de l\u2019\u00e9t\u00e9, c\u2019est le m\u00eame rituel pour Robert Christien. \u00c0 11\u00a0h, il accroche les filets aux deux terrains de volley install\u00e9s sur la plage de l\u2019Atlantique, \u00e0 La Gu\u00e9rini\u00e8re, en vend\u00e9e. Vers 21\u00a0h, il vient les retirer. Toute la journ\u00e9e, des jeunes et des moins jeunes s\u2019adonnent au plaisir du beach-volley dans ce club informel o\u00f9 partage, altruisme et bienveillance sont les seules r\u00e8gles du jeu. Un m\u00e9lange tenace, puisque ces rencontres amicales durent depuis soixante\u00a0ans. Robert, il est mari\u00e9 avec la plage\u00a0!, r\u00e9sume un joueur&#8230;<\/p>\n<p style=\"text-align: center; background-color: #dbbe4d; padding-top: 5px; padding-bottom: 5px; font-size: 14px;\"><strong>D\u00e9j\u00e0 abonn\u00e9 ? <\/strong><a data-trkartmonet=\"Identification\" data-trk-sipa=\"{\" blockcategory=\"\" paywall=\"\" href=\"http:\/\/www.ouest-france.fr\/login?redirect=https:\/\/www.ouest-france.fr\/pays-de-la-loire\/la-gueriniere-85680\/robert-il-est-marie-avec-la-plage-depuis-soixante-ans-il-orchestre-le-volley-sur-les-plages-de-la-gueriniere-5cd3bdb8-9c88-11f1-9179-4b69df350d97\" rel=\"nofollow noopener\" title=\"Se connecter \u00e0 Ouest-France\" class=\"su-link-light\" target=\"_blank\">Connectez-vous<\/a><\/p>\n<p style=\"text-align: center; padding-top: 15px; padding-bottom: 8px; vertical-align: bottom;\">bloqu\u00e9<strong> Pour lire la suite, abonnez-vous<\/strong><\/p>\n<p style=\"text-align: center;\"><strong>1er mois \u00e0 1\u20ac<\/strong><\/p>\n<p style=\"text-align: center; margin-top: -5px;\">Annulable \u00e0 tout moment<\/p>\n<p style=\"text-align: center;\">\u00a0<\/p>\n<p style=\"text-align: center;\"><a data-ida=\"\" data-trkartmonet=\"Tunnel OF+\" data-trk-sipa=\"{&#010;\" blockcategory=\"\" paywall=\"\" :=\"\" m=\"\" of=\"\" class=\"su-button su-subscription\" data-trk-bloc=\"paywall\" href=\"https:\/\/abonnement.ouest-france.fr\/tunnel\/pack-essentiel-article\/122096117101?int_medium=lien&amp;int_campaign=PWFR0225-OF&amp;int_content=page-article-payant_boutonjaune-paywall&amp;marquesource=OF&amp;rt=https:\/\/www.ouest-france.fr\/pays-de-la-loire\/la-gueriniere-85680\/robert-il-est-marie-avec-la-plage-depuis-soixante-ans-il-orchestre-le-volley-sur-les-plages-de-la-gueriniere-5cd3bdb8-9c88-11f1-9179-4b69df350d97\" rel=\"nofollow noopener\" target=\"_blank\"><strong>Je m&rsquo;abonne<\/strong><\/a><\/p>\n<p style=\"text-align: center; padding-top: 10px; padding-bottom: 10px;\"><img decoding=\"async\" src=\"https:\/\/media.ouest-france.fr\/v1\/fonts\/be7723fcee3f1866f1ce99184077fc6f-carte-bancaire.svg?height=36\" alt=\"CB\"\/>\u00a0\u00a0<img decoding=\"async\" src=\"https:\/\/media.ouest-france.fr\/v1\/fonts\/1819d54c599d8afa64539cfba4ac9dde-rib.svg?height=36\" alt=\"RIB\"\/>\u00a0\u00a0<img decoding=\"async\" src=\"https:\/\/media.ouest-france.fr\/v1\/fonts\/065fc80d7b6a03d14a834c224ce723e1-paypal.svg?height=36\" alt=\"PAYPAL\"\/><\/p>\n","protected":false},"excerpt":{"rendered":"Article premium, R\u00e9serv\u00e9 aux\u00a0abonn\u00e9s Familial et convivial, c\u2019est l\u2019esprit du beach-volley pratiqu\u00e9 sur les plages de La Gu\u00e9rini\u00e8re&hellip;\n","protected":false},"author":2,"featured_media":1141679,"comment_status":"","ping_status":"","sticky":false,"template":"","format":"standard","meta":{"footnotes":"","_share_on_mastodon":"0"},"categories":[1417],"tags":[116877,27306,1011,27,116876,103786,103782,60,1470,1469],"class_list":["post-1141678","post","type-post","status-publish","format-standard","has-post-thumbnail","category-volley","tag-barbatre","tag-beach-volley","tag-fr","tag-france","tag-la-gueriniere","tag-lepine","tag-noirmoutier-en-lile","tag-sports","tag-volley","tag-volleyball"],"share_on_mastodon":{"url":"https:\/\/pubeurope.com\/@fr\/117137555022903983","error":""},"_links":{"self":[{"href":"https:\/\/www.europesays.com\/fr\/wp-json\/wp\/v2\/posts\/1141678","targetHints":{"allow":["GET"]}}],"collection":[{"href":"https:\/\/www.europesays.com\/fr\/wp-json\/wp\/v2\/posts"}],"about":[{"href":"https:\/\/www.europesays.com\/fr\/wp-json\/wp\/v2\/types\/post"}],"author":[{"embeddable":true,"href":"https:\/\/www.europesays.com\/fr\/wp-json\/wp\/v2\/users\/2"}],"replies":[{"embeddable":true,"href":"https:\/\/www.europesays.com\/fr\/wp-json\/wp\/v2\/comments?post=1141678"}],"version-history":[{"count":0,"href":"https:\/\/www.europesays.com\/fr\/wp-json\/wp\/v2\/posts\/1141678\/revisions"}],"wp:featuredmedia":[{"embeddable":true,"href":"https:\/\/www.europesays.com\/fr\/wp-json\/wp\/v2\/media\/1141679"}],"wp:attachment":[{"href":"https:\/\/www.europesays.com\/fr\/wp-json\/wp\/v2\/media?parent=1141678"}],"wp:term":[{"taxonomy":"category","embeddable":true,"href":"https:\/\/www.europesays.com\/fr\/wp-json\/wp\/v2\/categories?post=1141678"},{"taxonomy":"post_tag","embeddable":true,"href":"https:\/\/www.europesays.com\/fr\/wp-json\/wp\/v2\/tags?post=1141678"}],"curies":[{"name":"wp","href":"https:\/\/api.w.org\/{rel}","templated":true}]}}