{"id":11417,"date":"2025-04-09T00:12:13","date_gmt":"2025-04-09T00:12:13","guid":{"rendered":"https:\/\/www.europesays.com\/fr\/11417\/"},"modified":"2025-04-09T00:12:13","modified_gmt":"2025-04-09T00:12:13","slug":"elodie-villemus-choquee-par-le-comportement-du-marie-dans-4-mariages-pour-une-lune-de-miel","status":"publish","type":"post","link":"https:\/\/www.europesays.com\/fr\/11417\/","title":{"rendered":"\u00c9lodie Villemus choqu\u00e9e par le comportement du mari\u00e9 dans 4 mariages pour une lune de miel"},"content":{"rendered":"<p>Cela faisait 5 ans que le programme n\u2019avait pas \u00e9t\u00e9 \u00e0 l\u2019antenne sur TF1. Lanc\u00e9 en 2011, 4 mariages pour une lune de miel met en sc\u00e8ne quatre jeunes mari\u00e9es, qui assistent aux mariages les unes des autres et donnent une note \u00e0 la robe de mari\u00e9e, \u00e0 la d\u00e9coration, au repas et \u00e0 l\u2019ambiance. \u00c0 la fin de la semaine, les mari\u00e9es se retrouvent lors de la finale, o\u00f9 les r\u00e9sultats sont d\u00e9voil\u00e9s pour savoir qui a remport\u00e9 une lune de miel tous frais pay\u00e9s. La pr\u00e9sentatrice accorde elle aussi une note. Cet \u00e9pisode est souvent le th\u00e9\u00e2tre de r\u00e8glements de comptes. Mais pour ce premier chapitre, il n\u2019y a pas eu besoin d\u2019attendre la divulgation des notes pour qu&rsquo;\u00c9lodie Villemus soit choqu\u00e9e. D\u00e8s le d\u00e9but de la c\u00e9r\u00e9monie, l\u2019organisatrice de mariages a paru \u00e9tonn\u00e9e par la mise en sc\u00e8ne de ce jour particulier puisque le mari\u00e9 est arriv\u00e9 apr\u00e8s la mari\u00e9e \u00e0 la mairie et a fait une entr\u00e9e tr\u00e8s remarqu\u00e9e sur le parking \u00e0 bord d\u2019une voiture de course arm\u00e9e d\u2019un gyrophare et de fumig\u00e8nes. \u00ab\u00a0C\u2019est le 14 juillet\u00a0\u00bb, a-t-elle d\u2019abord not\u00e9. Mais c\u2019est au moment o\u00f9 le couple a fait son entr\u00e9e dans la salle de r\u00e9ception qu\u2019\u00c9lodie Villemus a hallucin\u00e9 du comportement du jeune homme. Ce dernier avait, en effet, \u00e0 la main un micro pour animer la r\u00e9ception et s\u2019est pr\u00e9sent\u00e9, lui et son \u00e9pouse. \u00ab\u00a0Mais il est ma\u00eetre de c\u00e9r\u00e9monie, il est mari\u00e9, il est tout ce soir ? Je te mets un carton rouge. Tu ne peux pas faire \u00e7a. Profite de ton jour !\u00a0\u00bb, a-t-elle d\u00e9clar\u00e9, avant d\u2019ajouter, visiblement d\u00e9concert\u00e9e, mais rigolant de la (&#8230;)<\/p>\n<p>(&#8230;) <a href=\"https:\/\/www.femmeactuelle.fr\/actu\/news-actu\/ah-ca-je-nai-jamais-vu-elodie-villemus-choquee-par-le-comportement-du-marie-dans-4-mariages-pour-une-lune-de-miel-2190615\" rel=\"nofollow noopener\" target=\"_blank\" data-ylk=\"slk:Cliquez ici pour voir la suite;elm:context_link;itc:0;sec:content-canvas\" class=\"link \">Cliquez ici pour voir la suite<\/a><\/p>\n<p><a href=\"https:\/\/www.femmeactuelle.fr\/actu\/news-actu\/je-ne-m-attendais-pas-du-tout-a-ca-karell-choquee-par-l-attitude-tres-rentre-dedans-son-pretendant-dans-le-prochain-episode-de-l-amour-est-dans-le-pre-2181776\" rel=\"nofollow noopener\" target=\"_blank\" data-ylk=\"slk:&quot;Je ne m&#039;attendais pas du tout \u00e0 \u00e7a&quot; : Karell choqu\u00e9e par l&#039;attitude tr\u00e8s rentre-dedans son pr\u00e9tendant dans le prochain \u00e9pisode de &quot;L&#039;amour est dans le pr\u00e9&quot;;elm:context_link;itc:0;sec:content-canvas\" class=\"link \">\u00ab\u00a0Je ne m&rsquo;attendais pas du tout \u00e0 \u00e7a\u00a0\u00bb : Karell choqu\u00e9e par l&rsquo;attitude tr\u00e8s rentre-dedans son pr\u00e9tendant dans le prochain \u00e9pisode de \u00ab\u00a0L&rsquo;amour est dans le pr\u00e9\u00a0\u00bb<\/a><br \/><a href=\"https:\/\/www.femmeactuelle.fr\/actu\/news-actu\/je-ne-lai-jamais-vu-debrancher-brigitte-macron-defend-son-mari-et-estime-quil-merite-le-respect-2186495\" rel=\"nofollow noopener\" target=\"_blank\" data-ylk=\"slk:&quot;Je ne l\u2019ai jamais vu d\u00e9brancher&quot; : Brigitte Macron d\u00e9fend son mari et estime qu\u2019il &quot;m\u00e9rite le respect&quot;;elm:context_link;itc:0;sec:content-canvas\" class=\"link \">\u00ab\u00a0Je ne l\u2019ai jamais vu d\u00e9brancher\u00a0\u00bb : Brigitte Macron d\u00e9fend son mari et estime qu\u2019il \u00ab\u00a0m\u00e9rite le respect\u00a0\u00bb<\/a><br \/><a href=\"https:\/\/www.femmeactuelle.fr\/actu\/news-actu\/ca-m-accable-faustine-bollaert-choquee-par-le-temoignage-dun-ancien-cocainomane-2188415\" rel=\"nofollow noopener\" target=\"_blank\" data-ylk=\"slk:&quot;\u00c7a m&#039;accable&quot; : Faustine Bollaert choqu\u00e9e par le t\u00e9moignage d\u2019un ancien coca\u00efnomane;elm:context_link;itc:0;sec:content-canvas\" class=\"link \">\u00ab\u00a0\u00c7a m&rsquo;accable\u00a0\u00bb : Faustine Bollaert choqu\u00e9e par le t\u00e9moignage d\u2019un ancien coca\u00efnomane<\/a><br \/><a href=\"https:\/\/www.femmeactuelle.fr\/actu\/news-actu\/cest-flippant-tres-grave-estelle-lefebure-choquee-par-le-comportement-de-certaines-jeunes-femmes-avec-une-pratique-tres-courante-2187588\" rel=\"nofollow noopener\" target=\"_blank\" data-ylk=\"slk:&quot;C\u2019est flippant, tr\u00e8s grave&quot; : Estelle Lef\u00e9bure choqu\u00e9e par le comportement de certaines jeunes femmes avec une pratique tr\u00e8s courante;elm:context_link;itc:0;sec:content-canvas\" class=\"link \">\u00ab\u00a0C\u2019est flippant, tr\u00e8s grave\u00a0\u00bb : Estelle Lef\u00e9bure choqu\u00e9e par le comportement de certaines jeunes femmes avec une pratique tr\u00e8s courante<\/a><br \/><a href=\"https:\/\/www.femmeactuelle.fr\/actu\/news-actu\/je-nai-jamais-eu-mal-comme-ca-alexandra-rosenfeld-hospitalisee-en-urgence-donne-de-ses-nouvelles-2178641\" rel=\"nofollow noopener\" target=\"_blank\" data-ylk=\"slk:&quot;Je n\u2019ai jamais eu mal comme \u00e7a&quot; : Alexandra Rosenfeld, hospitalis\u00e9e en urgence, donne de ses nouvelles;elm:context_link;itc:0;sec:content-canvas\" class=\"link \">\u00ab\u00a0Je n\u2019ai jamais eu mal comme \u00e7a\u00a0\u00bb : Alexandra Rosenfeld, hospitalis\u00e9e en urgence, donne de ses nouvelles<\/a><\/p>\n","protected":false},"excerpt":{"rendered":"Cela faisait 5 ans que le programme n\u2019avait pas \u00e9t\u00e9 \u00e0 l\u2019antenne sur TF1. Lanc\u00e9 en 2011, 4&hellip;\n","protected":false},"author":2,"featured_media":11418,"comment_status":"","ping_status":"","sticky":false,"template":"","format":"standard","meta":{"footnotes":""},"categories":[1356],"tags":[5445,58,59,1011,27,5446,5444,252,199,1364],"class_list":{"0":"post-11417","1":"post","2":"type-post","3":"status-publish","4":"format-standard","5":"has-post-thumbnail","7":"category-television","8":"tag-4-mariages-pour-une-lune-de-miel","9":"tag-divertissement","10":"tag-entertainment","11":"tag-fr","12":"tag-france","13":"tag-le-14-juillet","14":"tag-maitre-de-ceremonie","15":"tag-television","16":"tag-tf1","17":"tag-tv"},"share_on_mastodon":{"url":"https:\/\/pubeurope.com\/@fr\/114305115359938879","error":""},"_links":{"self":[{"href":"https:\/\/www.europesays.com\/fr\/wp-json\/wp\/v2\/posts\/11417","targetHints":{"allow":["GET"]}}],"collection":[{"href":"https:\/\/www.europesays.com\/fr\/wp-json\/wp\/v2\/posts"}],"about":[{"href":"https:\/\/www.europesays.com\/fr\/wp-json\/wp\/v2\/types\/post"}],"author":[{"embeddable":true,"href":"https:\/\/www.europesays.com\/fr\/wp-json\/wp\/v2\/users\/2"}],"replies":[{"embeddable":true,"href":"https:\/\/www.europesays.com\/fr\/wp-json\/wp\/v2\/comments?post=11417"}],"version-history":[{"count":0,"href":"https:\/\/www.europesays.com\/fr\/wp-json\/wp\/v2\/posts\/11417\/revisions"}],"wp:featuredmedia":[{"embeddable":true,"href":"https:\/\/www.europesays.com\/fr\/wp-json\/wp\/v2\/media\/11418"}],"wp:attachment":[{"href":"https:\/\/www.europesays.com\/fr\/wp-json\/wp\/v2\/media?parent=11417"}],"wp:term":[{"taxonomy":"category","embeddable":true,"href":"https:\/\/www.europesays.com\/fr\/wp-json\/wp\/v2\/categories?post=11417"},{"taxonomy":"post_tag","embeddable":true,"href":"https:\/\/www.europesays.com\/fr\/wp-json\/wp\/v2\/tags?post=11417"}],"curies":[{"name":"wp","href":"https:\/\/api.w.org\/{rel}","templated":true}]}}