{"id":1141845,"date":"2026-08-22T07:58:22","date_gmt":"2026-08-22T07:58:22","guid":{"rendered":"https:\/\/www.europesays.com\/fr\/1141845\/"},"modified":"2026-08-22T07:58:22","modified_gmt":"2026-08-22T07:58:22","slug":"les-nouveaux-visages-de-lyon-adrien-leduc-le-seigneur-des-anneaux","status":"publish","type":"post","link":"https:\/\/www.europesays.com\/fr\/1141845\/","title":{"rendered":"Les nouveaux visages de Lyon. Adrien Leduc, le seigneur des anneaux"},"content":{"rendered":"<p>\t\t\t\t<img fetchpriority=\"high\" decoding=\"async\" width=\"900\" height=\"600\" src=\"https:\/\/www.europesays.com\/fr\/wp-content\/uploads\/2026\/08\/01-Adrien-Leduc.jpg\" alt=\"\" title=\"01 Adrien Leduc\"   class=\"wp-image-180075\"\/><\/p>\n<p><strong>Texte\u00a0: Morgan Couturier \u2013<\/strong> Artisan joaillier pass\u00e9 par de grandes maisons, Adrien Leduc a choisi de se lancer \u00e0 son compte, anim\u00e9 par cette envie de cr\u00e9er et d\u2019\u00e9pouser les demandes de ses clients. Des cr\u00e9ations sur mesure qu\u2019il prend autant plaisir \u00e0 fa\u00e7onner qu\u2019\u00e0 offrir. Avec lui, aucune limite, le public \u00ab\u00a0peut lui demander n\u2019importe quoi\u00a0\u00bb.<\/p>\n<p>Puisqu\u2019il est de bon ton de remettre de vieux classiques au go\u00fbt du jour, visiter le site internet de la Maison Leduc, c\u2019est un peu revenir au d\u00e9but des ann\u00e9es 2000 et aux souvenirs de Gollum s\u2019enthousiasmant devant son \u00ab pr\u00e9cieux \u00bb. Deux d\u00e9cennies plus tard, la Terre du Milieu est \u00e0 trouver entre Rh\u00f4ne et Sa\u00f4ne avec dans le r\u00f4le du personnage principal, un acteur en vogue : <strong>Adrien Leduc<\/strong>.<\/p>\n<p><a href=\"https:\/\/www.lyonpeople.com\/?attachment_id=180076\" rel=\"attachment wp-att-180076 nofollow noopener\" target=\"_blank\"><img loading=\"lazy\" decoding=\"async\" class=\"alignnone size-full wp-image-180076\" src=\"data:image\/svg+xml,%3Csvg%20xmlns=\" http:=\"\" alt=\"\" width=\"900\" height=\"608\" data-lazy- data-lazy- data-lazy-src=\"https:\/\/www.europesays.com\/fr\/wp-content\/uploads\/2026\/08\/IMG_0403.jpg\"\/><\/a><\/p>\n<p>Comme Frodon Sacquet avant lui, le Lyonnais a su lui aussi cr\u00e9er sa communaut\u00e9 de l\u2019anneau, en l\u2019agrandissant au passage aux pendentifs et autres chevali\u00e8res. Viennent ensuite ces pierres et ces diamants qui font scintiller les yeux et briller les corps de ceux qui les portent. Un art \u00e0 part, poli depuis le plus jeune \u00e2ge, le hasard voulant que l\u2019int\u00e9ress\u00e9 grandisse du c\u00f4t\u00e9 de Saint-Amand-Montrond. La \u00ab\u00a0cit\u00e9 de l\u2019or\u00a0\u00bb.<\/p>\n<p>Une ville surtout connue pour le prestige du p\u00f4le bijouterie de son lyc\u00e9e professionnel Jean Gu\u00e9henno. Alors \u00e0 l\u2019heure de dessiner son futur, Adrien Leduc trouva rapidement sa voie. \u00ab\u00a0J\u2019avais envie de refaire ce que je voyais en boutique\u00a0\u00bb, explique-t-il \u00e0 l\u2019heure de rouvrir le tiroir de ses souvenirs. Grand bien lui prit\u00a0: sur les bancs de l\u2019\u00e9cole, l\u2019attachant Lyonnais put travailler son sens du d\u00e9tail et de la cr\u00e9ativit\u00e9.<\/p>\n<p><strong>Entre 10 et 15 cr\u00e9ations par mois<\/strong><\/p>\n<p>\u00ab\u00a0Il faut une belle qualit\u00e9\u00a0\u00bb, aime-t-il \u00e0 r\u00e9p\u00e9ter, son exigence l\u2019amenant m\u00eame parfois \u00e0 reprendre des pi\u00e8ces pourtant en voie de finition. \u00ab\u00a0Si un bijou ne me pla\u00eet pas \u00e0 moi, je ne vais pas le sortir. Pire, s\u2019ils ne disent pas whaouh en le voyant, je le reprends\u00a0\u00bb, plaisante-t-il, non sans une once de v\u00e9rit\u00e9. \u00ab\u00a0Il n\u2019y a pas tr\u00e8s longtemps, j\u2019ai dit \u00e0 un client que je n\u2019\u00e9tais pas satisfait \u00e0 100% du r\u00e9sultat alors j\u2019ai refait le bijou\u00a0\u00bb, glisse-t-il, le joaillier aimant joindre ses acheteurs au processus de conception. \u00ab\u00a0C\u2019est une co-cr\u00e9ation avec la personne. Il y a un vrai sens dans ce que l\u2019on fait. J\u2019explique \u00e9norm\u00e9ment le fond de ma r\u00e9flexion et petit \u00e0 petit, le client se prend au jeu du sur mesure\u00a0\u00bb, mentionne le jeune homme de 26 ans.<\/p>\n<p><a href=\"https:\/\/www.lyonpeople.com\/?attachment_id=180077\" rel=\"attachment wp-att-180077 nofollow noopener\" target=\"_blank\"><img loading=\"lazy\" decoding=\"async\" class=\"alignnone size-full wp-image-180077\" src=\"data:image\/svg+xml,%3Csvg%20xmlns=\" http:=\"\" alt=\"\" width=\"900\" height=\"657\" data-lazy- data-lazy- data-lazy-src=\"https:\/\/www.europesays.com\/fr\/wp-content\/uploads\/2026\/08\/IMG_0827.jpg\"\/><\/a><\/p>\n<p>Une pr\u00e9cision d\u2019orf\u00e8vre qu\u2019Adrien Leduc doit s\u00fbrement \u00e0 son pass\u00e9 de salari\u00e9, le Lyonnais ayant eu le privil\u00e8ge d\u2019int\u00e9grer le prestigieux groupe Richemont. Engag\u00e9 comme sous-traitant, le cr\u00e9ateur eut alors l\u2019opportunit\u00e9 de se faire la main sur des bijoux haut de gamme, griff\u00e9s Van Cleef, Dior ou Herm\u00e8s. Et tr\u00e8s vite, les qualit\u00e9s de l\u2019artisan furent rep\u00e9r\u00e9es, jusqu\u2019\u00e0 taper dans l\u2019\u0153il d\u2019une grande maison fran\u00e7aise\u00a0: Cartier. \u00ab\u00a0En 2023, ils me contactent sur Linkedin en disant qu\u2019ils ont entendu parler de moi. Quand on discute, je d\u00e9couvre m\u00eame qu\u2019ils connaissent tout de moi\u00a0\u00bb, expose-t-il.<\/p>\n<p><a href=\"https:\/\/www.lyonpeople.com\/?attachment_id=180078\" rel=\"attachment wp-att-180078 nofollow noopener\" target=\"_blank\"><img loading=\"lazy\" decoding=\"async\" class=\"alignnone size-full wp-image-180078\" src=\"data:image\/svg+xml,%3Csvg%20xmlns=\" http:=\"\" alt=\"\" width=\"900\" height=\"684\" data-lazy- data-lazy- data-lazy-src=\"https:\/\/www.europesays.com\/fr\/wp-content\/uploads\/2026\/08\/IMG_1222.jpg\"\/><\/a><\/p>\n<p>Quelques jours plus tard, la silhouette d\u2019Adrien Leduc rejoint les beaux quartiers parisiens, le joaillier \u00e9tant missionn\u00e9 pour imaginer les nouvelles pi\u00e8ces du g\u00e9ant tricolore. \u00ab\u00a0Je me dis que c\u2019est trop bien, que c\u2019est ma place\u00a0\u00bb, raconte-t-il encore. Pourtant, un mois plus tard, au grand dam de ses parents, le Lyonnais d\u00e9cide de claquer la porte.<\/p>\n<p>\u00ab\u00a0J\u2019avais un rythme de vie trop calme. J\u2019avais l\u2019impression de m\u2019endormir. J\u2019en voulais plus. C\u2019\u00e9tait tout ce que je r\u00eavais d\u2019avoir et finalement, je me suis dit que je n\u2019avais pas envie de \u00e7a. J\u2019adore fabriquer, mais il me manquait un morceau d\u2019\u00e2me\u00a0\u00bb, avoue l\u2019int\u00e9ress\u00e9. Alors au d\u00e9tour d\u2019un week-end \u00e0 Disney, la magie Cartier fut effac\u00e9e, rang\u00e9e derri\u00e8re l\u2019ambition de se lancer en solitaire.<\/p>\n<p><strong>Du sur mesure avant l\u2019arriv\u00e9e future de collections de bijoux<\/strong><\/p>\n<p>\u00ab\u00a0Si Cartier me disait que j\u2019avais des qualit\u00e9s alors pourquoi ne pas les utiliser \u00e0 mon compte. Je n\u2019avais qu\u2019une id\u00e9e en t\u00eate\u00a0: investir dans des machines chez moi, avec mes qualit\u00e9s et mes timings\u00a0\u00bb, poursuit-il.<\/p>\n<p>Ainsi naquit Maison Leduc, les premiers clients, souvent en BtoB, avant que ceux-ci ne deviennent progressivement des particuliers. \u00ab\u00a0Le bouche \u00e0 oreille a \u00e9t\u00e9 \u00e9norme\u00a0\u00bb, avoue-t-il. Depuis, ses cr\u00e9ations 100% lyonnaises font le bonheur de ceux qui osent confier leurs r\u00eaves. De quoi \u00e9mouvoir ce passionn\u00e9, anim\u00e9 par l\u2019envie de \u00ab\u00a0cr\u00e9er une bulle de positivit\u00e9\u00a0\u00bb.<\/p>\n<p><a href=\"https:\/\/www.lyonpeople.com\/?attachment_id=180079\" rel=\"attachment wp-att-180079 nofollow noopener\" target=\"_blank\"><img loading=\"lazy\" decoding=\"async\" class=\"alignnone size-full wp-image-180079\" src=\"data:image\/svg+xml,%3Csvg%20xmlns=\" http:=\"\" alt=\"\" width=\"900\" height=\"670\" data-lazy- data-lazy- data-lazy-src=\"https:\/\/www.europesays.com\/fr\/wp-content\/uploads\/2026\/08\/IMG_1353.jpg\"\/><\/a><\/p>\n<p>\u00ab\u00a0\u00c0 chaque fois qu\u2019un client regarde son bijou, je veux qu\u2019il se souvienne d\u2019un bon moment, qu\u2019il soit fier de le montrer\u00a0\u00bb, argue Adrien Leduc. Son travail renvoie alors r\u00e9guli\u00e8rement \u00e0 des instants magiques, \u00e0 des fian\u00e7ailles et autres mariages o\u00f9 sa cr\u00e9ativit\u00e9 se glisse lentement au doigt d\u2019un couple. Dans l\u2019ombre de cet instant, un homme se d\u00e9lecte de cette satisfaction. Un vrai seigneur\u2026 des anneaux en quelque sorte.<\/p>\n","protected":false},"excerpt":{"rendered":"Texte\u00a0: Morgan Couturier \u2013 Artisan joaillier pass\u00e9 par de grandes maisons, Adrien Leduc a choisi de se lancer&hellip;\n","protected":false},"author":2,"featured_media":1141846,"comment_status":"","ping_status":"","sticky":false,"template":"","format":"standard","meta":{"footnotes":"","_share_on_mastodon":"0"},"categories":[1889],"tags":[4257,1111,47,4258,11,116887,2430,1777,674,1011,27,2428,116888,12,25],"class_list":["post-1141845","post","type-post","status-publish","format-standard","has-post-thumbnail","category-lyon","tag-0top","tag-actu","tag-actualite","tag-actualite-lyon","tag-actualites","tag-adrien-leduc","tag-auvergne-rhone-alpes","tag-eu","tag-europe","tag-fr","tag-france","tag-lyon","tag-maison-leduc","tag-news","tag-republique-francaise"],"share_on_mastodon":{"url":"https:\/\/pubeurope.com\/@fr\/117138105524343497","error":""},"_links":{"self":[{"href":"https:\/\/www.europesays.com\/fr\/wp-json\/wp\/v2\/posts\/1141845","targetHints":{"allow":["GET"]}}],"collection":[{"href":"https:\/\/www.europesays.com\/fr\/wp-json\/wp\/v2\/posts"}],"about":[{"href":"https:\/\/www.europesays.com\/fr\/wp-json\/wp\/v2\/types\/post"}],"author":[{"embeddable":true,"href":"https:\/\/www.europesays.com\/fr\/wp-json\/wp\/v2\/users\/2"}],"replies":[{"embeddable":true,"href":"https:\/\/www.europesays.com\/fr\/wp-json\/wp\/v2\/comments?post=1141845"}],"version-history":[{"count":0,"href":"https:\/\/www.europesays.com\/fr\/wp-json\/wp\/v2\/posts\/1141845\/revisions"}],"wp:featuredmedia":[{"embeddable":true,"href":"https:\/\/www.europesays.com\/fr\/wp-json\/wp\/v2\/media\/1141846"}],"wp:attachment":[{"href":"https:\/\/www.europesays.com\/fr\/wp-json\/wp\/v2\/media?parent=1141845"}],"wp:term":[{"taxonomy":"category","embeddable":true,"href":"https:\/\/www.europesays.com\/fr\/wp-json\/wp\/v2\/categories?post=1141845"},{"taxonomy":"post_tag","embeddable":true,"href":"https:\/\/www.europesays.com\/fr\/wp-json\/wp\/v2\/tags?post=1141845"}],"curies":[{"name":"wp","href":"https:\/\/api.w.org\/{rel}","templated":true}]}}