{"id":114185,"date":"2025-05-20T11:27:08","date_gmt":"2025-05-20T11:27:08","guid":{"rendered":"https:\/\/www.europesays.com\/fr\/114185\/"},"modified":"2025-05-20T11:27:08","modified_gmt":"2025-05-20T11:27:08","slug":"pour-cause-de-vidange-annuelle-les-bains-municipaux-vont-devoir-fermer-le-mois-prochain","status":"publish","type":"post","link":"https:\/\/www.europesays.com\/fr\/114185\/","title":{"rendered":"pour cause de vidange annuelle, les Bains municipaux vont devoir fermer le mois prochain"},"content":{"rendered":"<p>            Par<br \/>\n        <strong><br \/>\n            <a href=\"https:\/\/actu.fr\/auteur\/margot-fournie\" title=\"Consulter tous les articles de Margot Fournie\" target=\"_blank\" rel=\"noopener\">Margot Fournie<\/a><br \/>\n        <\/strong><\/p>\n<p>        Publi\u00e9 le<\/p>\n<p>            20 mai 2025 \u00e0 12h50        <\/p>\n<p>Les <a href=\"https:\/\/actu.fr\/grand-est\/strasbourg_67482\/bon-plan-a-strasbourg-les-bains-municipaux-vont-proposer-un-tarif-special-en-fevrier_62136906.html\" target=\"_blank\" rel=\"noopener\">Bains municipaux de Strasbourg<\/a>, lieu pris\u00e9 par les amateurs de baln\u00e9oth\u00e9rapie, de d\u00e9tente, va fermer le mois prochain.<\/p>\n<p class=\" wall-content\">Du 20\u00a0juin au 2\u00a0juillet inclus, va se tenir la <strong>vidange annuelle des bassins<\/strong>. C\u2019est ce qu\u2019a communiqu\u00e9 la direction du lieu dans un post <a href=\"https:\/\/actu.fr\/tag\/facebook\" target=\"_blank\" rel=\"noopener\">Facebook<\/a>.<\/p>\n<p>La salle de musculation restera accessible<\/p>\n<p class=\" wall-content\">Les bassins seront ferm\u00e9s au public. Et <strong>la nocturne<\/strong> qui \u00e9tait pr\u00e9vue le soir <strong>du 20\u00a0juin<\/strong> est <strong>annul\u00e9e<\/strong>.<\/p>\n<p>    <a href=\"https:\/\/www.facebook.com\/plugins\/post.php?href=https%3A%2F%2Fwww.facebook.com%2Fbainsmunicipauxstrasbourg%2Fposts%2Fpfbid02QufBHynACS2gsPTvz1cLcJ71zS768gZQm8UxaRnFqn1PnF6pSyeLY1uVLbcbDuP6l&amp;show_text=true&amp;width=350\" title=\"Ouvrie le lien\" target=\"_blank\" rel=\"noopener\">Cliquez ici pour visualiser le contenu<\/a><\/p>\n<p class=\" wall-content\">Mais \u00ab\u2009la salle de musculation de l\u2019<a href=\"https:\/\/actu.fr\/grand-est\/strasbourg_67482\/c-est-enorme-les-bains-municipaux-de-strasbourg-augmentent-de-100-l-abonnement-fitness-annuel_62080286.html\" target=\"_blank\" rel=\"noopener\">espace fitness<\/a> restera ouverte, tous les jours, de 9h \u00e0 19h\u2009\u00bb, peut-on lire dans le post. Il y est \u00e9galement indiqu\u00e9 qu\u2019il \u00ab\u2009n\u2019y aura <strong>aucun cours de fitness<\/strong> du 21\u00a0juin au 29 inclus.\u2009\u00bb<\/p>\n<p>Vid\u00e9os : en ce moment sur Actu<\/p>\n<p class=\" wall-content\">Suivez toute l\u2019actualit\u00e9 de vos villes et m\u00e9dias favoris en vous inscrivant \u00e0 <a href=\"https:\/\/moncompte.actu.fr\" title=\"D\u00e9couvez Mon Actu\" rel=\"nofollow noopener\" data-trk=\"{&quot;cta&quot;:{&quot;action&quot;:&quot;https:\\\/\\\/moncompte.actu.fr&quot;,&quot;category&quot;:&quot;mon compte&quot;,&quot;from&quot;:&quot;article footer&quot;,&quot;name&quot;:&quot;Mon actu&quot;,&quot;type&quot;:&quot;cta&quot;}}\" target=\"_blank\">Mon Actu<\/a>.<\/p>\n","protected":false},"excerpt":{"rendered":"Par Margot Fournie Publi\u00e9 le 20 mai 2025 \u00e0 12h50 Les Bains municipaux de Strasbourg, lieu pris\u00e9 par&hellip;\n","protected":false},"author":2,"featured_media":114186,"comment_status":"","ping_status":"","sticky":false,"template":"","format":"standard","meta":{"footnotes":""},"categories":[2820],"tags":[1111,11,4983,1777,674,1011,27,775,12,25,104,640],"class_list":{"0":"post-114185","1":"post","2":"type-post","3":"status-publish","4":"format-standard","5":"has-post-thumbnail","7":"category-strasbourg","8":"tag-actu","9":"tag-actualites","10":"tag-bien-etre","11":"tag-eu","12":"tag-europe","13":"tag-fr","14":"tag-france","15":"tag-grand-est","16":"tag-news","17":"tag-republique-francaise","18":"tag-societe","19":"tag-strasbourg"},"share_on_mastodon":{"url":"https:\/\/pubeurope.com\/@fr\/114539924274621542","error":""},"_links":{"self":[{"href":"https:\/\/www.europesays.com\/fr\/wp-json\/wp\/v2\/posts\/114185","targetHints":{"allow":["GET"]}}],"collection":[{"href":"https:\/\/www.europesays.com\/fr\/wp-json\/wp\/v2\/posts"}],"about":[{"href":"https:\/\/www.europesays.com\/fr\/wp-json\/wp\/v2\/types\/post"}],"author":[{"embeddable":true,"href":"https:\/\/www.europesays.com\/fr\/wp-json\/wp\/v2\/users\/2"}],"replies":[{"embeddable":true,"href":"https:\/\/www.europesays.com\/fr\/wp-json\/wp\/v2\/comments?post=114185"}],"version-history":[{"count":0,"href":"https:\/\/www.europesays.com\/fr\/wp-json\/wp\/v2\/posts\/114185\/revisions"}],"wp:featuredmedia":[{"embeddable":true,"href":"https:\/\/www.europesays.com\/fr\/wp-json\/wp\/v2\/media\/114186"}],"wp:attachment":[{"href":"https:\/\/www.europesays.com\/fr\/wp-json\/wp\/v2\/media?parent=114185"}],"wp:term":[{"taxonomy":"category","embeddable":true,"href":"https:\/\/www.europesays.com\/fr\/wp-json\/wp\/v2\/categories?post=114185"},{"taxonomy":"post_tag","embeddable":true,"href":"https:\/\/www.europesays.com\/fr\/wp-json\/wp\/v2\/tags?post=114185"}],"curies":[{"name":"wp","href":"https:\/\/api.w.org\/{rel}","templated":true}]}}