{"id":114187,"date":"2025-05-20T11:28:08","date_gmt":"2025-05-20T11:28:08","guid":{"rendered":"https:\/\/www.europesays.com\/fr\/114187\/"},"modified":"2025-05-20T11:28:08","modified_gmt":"2025-05-20T11:28:08","slug":"cyclisme-route-le-defi-velo-de-paris-a-strasbourg-un-relai-de-facteurs-du-19-au-23-mai","status":"publish","type":"post","link":"https:\/\/www.europesays.com\/fr\/114187\/","title":{"rendered":"Cyclisme. Route &#8211; Le D\u00e9fi V\u00e9lo de Paris \u00e0 Strasbourg&#8230; un relai de facteurs du 19 au 23 mai"},"content":{"rendered":"<p>A l\u2019occasion de l\u2019op\u00e9ration nationale <strong>\u00ab\u00a0Mai \u00e0 V\u00e9lo\u00a0\u00bb<\/strong>, <strong>La Poste<\/strong> renforce son engagement en faveur de la mobilit\u00e9 douce en organisant un relais cycliste entre Paris et Strasbourg, en partenariat avec la F\u00e9d\u00e9ration des Usag\u00e8res et des Usagers de la Bicyclette (<strong>FUB<\/strong>). Ce d\u00e9fi, qui se d\u00e9roulera la semaine du 19 mai, mobilisera des facteurs et des factrices cyclistes venant de toute la France pour parcourir pr\u00e8s de 500 km en cinq jours. Depuis 140 ans, La Poste utilise la bicyclette pour la distribution du courrier. Aujourd\u2019hui encore, les facteurs parcourent quotidiennement 144 000 km \u00e0 v\u00e9lo \u00e0 travers la France, soit 3,5 tours de la Terre. Avec l\u2019essor de la cyclo-logistique et des livraisons \u00e0 v\u00e9lo, La Poste s\u2019associe \u00e0 la F\u00e9d\u00e9ration des Usagers de la Bicyclette (FUB) pour promouvoir l\u2019usage quotidien du v\u00e9lo, encourager des conditions de circulation plus s\u00fbres et un partage apais\u00e9 de la route.<\/p>\n<p>Vid\u00e9o &#8211; Laurent Jalabert soutien cette initiative Lire la suite de l&rsquo;article&#13;<\/p>\n<p>\u00a0<\/p>\n<p>&#13;<br \/>\n<strong>Un parcours en relais&#8230; et Laurent Jalabert en soutien !<\/strong>&#13;<\/p>\n<p>Le relais Paris-Strasbourg, organis\u00e9 avec la <strong>FUB<\/strong>, sera effectu\u00e9 par \u00e9quipes de quatre facteurs se relayant sur quatre tron\u00e7ons quotidiens. L\u2019objectif : d\u00e9montrer l\u2019importance du v\u00e9lo comme mode de d\u00e9placement durable et sensibiliser la population \u00e0 la s\u00e9curit\u00e9 routi\u00e8re en d\u00e9non\u00e7ant les incivilit\u00e9s. Ce parcours embl\u00e9matique partira de la mairie de Paris centre le 19 mai, le coup d\u2019envoi sera donn\u00e9 par <strong>Philippe Dorge<\/strong>, directeur g\u00e9n\u00e9ral adjoint du groupe <strong>La Poste<\/strong> en charge de la branche Services-Courrier-Colis, pour rejoindre la place Broggli \u00e0 Strasbourg le 23 mai, si\u00e8ge de la FUB. Des actions de sensibilisation du public seront propos\u00e9es tout au long du trajet. Des rencontres sont \u00e9galement mises en place avec les \u00e9lus.<\/p>\n<p>&#13;<\/p>\n<p>Et un soutien de poids\u00a0: <strong><a href=\"https:\/\/www.cyclismactu.net\/..\/news-triathlon-route-laurent-jalabert-champion-du-monde-de-ironman-nice-77337.html\" target=\"_blank\" rel=\"noopener\">Laurent Jalabert<\/a><\/strong>, l\u00e9gende du cyclisme a d\u00e9cid\u00e9 de s\u2019allier \u00e0 cette cause ch\u00e8re \u00e0 tous les cyclistes.\u00a0\u00ab\u00a0Je soutiens l\u2019initiative de La Poste et je vous invite \u00e0 respecter rigoureusement ces r\u00e8gles de s\u00e9curit\u00e9 pour vivre comme moi votre passion du v\u00e9lo pour un partage apais\u00e9 de la route. Tous en selle.\u00a0\u00bb<\/p>\n<p>&#13;<\/p>\n<p>Les facteurs parcourront \u00e0 v\u00e9lo cinq \u00e9tapes cl\u00e9s du 19 au 23 mai depuis Paris jusqu\u2019\u00e0 Strasbourg, en passant par Ch\u00e2teau-Thierry, Reims, Metz\u2026 Avec \u00e0 chaque \u00e9tape, des rencontres avec des \u00e9lus et des animations pour les habitants.<\/p>\n<p>&#13;<\/p>\n<p>\u00a0<\/p>\n<p>&#13;<br \/>\n<strong>Un engagement fort pour l\u2019avenir<\/strong>&#13;<\/p>\n<p>Avec cette initiative, La Poste r\u00e9affirme sa volont\u00e9 de favoriser une mobilit\u00e9 plus durable et responsable. Cette op\u00e9ration s\u2019inscrit pleinement dans le cadre de la strat\u00e9gie de d\u00e9carbonation des activit\u00e9s du Groupe sur le dernier km. Ainsi, le groupe La Poste compte 17\u00a0000 v\u00e9los \u00e0 assistance \u00e9lectrique et a d\u00e9j\u00e0 1000 v\u00e9los cargos \u00e9lectriques, ce qui en fait la plus grande flotte d\u2019Europe.<\/p>\n<p>&#13;<\/p>\n<p>\u00ab \u00c0 travers notre engagement dans l\u2019op\u00e9ration Mai \u00e0 V\u00e9lo et l\u2019organisation de ce relais in\u00e9dit entre Paris et Strasbourg, La Poste r\u00e9affirme son r\u00f4le de pionnier en mati\u00e8re de mobilit\u00e9 douce. Depuis toujours, les facteurs sillonnent la France \u00e0 v\u00e9lo, et nous poursuivons cette transition vers des modes de transport plus durables. Cette initiative illustre notre volont\u00e9 d\u2019encourager une logistique urbaine plus responsable et de promouvoir les bienfaits du v\u00e9lo, tant pour nos collaborateurs que pour l\u2019ensemble des citoyens. \u00bb, d\u00e9clare Philippe Dorge, directeur g\u00e9n\u00e9ral adjoint du groupe La Poste.<\/p>\n<p>&#13;<\/p>\n<p>\u00a0<\/p>\n<p>&#13;<br \/>\n<strong>Le barom\u00e8tre v\u00e9lo 2025\u00a0: mieux comprendre les conditions de d\u00e9placement <\/strong>&#13;<\/p>\n<p>Lanc\u00e9 par la FUB, avec le soutien de La Poste, le Barom\u00e8tre v\u00e9lo 2025 recueille le ressenti des citoyens sur leurs d\u00e9placements \u00e0 v\u00e9lo\u00a0: s\u00e9curit\u00e9, confort, services\u2026 Avec 275\u00a0000 r\u00e9pondants en 2021, il s\u2019agit de la plus grande enqu\u00eate citoyenne au monde sur les conditions de circulation \u00e0 v\u00e9lo. L\u2019enqu\u00eate, ouverte jusqu\u2019au 2 juin 2025, permet d\u2019identifier les avanc\u00e9es et les besoins sur l\u2019ensemble du territoire.<\/p>\n<p>&#13;<\/p>\n<p>\u00ab\u00a0Je remercie La Poste pour ce soutien majeur \u00e0 l\u2019\u00e9dition 2025 de cette grande enqu\u00eate afin de permettre \u00e0 tout un chacun de pouvoir choisir se d\u00e9placer \u00e0 v\u00e9lo. On compte sur les agents de La Poste, les factrices et facteurs pour incarner et promouvoir au mieux, avec les 540 associations de la F\u00e9d\u00e9ration des Usag\u00e8res et des usagers de la Bicyclette (FUB), l\u2019esprit de cette campagne de mobilisation.\u00a0\u00bb, d\u00e9clare Etienne Demur porte-parole et co-Pr\u00e9sident de la FUB.<\/p>\n","protected":false},"excerpt":{"rendered":"A l\u2019occasion de l\u2019op\u00e9ration nationale \u00ab\u00a0Mai \u00e0 V\u00e9lo\u00a0\u00bb, La Poste renforce son engagement en faveur de la mobilit\u00e9&hellip;\n","protected":false},"author":2,"featured_media":114188,"comment_status":"","ping_status":"","sticky":false,"template":"","format":"standard","meta":{"footnotes":""},"categories":[2820],"tags":[1111,11,207,1777,674,211,1011,27,775,12,25,209,640,210,212,208,213],"class_list":{"0":"post-114187","1":"post","2":"type-post","3":"status-publish","4":"format-standard","5":"has-post-thumbnail","7":"category-strasbourg","8":"tag-actu","9":"tag-actualites","10":"tag-cyclisme","11":"tag-eu","12":"tag-europe","13":"tag-ffc","14":"tag-fr","15":"tag-france","16":"tag-grand-est","17":"tag-news","18":"tag-republique-francaise","19":"tag-route","20":"tag-strasbourg","21":"tag-tour-de-france","22":"tag-uci","23":"tag-velo","24":"tag-world-tour"},"share_on_mastodon":{"url":"https:\/\/pubeurope.com\/@fr\/114539928171120155","error":""},"_links":{"self":[{"href":"https:\/\/www.europesays.com\/fr\/wp-json\/wp\/v2\/posts\/114187","targetHints":{"allow":["GET"]}}],"collection":[{"href":"https:\/\/www.europesays.com\/fr\/wp-json\/wp\/v2\/posts"}],"about":[{"href":"https:\/\/www.europesays.com\/fr\/wp-json\/wp\/v2\/types\/post"}],"author":[{"embeddable":true,"href":"https:\/\/www.europesays.com\/fr\/wp-json\/wp\/v2\/users\/2"}],"replies":[{"embeddable":true,"href":"https:\/\/www.europesays.com\/fr\/wp-json\/wp\/v2\/comments?post=114187"}],"version-history":[{"count":0,"href":"https:\/\/www.europesays.com\/fr\/wp-json\/wp\/v2\/posts\/114187\/revisions"}],"wp:featuredmedia":[{"embeddable":true,"href":"https:\/\/www.europesays.com\/fr\/wp-json\/wp\/v2\/media\/114188"}],"wp:attachment":[{"href":"https:\/\/www.europesays.com\/fr\/wp-json\/wp\/v2\/media?parent=114187"}],"wp:term":[{"taxonomy":"category","embeddable":true,"href":"https:\/\/www.europesays.com\/fr\/wp-json\/wp\/v2\/categories?post=114187"},{"taxonomy":"post_tag","embeddable":true,"href":"https:\/\/www.europesays.com\/fr\/wp-json\/wp\/v2\/tags?post=114187"}],"curies":[{"name":"wp","href":"https:\/\/api.w.org\/{rel}","templated":true}]}}