{"id":114191,"date":"2025-05-20T11:30:08","date_gmt":"2025-05-20T11:30:08","guid":{"rendered":"https:\/\/www.europesays.com\/fr\/114191\/"},"modified":"2025-05-20T11:30:08","modified_gmt":"2025-05-20T11:30:08","slug":"le-ter-prive-marseille-nice-se-devoile","status":"publish","type":"post","link":"https:\/\/www.europesays.com\/fr\/114191\/","title":{"rendered":"Le TER priv\u00e9 Marseille-Nice se d\u00e9voile"},"content":{"rendered":"<p>Le TER priv\u00e9 Marseille-Nice se d\u00e9voileSur le m\u00eame sujet<a href=\"https:\/\/www.bfmtv.com\/economie\/entreprises\/transports\/le-ter-prive-marseille-nice-se-devoile_VN-202505200443.html\" title=\" Le TER priv\u00e9 Marseille-Nice se d\u00e9voile \" rel=\"nofollow noopener\" target=\"_blank\"><img width=\"16\" height=\"9\" class=\"lozad\"  alt=\" Le TER priv\u00e9 Marseille-Nice se d\u00e9voile \"\/>en lectureLe TER priv\u00e9 Marseille-Nice se d\u00e9voile<\/a><a href=\"https:\/\/www.bfmtv.com\/economie\/replay-emissions\/culture-geek\/culture-ia-une-tesla-survit-seule-a-la-place-de-l-etoile-par-lea-benaim-20-05_VN-202505200078.html\" title=\"Culture IA : Une Tesla survit seule \u00e0 la place de l&#039;\u00c9toile, par L\u00e9a Benaim - 20\/05\" rel=\"nofollow noopener\" target=\"_blank\"><img width=\"16\" height=\"9\" class=\"lozad\"  alt=\"Culture IA : Une Tesla survit seule \u00e0 la place de l'\u00c9toile, par L\u00e9a Benaim - 20\/05\"\/>3:54Culture IA : Une Tesla survit seule \u00e0 la place de l&rsquo;\u00c9toile, par L\u00e9a Benaim &#8211; 20\/05<\/a><a href=\"https:\/\/www.bfmtv.com\/societe\/greves\/la-greve-des-taxis-reconduite-ce-mardi-pour-denoncer-les-nouvelles-regles-de-tarification-des-transports-sanitaires_VN-202505200048.html\" title=\"La gr\u00e8ve des taxis reconduite ce mardi pour d\u00e9noncer les nouvelles r\u00e8gles de tarification des transports sanitaires\" rel=\"nofollow noopener\" target=\"_blank\"><img width=\"16\" height=\"9\" class=\"lozad\"  alt=\"La gr\u00e8ve des taxis reconduite ce mardi pour d\u00e9noncer les nouvelles r\u00e8gles de tarification des transports sanitaires\"\/>2:09La gr\u00e8ve des taxis reconduite ce mardi pour d\u00e9noncer les nouvelles r\u00e8gles de tarification des transports sanitaires<\/a><a href=\"https:\/\/www.bfmtv.com\/replay-emissions\/le-live-bfm\/en-greve-les-taxis-mobilises-partout-en-france-19-05_VN-202505190275.html\" title=\"En gr\u00e8ve, les taxis mobilis\u00e9s partout en France - 19\/05\" rel=\"nofollow noopener\" target=\"_blank\"><img width=\"16\" height=\"9\" class=\"lozad\"  alt=\"En gr\u00e8ve, les taxis mobilis\u00e9s partout en France - 19\/05\"\/>3:22En gr\u00e8ve, les taxis mobilis\u00e9s partout en France &#8211; 19\/05<\/a><a href=\"https:\/\/www.bfmtv.com\/economie\/replay-emissions\/l-hebdo-des-pme\/abdelkrim-ouaid-zine-capital-invest-zine-expert-marocain-de-l-agroalimentaire-10-05_VN-202505100330.html\" title=\" Abdelkrim Ouaid (Zine Capital Invest) : Zine, expert marocain de l&#039;agroalimentaire - 10\/05\" rel=\"nofollow noopener\" target=\"_blank\"><img width=\"16\" height=\"9\" class=\"lozad\"  alt=\" Abdelkrim Ouaid (Zine Capital Invest) : Zine, expert marocain de l'agroalimentaire - 10\/05\"\/>4:26Abdelkrim Ouaid (Zine Capital Invest) : Zine, expert marocain de l&rsquo;agroalimentaire &#8211; 10\/05<\/a><a href=\"https:\/\/www.bfmtv.com\/economie\/replay-emissions\/l-hebdo-des-pme\/amine-mehdi-ett-transport-ett-l-electricite-au-c-ur-de-la-mobilite-10-05_VN-202505100208.html\" title=\"Amine Mehdi (ETT Transport) : ETT, l\u2019\u00e9lectricit\u00e9 au c\u0153ur de la mobilit\u00e9 - 10\/05\" rel=\"nofollow noopener\" target=\"_blank\"><img width=\"16\" height=\"9\" class=\"lozad\"  alt=\"Amine Mehdi (ETT Transport) : ETT, l\u2019\u00e9lectricit\u00e9 au c\u0153ur de la mobilit\u00e9 - 10\/05\"\/>4:30Amine Mehdi (ETT Transport) : ETT, l\u2019\u00e9lectricit\u00e9 au c\u0153ur de la mobilit\u00e9 &#8211; 10\/05<\/a><a href=\"https:\/\/www.bfmtv.com\/societe\/greves\/trajets-les-francais-ont-prefere-la-voiture-au-train_VN-202505100148.html\" title=\"Trajets: les Fran\u00e7ais ont pr\u00e9f\u00e9r\u00e9 la voiture au train \" rel=\"nofollow noopener\" target=\"_blank\"><img width=\"16\" height=\"9\" class=\"lozad\"  alt=\"Trajets: les Fran\u00e7ais ont pr\u00e9f\u00e9r\u00e9 la voiture au train \"\/>1:27Trajets: les Fran\u00e7ais ont pr\u00e9f\u00e9r\u00e9 la voiture au train<\/a><a href=\"https:\/\/www.bfmtv.com\/replay-emissions\/week-end-direct\/les-francais-sont-plutot-voiture-que-train-09-05_VN-202505090801.html\" title=\"Les Fran\u00e7ais sont plut\u00f4t voiture que train - 09\/05\" rel=\"nofollow noopener\" target=\"_blank\"><img width=\"16\" height=\"9\" class=\"lozad\"  alt=\"Les Fran\u00e7ais sont plut\u00f4t voiture que train - 09\/05\"\/>17:57Les Fran\u00e7ais sont plut\u00f4t voiture que train &#8211; 09\/05<\/a><a href=\"https:\/\/www.bfmtv.com\/economie\/replay-emissions\/good-morning-business\/la-compagnie-ferroviaire-le-train-veut-proposer-des-trajets-grande-vitesse-sans-passer-par-paris_VN-202505080172.html\" title=\"La compagnie ferroviaire Le Train veut proposer des trajets grande vitesse sans passer par Paris\" rel=\"nofollow noopener\" target=\"_blank\"><img width=\"16\" height=\"9\" class=\"lozad\"  alt=\"La compagnie ferroviaire Le Train veut proposer des trajets grande vitesse sans passer par Paris\"\/>1:31La compagnie ferroviaire Le Train veut proposer des trajets grande vitesse sans passer par Paris<\/a><a href=\"https:\/\/www.bfmtv.com\/economie\/replay-emissions\/good-morning-business\/l-ouverture-a-la-concurrence-une-competition-complexe-selon-le-patron-de-la-compagnie-le-train_VN-202505080165.html\" title=\"L&#039;ouverture \u00e0 la concurrence, une &quot;comp\u00e9tition complexe&quot; selon le patron de la compagnie Le Train\" rel=\"nofollow noopener\" target=\"_blank\"><img width=\"16\" height=\"9\" class=\"lozad\"  alt=\"L'ouverture \u00e0 la concurrence, une &quot;comp\u00e9tition complexe&quot; selon le patron de la compagnie Le Train\"\/>2:03L&rsquo;ouverture \u00e0 la concurrence, une \u00ab\u00a0comp\u00e9tition complexe\u00a0\u00bb selon le patron de la compagnie Le Train<\/a><a href=\"https:\/\/www.bfmtv.com\/economie\/replay-emissions\/le-grand-entretien\/alain-getraud-le-train-le-train-future-compagnie-ferroviaire-privee-08-05_VN-202505080152.html\" title=\"Alain Getraud (Le Train) : Le Train, future compagnie ferroviaire priv\u00e9e - 08\/05\" rel=\"nofollow noopener\" target=\"_blank\"><img width=\"16\" height=\"9\" class=\"lozad\"  alt=\"Alain Getraud (Le Train) : Le Train, future compagnie ferroviaire priv\u00e9e - 08\/05\"\/>7:41Alain Getraud (Le Train) : Le Train, future compagnie ferroviaire priv\u00e9e &#8211; 08\/05<\/a><a href=\"https:\/\/www.bfmtv.com\/replay-emissions\/le-live-bfm\/la-sncf-briseuse-de-greve-07-05_VN-202505070311.html\" title=\"La SNCF, briseuse de gr\u00e8ve\u00a0? - 07\/05\" rel=\"nofollow noopener\" target=\"_blank\"><img width=\"16\" height=\"9\" class=\"lozad\"  alt=\"La SNCF, briseuse de gr\u00e8ve\u00a0? - 07\/05\"\/>4:42La SNCF, briseuse de gr\u00e8ve\u00a0? &#8211; 07\/05<\/a><a href=\"https:\/\/www.bfmtv.com\/societe\/greves\/on-leur-fait-un-chantage-qui-n-est-pas-acceptable-estime-sophie-binet-a-propos-des-cadres-qui-remplaceront-els-cheminots-ce-week-end_VN-202505070258.html\" title=\"&quot;On leur fait un chantage qui n&#039;est pas acceptable&quot;, estime Sophie Binet \u00e0 propos des cadres qui remplaceront les cheminots ce week-end\" rel=\"nofollow noopener\" target=\"_blank\"><img width=\"16\" height=\"9\" class=\"lozad\"  alt=\"&quot;On leur fait un chantage qui n'est pas acceptable&quot;, estime Sophie Binet \u00e0 propos des cadres qui remplaceront les cheminots ce week-end\"\/>0:27&Prime;On leur fait un chantage qui n&rsquo;est pas acceptable\u00a0\u00bb, estime Sophie Binet \u00e0 propos des cadres qui remplaceront les cheminots ce week-end<\/a><a href=\"https:\/\/www.bfmtv.com\/societe\/greves\/greve-sncf-prix-des-billets-retards-l-interview-en-integralite-du-directeur-de-tgv-intercites_VN-202505060820.html\" title=\"Gr\u00e8ve SNCF, prix des billets, retards... l&#039;interview en int\u00e9gralit\u00e9 du directeur de TGV-Intercit\u00e9s\" rel=\"nofollow noopener\" target=\"_blank\"><img width=\"16\" height=\"9\" class=\"lozad\"  alt=\"Gr\u00e8ve SNCF, prix des billets, retards... l'interview en int\u00e9gralit\u00e9 du directeur de TGV-Intercit\u00e9s\"\/>12:11Gr\u00e8ve SNCF, prix des billets, retards&#8230; l&rsquo;interview en int\u00e9gralit\u00e9 du directeur de TGV-Intercit\u00e9s<\/a><a class=\"jumpToVideo\" target=\"_blank\"><img class=\"thumbnailPreview\"\/><\/a><\/p>\n","protected":false},"excerpt":{"rendered":"Le TER priv\u00e9 Marseille-Nice se d\u00e9voileSur le m\u00eame sujeten lectureLe TER priv\u00e9 Marseille-Nice se d\u00e9voile3:54Culture IA : Une&hellip;\n","protected":false},"author":2,"featured_media":114192,"comment_status":"","ping_status":"","sticky":false,"template":"","format":"standard","meta":{"footnotes":""},"categories":[2819],"tags":[1111,11,1777,674,1011,27,12,2401,882,25],"class_list":{"0":"post-114191","1":"post","2":"type-post","3":"status-publish","4":"format-standard","5":"has-post-thumbnail","7":"category-nice","8":"tag-actu","9":"tag-actualites","10":"tag-eu","11":"tag-europe","12":"tag-fr","13":"tag-france","14":"tag-news","15":"tag-nice","16":"tag-provence-alpes-cote-dazur","17":"tag-republique-francaise"},"share_on_mastodon":{"url":"https:\/\/pubeurope.com\/@fr\/114539936059394466","error":""},"_links":{"self":[{"href":"https:\/\/www.europesays.com\/fr\/wp-json\/wp\/v2\/posts\/114191","targetHints":{"allow":["GET"]}}],"collection":[{"href":"https:\/\/www.europesays.com\/fr\/wp-json\/wp\/v2\/posts"}],"about":[{"href":"https:\/\/www.europesays.com\/fr\/wp-json\/wp\/v2\/types\/post"}],"author":[{"embeddable":true,"href":"https:\/\/www.europesays.com\/fr\/wp-json\/wp\/v2\/users\/2"}],"replies":[{"embeddable":true,"href":"https:\/\/www.europesays.com\/fr\/wp-json\/wp\/v2\/comments?post=114191"}],"version-history":[{"count":0,"href":"https:\/\/www.europesays.com\/fr\/wp-json\/wp\/v2\/posts\/114191\/revisions"}],"wp:featuredmedia":[{"embeddable":true,"href":"https:\/\/www.europesays.com\/fr\/wp-json\/wp\/v2\/media\/114192"}],"wp:attachment":[{"href":"https:\/\/www.europesays.com\/fr\/wp-json\/wp\/v2\/media?parent=114191"}],"wp:term":[{"taxonomy":"category","embeddable":true,"href":"https:\/\/www.europesays.com\/fr\/wp-json\/wp\/v2\/categories?post=114191"},{"taxonomy":"post_tag","embeddable":true,"href":"https:\/\/www.europesays.com\/fr\/wp-json\/wp\/v2\/tags?post=114191"}],"curies":[{"name":"wp","href":"https:\/\/api.w.org\/{rel}","templated":true}]}}