{"id":1141939,"date":"2026-08-22T09:20:17","date_gmt":"2026-08-22T09:20:17","guid":{"rendered":"https:\/\/www.europesays.com\/fr\/1141939\/"},"modified":"2026-08-22T09:20:17","modified_gmt":"2026-08-22T09:20:17","slug":"gradignan-80-ans-apres-son-installation-lorgue-de-leglise-a-ete-demonte-en-attendant-son-remplacant","status":"publish","type":"post","link":"https:\/\/www.europesays.com\/fr\/1141939\/","title":{"rendered":"Gradignan\u00a0: 80\u00a0ans apr\u00e8s son installation, l\u2019orgue de l\u2019\u00e9glise a \u00e9t\u00e9 d\u00e9mont\u00e9 en attendant son rempla\u00e7ant"},"content":{"rendered":"<p>\u00ab\u00a0Nous nous sommes mis en lien avec l\u2019association Orgue de France, poursuit Fr\u00e9d\u00e9ric Faur\u00e9, directeur des affaires culturelles de la Ville de Gradignan. C\u2019est ainsi que Philippe Lefebvre, l\u2019un des organistes de Notre-Dame de Paris, est venu pour essayer l\u2019orgue. Il est apparu qu\u2019il n\u2019\u00e9tait pas possible de le restaurer.\u00a0\u00bb D\u00e9cision est prise de d\u00e9monter et recycler l\u2019instrument actuel, et d\u2019en acqu\u00e9rir un nouveau. \u00ab\u00a0Ce projet r\u00e9sulte de l\u2019alignement de plusieurs param\u00e8tres, explique Fr\u00e9d\u00e9ric Faur\u00e9. Nous avons cr\u00e9\u00e9 une classe d\u2019orgue au conservatoire en 2022, sous la direction de <a href=\"https:\/\/www.sudouest.fr\/gironde\/gradignan\/gradignan-concert-d-orgue-ce-jeudi-en-l-eglise-saint-pierre-28850098.php\" target=\"_blank\" rel=\"follow nofollow noopener\">Pascal Copeaux<\/a>. Puis le lien s\u2019est fait avec la paroisse et le dioc\u00e8se.\u00a0\u00bb<\/p>\n<p>Le budget pr\u00e9visionnel des travaux est de 100\u00a0000\u00a0euros, financ\u00e9 par un apport de 70\u00a0000\u00a0euros par le fonds de r\u00e9serve de la paroisse. La Ville prend \u00e0 sa charge les travaux de d\u00e9montage et d\u2019installation. La paroisse a lanc\u00e9 une souscription \u00e0 hauteur de 30\u00a0000\u00a0euros aupr\u00e8s du public pour financer son investissement (1).<\/p>\n<p>Un orgue trouv\u00e9 en Allemagne\u00a0?<\/p>\n<p>Un comit\u00e9 est mis en place afin de d\u00e9nicher le nouvel orgue de l\u2019\u00e9glise. La recherche n\u2019est pas forc\u00e9ment \u00e9vidente. La France compte peu d\u2019instruments sur le march\u00e9. \u00ab\u00a0Nous avons plusieurs pistes, notamment en Allemagne et aux Pays-Bas, r\u00e9v\u00e8le Vincent Garros, cur\u00e9 de la paroisse de Gradignan. Ils en ont beaucoup car la liturgie protestante contient nombre de pi\u00e8ces chant\u00e9es accompagn\u00e9es \u00e0 l\u2019orgue. L\u00e0 o\u00f9 la liturgie romaine l\u2019utilise plus pour des accents, tr\u00e8s peu en virtuose.\u00a0\u00bb<\/p>\n<p>L\u2019arriv\u00e9e du nouvel instrument est esp\u00e9r\u00e9e pour 2027. Il ne servira pas que pour les messes\u00a0: il fera le bonheur de la classe d\u2019orgue mais aussi du public, avec des concerts en perspective. \u00ab\u00a0Il y a un important r\u00e9pertoire qui allie l\u2019orgue \u00e0 la fl\u00fbte, \u00e0 la trompette ou de petits ensembles\u00a0\u00bb, souligne Vincent Garros, qui ne cache pas son penchant m\u00e9lomane. L\u2019occasion de rappeler que l\u2019orgue est un instrument \u00e0 part, qui fait varier les notes autant que les timbres. \u00ab\u00a0C\u2019est un orchestre \u00e0 lui tout seul\u00a0\u00bb, r\u00e9sume Fr\u00e9d\u00e9ric Faur\u00e9. Il glisse au passage un petit conseil de placement acoustique\u00a0: \u00ab\u00a0Si vous avez la chance d\u2019assister \u00e0 une prestation d\u2019organiste, mettez-vous \u00e0 c\u00f4t\u00e9 de lui.\u00a0\u00bb Le rendez-vous est pris.<\/p>\n","protected":false},"excerpt":{"rendered":"\u00ab\u00a0Nous nous sommes mis en lien avec l\u2019association Orgue de France, poursuit Fr\u00e9d\u00e9ric Faur\u00e9, directeur des affaires culturelles&hellip;\n","protected":false},"author":2,"featured_media":1141940,"comment_status":"","ping_status":"","sticky":false,"template":"","format":"standard","meta":{"footnotes":"","_share_on_mastodon":"0"},"categories":[2817],"tags":[1111,11,1997,1777,674,1011,27,12,2219,25],"class_list":["post-1141939","post","type-post","status-publish","format-standard","has-post-thumbnail","category-bordeaux","tag-actu","tag-actualites","tag-bordeaux","tag-eu","tag-europe","tag-fr","tag-france","tag-news","tag-nouvelle-aquitaine","tag-republique-francaise"],"share_on_mastodon":{"url":"https:\/\/pubeurope.com\/@fr\/117138425683878557","error":""},"_links":{"self":[{"href":"https:\/\/www.europesays.com\/fr\/wp-json\/wp\/v2\/posts\/1141939","targetHints":{"allow":["GET"]}}],"collection":[{"href":"https:\/\/www.europesays.com\/fr\/wp-json\/wp\/v2\/posts"}],"about":[{"href":"https:\/\/www.europesays.com\/fr\/wp-json\/wp\/v2\/types\/post"}],"author":[{"embeddable":true,"href":"https:\/\/www.europesays.com\/fr\/wp-json\/wp\/v2\/users\/2"}],"replies":[{"embeddable":true,"href":"https:\/\/www.europesays.com\/fr\/wp-json\/wp\/v2\/comments?post=1141939"}],"version-history":[{"count":0,"href":"https:\/\/www.europesays.com\/fr\/wp-json\/wp\/v2\/posts\/1141939\/revisions"}],"wp:featuredmedia":[{"embeddable":true,"href":"https:\/\/www.europesays.com\/fr\/wp-json\/wp\/v2\/media\/1141940"}],"wp:attachment":[{"href":"https:\/\/www.europesays.com\/fr\/wp-json\/wp\/v2\/media?parent=1141939"}],"wp:term":[{"taxonomy":"category","embeddable":true,"href":"https:\/\/www.europesays.com\/fr\/wp-json\/wp\/v2\/categories?post=1141939"},{"taxonomy":"post_tag","embeddable":true,"href":"https:\/\/www.europesays.com\/fr\/wp-json\/wp\/v2\/tags?post=1141939"}],"curies":[{"name":"wp","href":"https:\/\/api.w.org\/{rel}","templated":true}]}}