{"id":114195,"date":"2025-05-20T11:32:15","date_gmt":"2025-05-20T11:32:15","guid":{"rendered":"https:\/\/www.europesays.com\/fr\/114195\/"},"modified":"2025-05-20T11:32:15","modified_gmt":"2025-05-20T11:32:15","slug":"un-jeune-se-fait-tabasser-puis-voler-son-vehicule","status":"publish","type":"post","link":"https:\/\/www.europesays.com\/fr\/114195\/","title":{"rendered":"un jeune se fait tabasser puis voler son v\u00e9hicule"},"content":{"rendered":"<p>Un homme de 19 ans a \u00e9t\u00e9 pris en charge par les urgences, dans la nuit de lundi \u00e0 mardi, apr\u00e8s s\u2019\u00eatre fait agresser \u00e0 un contre trois. Il a port\u00e9 plainte pour vol.<\/p>\n<p class=\"fig-paragraph\">Une altercation aux circonstances encore troubles. Dans la nuit du lundi 19 au mardi 20 mai, un jeune homme de 19 ans a \u00e9t\u00e9 pris en charge par les pompiers, dans l\u2019ouest\u00a0<a href=\"https:\/\/www.lefigaro.fr\/nantes\" target=\"_blank\" data-fig-type=\"Section\" rel=\"noopener\" data-gtm-custom-categorie=\"navigation\" data-gtm-custom-action=\"crossclick\" data-gtm-custom-label=\"Contextuel\" data-gtm-event=\"customEventSPE\" data-fig-domain=\"LEFIGARO\">de Nantes<\/a>\u00a0(Loire-Atlantique), apr\u00e8s avoir \u00e9t\u00e9 victime d\u2019une violente agression et du vol de son v\u00e9hicule, vers 4h43 du matin.<\/p>\n<p class=\"fig-paragraph\">Selon le t\u00e9moignage du jeune homme, trois individus l\u2019auraient pass\u00e9 \u00e0 tabac pr\u00e8s d\u2019un restaurant\u00a0<a href=\"http:\/\/www.lefigaro.fr\/vox\/societe\/jerome-fourquet-en-france-aujourd-hui-on-incendie-un-mcdonald-s-periurbain-pour-soutenir-la-cause-palestinienne-20250413\" target=\"_blank\" data-fig-type=\"Article\" rel=\"noopener\" data-gtm-custom-categorie=\"navigation\" data-gtm-custom-action=\"crossclick\" data-gtm-custom-label=\"Contextuel\" data-gtm-event=\"customEventSPE\" data-fig-domain=\"LEFIGARO\">McDonald\u2019s<\/a>, avant de lui voler son t\u00e9l\u00e9phone portable et de repartir avec son v\u00e9hicule. Selon une source polici\u00e8re nantaise, les explications de la victime &#8211; qui assure avoir \u00e9t\u00e9 sur le retour d\u2019un entretien d\u2019embauche &#8211; demeuraient assez confuses mardi matin. Une plainte pour vol de v\u00e9hicule a n\u00e9anmoins \u00e9t\u00e9 d\u00e9pos\u00e9e. L\u2019enqu\u00eate se poursuit.<\/p>\n<p class=\"fig-paragraph\">Le mois dernier, deux hommes \u00e9taient arr\u00eat\u00e9s dans l\u2019agglom\u00e9ration nantaise\u00a0<a href=\"http:\/\/www.lefigaro.fr\/nantes\/cambriolages-a-nantes-deux-individus-interpelles-au-volant-de-voitures-volees-20250422\" target=\"_blank\" data-fig-type=\"NewsFlash\" rel=\"noopener\" data-gtm-custom-categorie=\"navigation\" data-gtm-custom-action=\"crossclick\" data-gtm-custom-label=\"Contextuel\" data-gtm-event=\"customEventSPE\" data-fig-domain=\"LEFIGARO\">au volant de voitures vol\u00e9es<\/a>. \u00c2g\u00e9s de 38 et 16 ans, ils sont suspect\u00e9s d\u2019avoir \u00e9t\u00e9 impliqu\u00e9 dans une s\u00e9rie de cambriolages entre mars et avril, caract\u00e9ris\u00e9s par le vol syst\u00e9matique des v\u00e9hicules des diff\u00e9rents logements visit\u00e9s.<\/p>\n","protected":false},"excerpt":{"rendered":"Un homme de 19 ans a \u00e9t\u00e9 pris en charge par les urgences, dans la nuit de lundi&hellip;\n","protected":false},"author":2,"featured_media":114196,"comment_status":"","ping_status":"","sticky":false,"template":"","format":"standard","meta":{"footnotes":""},"categories":[2818],"tags":[1111,11,1777,674,462,1011,27,2640,2642,766,2638,2643,2637,2639,2646,2645,2641,2635,2644,2647,12,2636,25,4752,1175],"class_list":{"0":"post-114195","1":"post","2":"type-post","3":"status-publish","4":"format-standard","5":"has-post-thumbnail","7":"category-nantes","8":"tag-actu","9":"tag-actualites","10":"tag-eu","11":"tag-europe","12":"tag-fc-nantes","13":"tag-fr","14":"tag-france","15":"tag-hauts-paves-saint-felix","16":"tag-ile-de-nantes","17":"tag-nantes","18":"tag-nantes-bellevue-chantenay-sainte-anne","19":"tag-nantes-breil-barberie","20":"tag-nantes-centre-ville","21":"tag-nantes-dervallieres-zola","22":"tag-nantes-doulon-bottiere","23":"tag-nantes-erdre","24":"tag-nantes-malakoff-saint-donatien","25":"tag-nantes-metropole","26":"tag-nantes-nord","27":"tag-nantes-sud","28":"tag-news","29":"tag-pays-de-la-loire","30":"tag-republique-francaise","31":"tag-voiture","32":"tag-vol"},"share_on_mastodon":{"url":"https:\/\/pubeurope.com\/@fr\/114539944601638145","error":""},"_links":{"self":[{"href":"https:\/\/www.europesays.com\/fr\/wp-json\/wp\/v2\/posts\/114195","targetHints":{"allow":["GET"]}}],"collection":[{"href":"https:\/\/www.europesays.com\/fr\/wp-json\/wp\/v2\/posts"}],"about":[{"href":"https:\/\/www.europesays.com\/fr\/wp-json\/wp\/v2\/types\/post"}],"author":[{"embeddable":true,"href":"https:\/\/www.europesays.com\/fr\/wp-json\/wp\/v2\/users\/2"}],"replies":[{"embeddable":true,"href":"https:\/\/www.europesays.com\/fr\/wp-json\/wp\/v2\/comments?post=114195"}],"version-history":[{"count":0,"href":"https:\/\/www.europesays.com\/fr\/wp-json\/wp\/v2\/posts\/114195\/revisions"}],"wp:featuredmedia":[{"embeddable":true,"href":"https:\/\/www.europesays.com\/fr\/wp-json\/wp\/v2\/media\/114196"}],"wp:attachment":[{"href":"https:\/\/www.europesays.com\/fr\/wp-json\/wp\/v2\/media?parent=114195"}],"wp:term":[{"taxonomy":"category","embeddable":true,"href":"https:\/\/www.europesays.com\/fr\/wp-json\/wp\/v2\/categories?post=114195"},{"taxonomy":"post_tag","embeddable":true,"href":"https:\/\/www.europesays.com\/fr\/wp-json\/wp\/v2\/tags?post=114195"}],"curies":[{"name":"wp","href":"https:\/\/api.w.org\/{rel}","templated":true}]}}