{"id":114203,"date":"2025-05-20T11:36:08","date_gmt":"2025-05-20T11:36:08","guid":{"rendered":"https:\/\/www.europesays.com\/fr\/114203\/"},"modified":"2025-05-20T11:36:08","modified_gmt":"2025-05-20T11:36:08","slug":"toulouse-pour-avoir-enleve-leur-victime-avant-de-la-sequestrer-en-espagne-11-individus-devant-la-justice","status":"publish","type":"post","link":"https:\/\/www.europesays.com\/fr\/114203\/","title":{"rendered":"Toulouse. Pour avoir enlev\u00e9 leur victime, avant de la s\u00e9questrer en Espagne, 11\u00a0individus devant la justice"},"content":{"rendered":"<p>            Par<br \/>\n        <strong><br \/>\n            <a href=\"https:\/\/actu.fr\/auteur\/guillaume-laurens\" title=\"Consulter tous les articles de Guillaume Laurens\" rel=\"nofollow noopener\" target=\"_blank\">Guillaume Laurens<\/a><br \/>\n        <\/strong><\/p>\n<p>        Publi\u00e9 le<\/p>\n<p>            20 mai 2025 \u00e0 13h25        <\/p>\n<p>L\u2019histoire avait d\u00e9fray\u00e9 la chronique. Trois ans plus tard, <strong>11\u00a0personnes<\/strong> vont \u00eatre jug\u00e9es par le tribunal correctionnel de <a href=\"https:\/\/actu.fr\/toulouse\/\" rel=\"nofollow noopener\" target=\"_blank\"><strong>Toulouse<\/strong><\/a>, les mercredi\u00a021, jeudi\u00a022 et vendredi 23\u00a0mai 2025, dans une retentissante affaire <strong>d\u2019enl\u00e8vement <\/strong>et <strong>s\u00e9questration<\/strong> qui s\u2019\u00e9tait d\u00e9roul\u00e9e entre la Haute-Garonne et l\u2019Espagne. Ce qu\u2019il faut savoir.<\/p>\n<p>Il avait saut\u00e9 du v\u00e9hicule en marche sur l\u2019autoroute<\/p>\n<p class=\" wall-content\">C\u2019\u00e9tait le 28\u00a0mai 2022. Comme le rapportait Actu Toulouse \u00e0 l\u2019\u00e9poque, un homme avait \u00e9t\u00e9 retrouv\u00e9 <strong>gri\u00e8vement bless\u00e9 dans un champ<\/strong> sur la commune de <strong>Maureillas-Las-Illas (Pyr\u00e9n\u00e9es-Orientales)<\/strong>, \u00e0 proximit\u00e9 de l\u2019autoroute A9, tout pr\u00e8s du <strong>Boulou<\/strong>.<\/p>\n<p class=\" wall-content\">L\u2019enqu\u00eate men\u00e9e par la division de la criminalit\u00e9 organis\u00e9e et sp\u00e9cialis\u00e9e de la police nationale de Haute-Garonne avait rapidement permis d\u2019\u00e9tablir que cet individu avait \u00e9t\u00e9 <strong>enlev\u00e9 en r\u00e9gion toulousaine<\/strong> \u2014 sur un parking de <strong>Gagnac-sur-Garonne<\/strong> o\u00f9 il pensait retrouver une vieille connaissance, NDLR \u2014 avant de tomber dans un guet-apens. S\u00e9questr\u00e9 et frapp\u00e9 dans un appartement \u00e0 Toulouse, il avait ensuite \u00e9t\u00e9 transport\u00e9 dans un v\u00e9hicule \u00e0 destination de l\u2019Espagne.<\/p>\n<p class=\" wall-content\">\u00ab\u2009Il \u00e9tait n\u00e9anmoins parvenu, peu apr\u00e8s le p\u00e9age du Boulou, \u00e0 <strong>sortir de la voiture en marche<\/strong> afin d\u2019\u00e9chapper \u00e0 ses ravisseurs\u2009\u00bb, rappelle <strong>David Charmatz<\/strong>, le procureur de la R\u00e9publique. Comme le d\u00e9taillait Actu Toulouse \u00e0 l\u2019\u00e9poque, il \u00e9tait en effet parvenu \u00e0 \u00e9chapper \u00e0 la vigilance de ses ravisseurs et s\u2019\u00e9tait <strong>jet\u00e9 de la voiture sur l\u2019autoroute<\/strong>, o\u00f9 elle roulait \u00ab\u2009\u00e0 plus de <strong>130\u00a0km\/h\u2009\u00bb.<\/strong> Gri\u00e8vement bless\u00e9, mais en vie, le ca\u00efd des Izards \u00e9tait parvenu \u00e0 traverser les voies, avant de s\u2019\u00e9vanouir. Inanim\u00e9, il avait \u00e9t\u00e9 retrouv\u00e9 par un t\u00e9moin qui avait contact\u00e9 les forces de l\u2019ordre. Quand le trentenaire avait rouvert les yeux, il \u00e9tait sur un lit d\u2019h\u00f4pital, \u00e0 Perpignan, o\u00f9 il avait livr\u00e9 son improbable r\u00e9cit aux policiers.<\/p>\n<p>Enlev\u00e9 pour avoir\u2026 vol\u00e9 de la drogue<\/p>\n<p class=\" wall-content\">Une sombre affaire survenue \u00ab\u2009sur fond de <strong>trafic de stup\u00e9fiants\u2009\u00bb,<\/strong> souligne David Charmatz. D\u2019apr\u00e8s nos informations, cette victime \u00e9tait accus\u00e9e par ses ravisseurs de leur avoir <strong>\u00ab\u2009carott\u00e9\u2009\u00bb de la drogue<\/strong> et d\u2019avoir voulu doubler ses fournisseurs.<\/p>\n<blockquote class=\"ac-article-quote wall-content\">\n<p>L\u2019homme enlev\u00e9 avait expliqu\u00e9 s\u2019\u00eatre vu reprocher d\u2019avoir h\u00e9berg\u00e9 un individu appartenant \u00e0 un clan adverse \u00e0 celui dont ses ravisseurs faisaient partie. Ces derniers l\u2019accusaient \u00e9galement d\u2019avoir vol\u00e9 de la drogue.<\/p>\n<p>    <strong>David Charmatz<\/strong><br \/>\n        Procureur de la R\u00e9publique de Toulouse    <\/p><\/blockquote>\n<p class=\" wall-content\">Particuli\u00e8rement graves, ces faits \u00ab\u2009rel\u00e8vent d\u2019une <strong>qualification criminelle\u2009\u00bb<\/strong> et \u00ab\u2009seront ult\u00e9rieurement jug\u00e9s par la <strong>cour d\u2019assises<\/strong> de la Haute-Garonne\u2009\u00bb, souligne le procureur, les agresseurs pr\u00e9sum\u00e9s ayant \u00e9t\u00e9 interpell\u00e9s d\u00e9but 2023 pour <strong>tentative de meurtre en bande organis\u00e9e, enl\u00e8vement, s\u00e9questration, actes de torture et de barbarie.<\/strong><\/p>\n<p>Un premier enl\u00e8vement d\u2019un homme, s\u00e9questr\u00e9 en Espagne<\/p>\n<p class=\" wall-content\">Mais l\u2019affaire ne s\u2019arr\u00eate pas l\u00e0. Les investigations avaient mis en \u00e9vidence que ces faits avaient \u00e9t\u00e9 <strong>pr\u00e9c\u00e9d\u00e9s d\u2019un autre enl\u00e8vement<\/strong> survenu quelques jours plus t\u00f4t, et qui avait \u00e9t\u00e9 suivi, lui aussi, d\u2019une <strong>s\u00e9questration<\/strong>.<\/p>\n<p class=\" wall-content\">Un autre homme, qui \u00e9tait \u00ab\u2009une connaissance de cette premi\u00e8re victime\u2009\u00bb, avait en effet \u00e9t\u00e9 enlev\u00e9 trois jours plus t\u00f4t, <strong>le 25\u00a0mai 2022, <\/strong>toujours \u00e0 Toulouse, \u00ab\u2009apr\u00e8s s\u2019\u00eatre rendu \u00e0 un rendez-vous o\u00f9 il avait \u00e9t\u00e9 accost\u00e9 par trois individus qui l\u2019avaient contraint, sous la menace d\u2019une arme, \u00e0 monter dans un v\u00e9hicule\u2009\u00bb.<\/p>\n<p class=\" wall-content\">Le m\u00eame topo. Selon le procureur, \u00ab\u2009il avait \u00e9t\u00e9 <strong>conduit en Espagne, dans une maison<\/strong> o\u00f9 il avait \u00e9t\u00e9 retenu durant plusieurs jours, subissant de <strong>nombreuses violences<\/strong> illustr\u00e9es par les photographies de ses blessures prises \u00e0 sa lib\u00e9ration\u2009\u00bb.<\/p>\n<blockquote class=\"ac-article-quote wall-content\">\n<p>Ses agresseurs, convaincus de son implication dans les faits de vol aux c\u00f4t\u00e9s de la premi\u00e8re victime, cherchaient \u00e0 savoir o\u00f9 se trouvaient les stup\u00e9fiants d\u00e9rob\u00e9s.<\/p>\n<p>    <strong>David Charmatz<\/strong><br \/>\n        Procureur de la R\u00e9publique de Toulouse    <\/p><\/blockquote>\n<p class=\" wall-content\">Toujours d\u2019apr\u00e8s le repr\u00e9sentant du parquet de Toulouse, \u00ab\u2009ils avaient \u00e9galement contact\u00e9 la premi\u00e8re victime en lui demandant de venir en Espagne <strong>en \u00e9change de la lib\u00e9ration de la personne s\u00e9questr\u00e9e<\/strong>, mais elle avait refus\u00e9\u2009\u00bb. Finalement, le 30\u00a0mai 2022, la seconde victime avait \u00e9t\u00e9 raccompagn\u00e9e en France par plusieurs individus. Entretemps, son comparse avait \u00e9t\u00e9 kidnapp\u00e9 \u00e0 son tour\u2026<\/p>\n<p>11\u00a0personnes jug\u00e9es pendant trois jours, dont trois en fuite<\/p>\n<p class=\" wall-content\">Pour cet enl\u00e8vement du 25\u00a0mai 2022, pas moins de <strong>11\u00a0personnes<\/strong> sont renvoy\u00e9es devant le tribunal correctionnel \u00e0 l\u2019issue de l\u2019information judiciaire. Six sont plac\u00e9es en <strong>d\u00e9tention provisoire<\/strong>, deux sous contr\u00f4le judiciaire et <strong>trois font l\u2019objet d\u2019un mandat d\u2019arr\u00eat<\/strong>, \u00ab\u2009dont <strong>le pr\u00e9sum\u00e9 commanditaire<\/strong> des deux enl\u00e8vements, en fuite \u00e0 l\u2019\u00e9tranger\u2009\u00bb, souligne le parquet.<\/p>\n<p class=\" wall-content\">\u00ab\u2009Les pr\u00e9venus ont, pour la plupart, d\u00e9j\u00e0 \u00e9t\u00e9 condamn\u00e9s \u00e0 plusieurs reprises, notamment pour des faits en lien avec les stup\u00e9fiants\u2009\u00bb, insiste David Charmatz.<\/p>\n<p class=\" wall-content\">Durant trois jours, ils devront cette fois s\u2019expliquer pour des faits d\u2019arrestation, enl\u00e8vement, d\u00e9tention ou s\u00e9questration arbitraire suivi d\u2019une lib\u00e9ration avant le 7\u1d49 jour, mais aussi violences aggrav\u00e9es par trois circonstances (en r\u00e9union, avec arme et avec pr\u00e9m\u00e9ditation ou guet-apens). De quoi \u00e9toffer un peu plus leur joli pedigree.<\/p>\n<p class=\" wall-content\">Suivez toute l\u2019actualit\u00e9 de vos villes et m\u00e9dias favoris en vous inscrivant \u00e0 <a href=\"https:\/\/moncompte.actu.fr\" title=\"D\u00e9couvez Mon Actu\" rel=\"nofollow noopener\" data-trk=\"{&quot;cta&quot;:{&quot;action&quot;:&quot;https:\\\/\\\/moncompte.actu.fr&quot;,&quot;category&quot;:&quot;mon compte&quot;,&quot;from&quot;:&quot;article footer&quot;,&quot;name&quot;:&quot;Mon actu&quot;,&quot;type&quot;:&quot;cta&quot;}}\" target=\"_blank\">Mon Actu<\/a>.<\/p>\n","protected":false},"excerpt":{"rendered":"Par Guillaume Laurens Publi\u00e9 le 20 mai 2025 \u00e0 13h25 L\u2019histoire avait d\u00e9fray\u00e9 la chronique. Trois ans plus&hellip;\n","protected":false},"author":2,"featured_media":114204,"comment_status":"","ping_status":"","sticky":false,"template":"","format":"standard","meta":{"footnotes":""},"categories":[2816],"tags":[1111,11,1052,1777,674,118,1011,27,303,12,2680,1072,25,2312],"class_list":{"0":"post-114203","1":"post","2":"type-post","3":"status-publish","4":"format-standard","5":"has-post-thumbnail","7":"category-toulouse","8":"tag-actu","9":"tag-actualites","10":"tag-drogue","11":"tag-eu","12":"tag-europe","13":"tag-faits-divers","14":"tag-fr","15":"tag-france","16":"tag-justice","17":"tag-news","18":"tag-occitanie","19":"tag-police","20":"tag-republique-francaise","21":"tag-toulouse"},"share_on_mastodon":{"url":"https:\/\/pubeurope.com\/@fr\/114539959759414210","error":""},"_links":{"self":[{"href":"https:\/\/www.europesays.com\/fr\/wp-json\/wp\/v2\/posts\/114203","targetHints":{"allow":["GET"]}}],"collection":[{"href":"https:\/\/www.europesays.com\/fr\/wp-json\/wp\/v2\/posts"}],"about":[{"href":"https:\/\/www.europesays.com\/fr\/wp-json\/wp\/v2\/types\/post"}],"author":[{"embeddable":true,"href":"https:\/\/www.europesays.com\/fr\/wp-json\/wp\/v2\/users\/2"}],"replies":[{"embeddable":true,"href":"https:\/\/www.europesays.com\/fr\/wp-json\/wp\/v2\/comments?post=114203"}],"version-history":[{"count":0,"href":"https:\/\/www.europesays.com\/fr\/wp-json\/wp\/v2\/posts\/114203\/revisions"}],"wp:featuredmedia":[{"embeddable":true,"href":"https:\/\/www.europesays.com\/fr\/wp-json\/wp\/v2\/media\/114204"}],"wp:attachment":[{"href":"https:\/\/www.europesays.com\/fr\/wp-json\/wp\/v2\/media?parent=114203"}],"wp:term":[{"taxonomy":"category","embeddable":true,"href":"https:\/\/www.europesays.com\/fr\/wp-json\/wp\/v2\/categories?post=114203"},{"taxonomy":"post_tag","embeddable":true,"href":"https:\/\/www.europesays.com\/fr\/wp-json\/wp\/v2\/tags?post=114203"}],"curies":[{"name":"wp","href":"https:\/\/api.w.org\/{rel}","templated":true}]}}