{"id":114205,"date":"2025-05-20T11:37:10","date_gmt":"2025-05-20T11:37:10","guid":{"rendered":"https:\/\/www.europesays.com\/fr\/114205\/"},"modified":"2025-05-20T11:37:10","modified_gmt":"2025-05-20T11:37:10","slug":"lille-lun-des-plus-gros-vendeurs-de-lhistoire-du-rap-francais-en-dedicace-a-la-fnac-vendredi","status":"publish","type":"post","link":"https:\/\/www.europesays.com\/fr\/114205\/","title":{"rendered":"Lille. L&rsquo;un des plus gros vendeurs de l&rsquo;histoire du rap fran\u00e7ais en d\u00e9dicace \u00e0 la Fnac vendredi"},"content":{"rendered":"<p>            Par<br \/>\n        <strong><br \/>\n            <a href=\"https:\/\/actu.fr\/auteur\/margot-nicodeme\" title=\"Consulter tous les articles de Margot Nicod\u00e8me\" rel=\"nofollow noopener\" target=\"_blank\">Margot Nicod\u00e8me<\/a><br \/>\n        <\/strong><\/p>\n<p>        Publi\u00e9 le<\/p>\n<p>            20 mai 2025 \u00e0 12h40        <\/p>\n<p>Partout o\u00f9 il va, il cr\u00e9e l\u2019engouement. Sa venue \u00e0<b> la Fnac de <a href=\"https:\/\/actu.fr\/hauts-de-france\/lille_59350\" rel=\"nofollow noopener\" target=\"_blank\">Lille<\/a><\/b> (Nord), pour la sortie de son dernier album intitul\u00e9 B\u0112Y \u0100H, s\u2019annonce ainsi comme un \u00e9v\u00e9nement immanquable, pour les fans. <a href=\"https:\/\/actu.fr\/tag\/damso\" rel=\"nofollow noopener\" target=\"_blank\"><b>Damso<\/b><\/a>, l\u2019un des plus gros vendeurs de l\u2019histoire du<b> rap fran\u00e7ais<\/b>, sera bel et bien dans la Capitale des Flandres ce<b> vendredi 23 mai \u00e0 17h<\/b> pour une <b>s\u00e9ance de d\u00e9dicace<\/b>. Ouverture imminente de la billetterie !<\/p>\n<p>Damso en d\u00e9dicace \u00e0 la Fnac de Lille, qui inaugure son tout nouveau corner rap<\/p>\n<p class=\" wall-content\">Les invit\u00e9s prestigieux se succ\u00e8dent, \u00e0 la Fnac lilloise, alors que Clara Luciani avait enflamm\u00e9 les rayons lors <a href=\"https:\/\/www.tiktok.com\/@margot8214\/video\/7489426232250027286?_r=1&amp;_t=ZN-8wVf0G6T5fS\" rel=\"nofollow noopener\" target=\"_blank\">d\u2019un showcase le 4 avril 2025<\/a>. Avec sa tourn\u00e9e des Fnac de France, Damso promeut par la m\u00eame occasion <b>le d\u00e9ploiement des nouveaux corners <a href=\"https:\/\/actu.fr\/tag\/rap\" rel=\"nofollow noopener\" target=\"_blank\">rap<\/a><\/b> de l\u2019enseigne.<\/p>\n<blockquote class=\"tiktok-embed\" cite=\"https:\/\/www.tiktok.com\/@margot8214\/video\/7489426232250027286\" data-video-id=\"7489426232250027286\" data-embed-from=\"oembed\" style=\"max-width:605px; min-width:325px;\"><p>\n<a target=\"_blank\" title=\"@margot8214\" href=\"https:\/\/www.tiktok.com\/@margot8214?refer=embed\" rel=\"nofollow noopener\">@margot8214<\/a> <\/p>\n<p>Clara Luciani est \u00e0 Lille ce vendredi 4 avril 2025 \u2013 showcase et s\u00e9ance de d\u00e9dicaces au programme \ud83c\udfb6 @LilleActu <\/p>\n<p> <a target=\"_blank\" title=\"\u266c son original - Margot\" href=\"https:\/\/www.tiktok.com\/music\/son-original-7489426239204199190?refer=embed\" rel=\"nofollow noopener\">\u266c son original \u2013 Margot<\/a> <\/p>\n<\/blockquote>\n<p class=\" wall-content\">Pour avoir une chance d\u2019approcher de pr\u00e8s l\u2019artiste belge aux plus de 5 milliards d\u2019\u00e9coutes sur les plateformes et aux trois millions d\u2019albums vendus, il est imp\u00e9ratif de d\u00e9crocher sa place. On se rassure, c\u2019est gratuit, mais il faudra \u00eatre rapide : rendez-vous <a href=\"https:\/\/leclaireur.fnac.com\/evenement\/cp66942-damso-en-dedicace-a-la-fnac-lille-creteil-la-defense-val-deurope-sur-inscription\/\" rel=\"nofollow noopener\" target=\"_blank\">sur ce lien mercredi 21 mai<\/a>, \u00e0 11h p\u00e9tantes.\u00a0<\/p>\n<p class=\" wall-content\"><a href=\"https:\/\/www.instagram.com\/p\/DJEQ7TMIbnH\/embed\" title=\"Ouvrir le lien sur Instagram\" rel=\"nofollow noopener\" target=\"_blank\">Visualiser le contenu sur Instagram<\/a><\/p>\n<p class=\" wall-content\">Chacun pourra repartir avec son exemplaire d\u00e9dicac\u00e9 de B\u0112Y \u0100H, nouvel album de Damso teas\u00e9 depuis mai 2024. Bonne chance !<\/p>\n<p>Vid\u00e9os : en ce moment sur Actu<\/p>\n<p class=\" wall-content\">Suivez toute l\u2019actualit\u00e9 de vos villes et m\u00e9dias favoris en vous inscrivant \u00e0 <a href=\"https:\/\/moncompte.actu.fr\" title=\"D\u00e9couvez Mon Actu\" rel=\"nofollow noopener\" data-trk=\"{&quot;cta&quot;:{&quot;action&quot;:&quot;https:\\\/\\\/moncompte.actu.fr&quot;,&quot;category&quot;:&quot;mon compte&quot;,&quot;from&quot;:&quot;article footer&quot;,&quot;name&quot;:&quot;Mon actu&quot;,&quot;type&quot;:&quot;cta&quot;}}\" target=\"_blank\">Mon Actu<\/a>.<\/p>\n<p>                    <script async src=\"\/\/www.instagram.com\/embed.js\"><\/script><script async src=\"\/\/www.tiktok.com\/embed.js\"><\/script><\/p>\n","protected":false},"excerpt":{"rendered":"Par Margot Nicod\u00e8me Publi\u00e9 le 20 mai 2025 \u00e0 12h40 Partout o\u00f9 il va, il cr\u00e9e l\u2019engouement. Sa&hellip;\n","protected":false},"author":2,"featured_media":114206,"comment_status":"","ping_status":"","sticky":false,"template":"","format":"standard","meta":{"footnotes":""},"categories":[2815],"tags":[1111,11,23412,1777,674,3696,1011,27,811,1307,12,3616,25],"class_list":{"0":"post-114205","1":"post","2":"type-post","3":"status-publish","4":"format-standard","5":"has-post-thumbnail","7":"category-lille","8":"tag-actu","9":"tag-actualites","10":"tag-damso","11":"tag-eu","12":"tag-europe","13":"tag-evenements","14":"tag-fr","15":"tag-france","16":"tag-hauts-de-france","17":"tag-lille","18":"tag-news","19":"tag-rap","20":"tag-republique-francaise"},"share_on_mastodon":{"url":"https:\/\/pubeurope.com\/@fr\/114539963589879768","error":""},"_links":{"self":[{"href":"https:\/\/www.europesays.com\/fr\/wp-json\/wp\/v2\/posts\/114205","targetHints":{"allow":["GET"]}}],"collection":[{"href":"https:\/\/www.europesays.com\/fr\/wp-json\/wp\/v2\/posts"}],"about":[{"href":"https:\/\/www.europesays.com\/fr\/wp-json\/wp\/v2\/types\/post"}],"author":[{"embeddable":true,"href":"https:\/\/www.europesays.com\/fr\/wp-json\/wp\/v2\/users\/2"}],"replies":[{"embeddable":true,"href":"https:\/\/www.europesays.com\/fr\/wp-json\/wp\/v2\/comments?post=114205"}],"version-history":[{"count":0,"href":"https:\/\/www.europesays.com\/fr\/wp-json\/wp\/v2\/posts\/114205\/revisions"}],"wp:featuredmedia":[{"embeddable":true,"href":"https:\/\/www.europesays.com\/fr\/wp-json\/wp\/v2\/media\/114206"}],"wp:attachment":[{"href":"https:\/\/www.europesays.com\/fr\/wp-json\/wp\/v2\/media?parent=114205"}],"wp:term":[{"taxonomy":"category","embeddable":true,"href":"https:\/\/www.europesays.com\/fr\/wp-json\/wp\/v2\/categories?post=114205"},{"taxonomy":"post_tag","embeddable":true,"href":"https:\/\/www.europesays.com\/fr\/wp-json\/wp\/v2\/tags?post=114205"}],"curies":[{"name":"wp","href":"https:\/\/api.w.org\/{rel}","templated":true}]}}