{"id":114210,"date":"2025-05-20T11:40:13","date_gmt":"2025-05-20T11:40:13","guid":{"rendered":"https:\/\/www.europesays.com\/fr\/114210\/"},"modified":"2025-05-20T11:40:13","modified_gmt":"2025-05-20T11:40:13","slug":"le-chef-des-jeunes-socialistes-braque-la-caisse-du-parti-lors-de-la-fete-de-la-rose-et-finit-au-tribunal","status":"publish","type":"post","link":"https:\/\/www.europesays.com\/fr\/114210\/","title":{"rendered":"Le chef des Jeunes socialistes braque la caisse du parti lors de la \u00ab f\u00eate de la rose \u00bb et finit au tribunal"},"content":{"rendered":"<p><strong>G\u00eanance &#8211; La f\u00e9d\u00e9 locale du PS de Marseille avait tent\u00e9 d\u2019\u00e9touffer la peu glorieuse affaire en retirant sa plainte une fois les auteurs confondus. Ils ont \u00e9t\u00e9 jug\u00e9s ce lundi<\/strong><\/p>\n<p>Un petit larcin, sans envergure, mais qui fait t\u00e2che \u00e0 la f\u00e9d\u00e9ration du <a href=\"https:\/\/www.20minutes.fr\/politique\/ps\/?at_medium=RSS%20feed&amp;at_campaign=ynews&amp;utm_source=yahoo&amp;utm_medium=rss&amp;utm_campaign=news_feed&amp;utm_content=in_article_link\" rel=\"nofollow noopener\" target=\"_blank\" data-ylk=\"slk:PS;elm:context_link;itc:0;sec:content-canvas\" class=\"link \">PS <\/a>des <a href=\"https:\/\/www.20minutes.fr\/dossier\/bouches-rhone?at_medium=RSS%20feed&amp;at_campaign=ynews&amp;utm_source=yahoo&amp;utm_medium=rss&amp;utm_campaign=news_feed&amp;utm_content=in_article_link\" rel=\"nofollow noopener\" target=\"_blank\" data-ylk=\"slk:Bouches-du-Rh\u00f4ne;elm:context_link;itc:0;sec:content-canvas\" class=\"link \">Bouches-du-Rh\u00f4ne <\/a>et pour les \u00e9lus socialistes de <a href=\"https:\/\/www.20minutes.fr\/marseille\/?at_medium=RSS%20feed&amp;at_campaign=ynews&amp;utm_source=yahoo&amp;utm_medium=rss&amp;utm_campaign=news_feed&amp;utm_content=in_article_link\" rel=\"nofollow noopener\" target=\"_blank\" data-ylk=\"slk:Marseille;elm:context_link;itc:0;sec:content-canvas\" class=\"link \">Marseille <\/a>aux manettes de la ville. Et la trahison ne vient jamais mieux que par les siens, en la personne d\u2019Enzo P., alors r\u00e9f\u00e9rent local des Jeunes socialistes et toujours membre et toujours membre du bureau national de cette organisation de jeunesse.<\/p>\n<p>Ce 14 septembre\u00a02024, la \u00ab\u00a0F\u00eate de la rose\u00a0\u00bb b\u00e2t son plein \u00e0 la Friche de la belle de mai en r\u00e9unissant 700 militants et sympathisants, ragaillardis par le score du PS aux Europ\u00e9ennes, et leur bon accord avec le NFP qui leur a permis d\u2019obtenir une soixantaine de d\u00e9put\u00e9s. Et au milieu de la f\u00eate, la caisse, contenant 3.000 euros, dont une moiti\u00e9 en ch\u00e8que, s\u2019envole, <a href=\"https:\/\/marsactu.fr\/pieds-nickeles-conflit-larve-et-poussiere-sous-le-tapis-au-proces-du-vol-du-ps-13\/?at_medium=RSS%20feed&amp;at_campaign=ynews&amp;utm_source=yahoo&amp;utm_medium=rss&amp;utm_campaign=news_feed&amp;utm_content=in_article_link\" rel=\"nofollow noopener\" target=\"_blank\" data-ylk=\"slk:avait relat\u00e9 Marsactu.;elm:context_link;itc:0;sec:content-canvas\" class=\"link \">avait relat\u00e9 Marsactu.<\/a><\/p>\n<p>Une histoire de chantage<\/p>\n<p>La f\u00e9d\u00e9ration du PS d\u00e9pose plainte et les enqu\u00eateurs remontent rapidement, gr\u00e2ce \u00e0 la vid\u00e9osurveillance, \u00e0 Enzo P. donc et Moussa S., employ\u00e9 \u00e0 la mairie du 2\/3, tenu par Anthony Krehmeier, un proche de Beno\u00eet Payan qui lui a laiss\u00e9 sa place, une fois son fauteuil \u00e0 la mairie central acquis.<\/p>\n<p>Plus \u00e9tonnant, les deux auteurs ont pris la fuite au volent d\u2019une voiture appartenant au parc municipal de la ville avant de d\u00e9poser leur recette dans un bureau de la mairie des 2e\/3e. Une poign\u00e9e de semaines plus tard, le jeune socialiste rend finalement l\u2019argent et la f\u00e9d\u00e9 retire sa plainte, mais le parquet d\u00e9cide de maintenir ses poursuites.<\/p>\n<p>Jug\u00e9s, ce lundi 19\u00a0mai, Enzo P. a endoss\u00e9 la responsabilit\u00e9 (&#8230;)<\/p>\n<p><a href=\"https:\/\/www.20minutes.fr\/faits_divers\/faits-divers-marseille\/4154411-20250520-marseille-chef-jeunes-socialistes-braque-caisse-parti-lors-fete-rose-finit-tribunal?at_medium=RSS%20feed&amp;at_campaign=ynews&amp;utm_source=yahoo&amp;utm_medium=rss&amp;utm_campaign=news_feed&amp;utm_content=read_more_link&quot;\" rel=\"nofollow noopener\" target=\"_blank\" data-ylk=\"slk:Lire la suite sur 20minutes;elm:context_link;itc:0;sec:content-canvas\" class=\"link \">Lire la suite sur 20minutes<\/a><\/p>\n<p>\u00c0 lire aussi :<br \/><a href=\"https:\/\/www.20minutes.fr\/politique\/4142400-20250315-municipales-2026-marseille-payan-vassal-allisio-delogu-muselier-declarera-candidat-premier?at_medium=RSS%20feed&amp;at_campaign=ynews&amp;utm_source=yahoo&amp;utm_medium=rss&amp;utm_campaign=news_feed&amp;utm_content=related_content_link\" rel=\"nofollow noopener\" target=\"_blank\" data-ylk=\"slk:Municipales\u00a02026 \u00e0 Marseille\u00a0: Payan, Vassal, Allisio, Delogu ou Muselier\u2026 Qui se d\u00e9clarera candidat en premier\u00a0?;elm:context_link;itc:0;sec:content-canvas\" class=\"link \">Municipales\u00a02026 \u00e0 Marseille\u00a0: Payan, Vassal, Allisio, Delogu ou Muselier\u2026 Qui se d\u00e9clarera candidat en premier\u00a0?<\/a><br \/><a href=\"https:\/\/www.20minutes.fr\/justice\/4028083-20230315-marseille-prison-ferme-requise-contre-ancien-depute-henri-jibrayel?at_medium=RSS%20feed&amp;at_campaign=ynews&amp;utm_source=yahoo&amp;utm_medium=rss&amp;utm_campaign=news_feed&amp;utm_content=related_content_link\" rel=\"nofollow noopener\" target=\"_blank\" data-ylk=\"slk:Marseille\u00a0: Prison ferme requise contre l\u2019ancien d\u00e9put\u00e9 PS Henri Jibrayel;elm:context_link;itc:0;sec:content-canvas\" class=\"link \">Marseille\u00a0: Prison ferme requise contre l\u2019ancien d\u00e9put\u00e9 PS Henri Jibrayel<\/a><\/p>\n","protected":false},"excerpt":{"rendered":"G\u00eanance &#8211; La f\u00e9d\u00e9 locale du PS de Marseille avait tent\u00e9 d\u2019\u00e9touffer la peu glorieuse affaire en retirant&hellip;\n","protected":false},"author":2,"featured_media":114211,"comment_status":"","ping_status":"","sticky":false,"template":"","format":"standard","meta":{"footnotes":""},"categories":[2814],"tags":[1111,11,885,1777,674,23414,1011,27,884,12,23413,882,25],"class_list":{"0":"post-114210","1":"post","2":"type-post","3":"status-publish","4":"format-standard","5":"has-post-thumbnail","7":"category-marseille","8":"tag-actu","9":"tag-actualites","10":"tag-bouches-du-rhone","11":"tag-eu","12":"tag-europe","13":"tag-fete-de-la-rose","14":"tag-fr","15":"tag-france","16":"tag-marseille","17":"tag-news","18":"tag-organisation-de-jeunesse","19":"tag-provence-alpes-cote-dazur","20":"tag-republique-francaise"},"share_on_mastodon":{"url":"https:\/\/pubeurope.com\/@fr\/114539975333254503","error":""},"_links":{"self":[{"href":"https:\/\/www.europesays.com\/fr\/wp-json\/wp\/v2\/posts\/114210","targetHints":{"allow":["GET"]}}],"collection":[{"href":"https:\/\/www.europesays.com\/fr\/wp-json\/wp\/v2\/posts"}],"about":[{"href":"https:\/\/www.europesays.com\/fr\/wp-json\/wp\/v2\/types\/post"}],"author":[{"embeddable":true,"href":"https:\/\/www.europesays.com\/fr\/wp-json\/wp\/v2\/users\/2"}],"replies":[{"embeddable":true,"href":"https:\/\/www.europesays.com\/fr\/wp-json\/wp\/v2\/comments?post=114210"}],"version-history":[{"count":0,"href":"https:\/\/www.europesays.com\/fr\/wp-json\/wp\/v2\/posts\/114210\/revisions"}],"wp:featuredmedia":[{"embeddable":true,"href":"https:\/\/www.europesays.com\/fr\/wp-json\/wp\/v2\/media\/114211"}],"wp:attachment":[{"href":"https:\/\/www.europesays.com\/fr\/wp-json\/wp\/v2\/media?parent=114210"}],"wp:term":[{"taxonomy":"category","embeddable":true,"href":"https:\/\/www.europesays.com\/fr\/wp-json\/wp\/v2\/categories?post=114210"},{"taxonomy":"post_tag","embeddable":true,"href":"https:\/\/www.europesays.com\/fr\/wp-json\/wp\/v2\/tags?post=114210"}],"curies":[{"name":"wp","href":"https:\/\/api.w.org\/{rel}","templated":true}]}}