{"id":114214,"date":"2025-05-20T11:42:07","date_gmt":"2025-05-20T11:42:07","guid":{"rendered":"https:\/\/www.europesays.com\/fr\/114214\/"},"modified":"2025-05-20T11:42:07","modified_gmt":"2025-05-20T11:42:07","slug":"lyon-jean-michel-aulas-attaque-un-media-lyonnais-en-justice-on-vous-resume-laffaire","status":"publish","type":"post","link":"https:\/\/www.europesays.com\/fr\/114214\/","title":{"rendered":"Lyon. Jean-Michel Aulas attaque un m\u00e9dia lyonnais en justice : on vous r\u00e9sume l&rsquo;affaire"},"content":{"rendered":"<p>            Par<br \/>\n        <strong><br \/>\n            <a href=\"https:\/\/actu.fr\/auteur\/theo-zuili\" title=\"Consulter tous les articles de Th\u00e9o Zuili\" rel=\"nofollow noopener\" target=\"_blank\">Th\u00e9o Zuili<\/a><br \/>\n        <\/strong><\/p>\n<p>        Publi\u00e9 le<\/p>\n<p>            20 mai 2025 \u00e0 13h27        <\/p>\n<p>Une <strong>a\u00e9rogare pour jets priv\u00e9s<\/strong> \u00e0 50 millions de dollars inaugur\u00e9e \u00e0 Miami en f\u00e9vrier 2023, la 58\u1d49 fortune de France, un \u00ab\u00a0montage de soci\u00e9t\u00e9s offshores imbriqu\u00e9es fa\u00e7on poup\u00e9es russes\u00a0\u00bb en passant par les paradis fiscaux du Delaware, des \u00celes Vierges britanniques et du Luxembourg\u2026 et au milieu de tous ces dr\u00f4les de mots, le nom de l\u2019ex-pr\u00e9sident de l\u2019OL : <a href=\"https:\/\/actu.fr\/tag\/jean-michel-aulas\" rel=\"nofollow noopener\" target=\"_blank\">Jean-Michel Aulas<\/a>. <br \/>C\u2019est le contenu d\u2019une enqu\u00eate de nos confr\u00e8res de Rue89Lyon, publi\u00e9e en octobre 2023 et intitul\u00e9e <a href=\"https:\/\/www.rue89lyon.fr\/2023\/10\/16\/aulas-jet-prive-paradis-fiscaux\/\" rel=\"nofollow noopener\" target=\"_blank\">\u00ab\u00a0Les Aulas s\u2019envolent en jet priv\u00e9 vers les paradis fiscaux\u00a0\u00bb<\/a>. Celui qui laisse planer <a href=\"https:\/\/actu.fr\/auvergne-rhone-alpes\/lyon_69123\/municipales-2026-a-lyon-jean-michel-aulas-fait-un-point-sur-ses-intentions-de-candidature_62628277.html\" rel=\"nofollow noopener\" target=\"_blank\">sa potentielle candidature \u00e0 la mairie<\/a> de Lyon en 2026 <strong>a<\/strong> <strong>attaqu\u00e9 en justice le m\u00e9dia<\/strong> ind\u00e9pendant lyonnais pour diffamation. Alors que Rue89\u00a0est convoqu\u00e9 au tribunal judiciaire de <a href=\"https:\/\/actu.fr\/auvergne-rhone-alpes\/lyon_69123\" rel=\"nofollow noopener\" target=\"_blank\">Lyon<\/a> ce mardi 20 mai, on vous d\u00e9m\u00eale tout \u00e7a.<\/p>\n<p>Des documents opaques r\u00e9v\u00e8lent des investissements significatifs<\/p>\n<p class=\" wall-content\">Bas\u00e9e sur les documents OpenLux diffus\u00e9s par le journal Le Monde en 2021 permettant de passer au peigne fin les millions de donn\u00e9es publiques financi\u00e8res du Luxembourg, l\u2019enqu\u00eate des journalistes de Rue89Lyon r\u00e9v\u00e9lait que Jean-Michel Aulas \u00e9tait, aux c\u00f4t\u00e9s de son fils Alexandre,<strong> l\u2019un des cofondateurs d\u2019Embassair Group International<\/strong>, une soci\u00e9t\u00e9 anonyme domicili\u00e9e au Luxembourg qui exploite un terminal de luxe sp\u00e9cialis\u00e9 dans l\u2019accueil des jets priv\u00e9s, \u00e0 Miami.<\/p>\n<p class=\" wall-content\">\u00ab\u00a0Le concept a \u00e9t\u00e9 d\u00e9ve\u00adlopp\u00e9 par mon ami Frank\u00adlin Devaux [53e fortune de France en 2023], mais le projet a \u00e9t\u00e9 <strong>mis en \u0153uvre par son fils Franck et le mien<\/strong> Alexandre\u00a0\u00bb, f\u00e9licitait Jean-Michel Aulas dans son auto-biographie, \u00e0 propos d\u2019Embassair.<\/p>\n<p class=\" wall-content\">Rue89Lyon r\u00e9v\u00e9lait que la famille Aulas aurait investi <strong>au moins 1,1 million d\u2019euros<\/strong> dans Embassair Group International jusqu\u2019en 2019, et poss\u00e9daient alors 33,22 % des actions de cat\u00e9gorie A de la soci\u00e9t\u00e9 via leur holding familiale Holnest.<\/p>\n<p>Pollution et optimisation fiscale<\/p>\n<p class=\" wall-content\">Le m\u00e9dia lyonnais n\u2019a pas manqu\u00e9 de rappeler <a href=\"https:\/\/actu.fr\/planete\/pollution\/toujours-plus-de-trafic-aerien-et-d-effets-nefastes-pour-la-sante-et-l-environnement_58938197.html\" rel=\"nofollow noopener\" target=\"_blank\">l\u2019impact de l\u2019explosion de la flotte mondiale de l\u2019aviation de luxe<\/a> au cours des deux d\u00e9cennies, soulignant que les jets priv\u00e9s rejettent 5 \u00e0 14 fois plus de carbone que les vols commerciaux, et 50 fois plus que le train.<\/p>\n<p class=\" wall-content\">Rue89Lyon mettait \u00e9galement en lumi\u00e8re l\u2019optimisation fiscale avantageuse \u00ab\u00a0qui <strong>pourrait opacifier<\/strong> les remont\u00e9es d\u2019argent\u00a0\u00bb mise en place autour d\u2019Embassair, en passant par les \u00eeles Vierges Britanniques, le Delaware, la Floride et le Luxembourg.<\/p>\n<p>\u00ab\u00a0Des informations calomnieuses\u00a0\u00bb<\/p>\n<p class=\" wall-content\">Rue89 ne d\u00e9voile <strong>rien d\u2019ill\u00e9gal<\/strong>, mais assez pour faire r\u00e9agir Jean-Michel Aulas et son fils qui, d\u00e8s le lendemain de la publication de l\u2019enqu\u00eate, d\u00e9noncent \u00ab\u00a0des informations calomnieuses\u00a0\u00bb.<\/p>\n<p class=\" wall-content\">Dans un communiqu\u00e9, Holnest \u00ab\u00a0annonce assigner en justice<strong> toute personne diffusant des informations trompeuses<\/strong> visant \u00e0 calomnier et \u00e0 salir l\u2019image de la soci\u00e9t\u00e9 et ses collaborateurs\u00a0\u00bb.<\/p>\n<p class=\" wall-content\">\u00ab\u00a0La soci\u00e9t\u00e9 Holnest <strong>a investi significativement<\/strong> afin de soutenir le d\u00e9veloppement d\u2019Embassair Group International [\u2026] afin de conforter son aventure entrepreneuriale\u00a0\u00bb, justifie-t-on dans le m\u00eame communiqu\u00e9.<\/p>\n<p>\u00ab\u00a0Un proc\u00e8s-b\u00e2illon\u00a0\u00bb<\/p>\n<p class=\" wall-content\">\u00ab\u00a0C\u2019est ce qu\u2019on appelle un proc\u00e8s-b\u00e2illon\u00a0\u00bb, d\u00e9nonce en retour le m\u00e9dia Rue89Lyon, qui assure n\u2019avoir obtenu<strong> aucune r\u00e9ponse aux sollicitations<\/strong> men\u00e9es durant leur enqu\u00eate ni aucun \u00e9l\u00e9ment pouvant prouver le contraire des faits all\u00e9gu\u00e9s.<\/p>\n<blockquote class=\"ac-article-quote wall-content\">\n<p>Utiliser la justice pour faire pression sur un m\u00e9dia ind\u00e9pendant, disposant de moyens financiers limit\u00e9s, cela a forc\u00e9ment un impact pour notre r\u00e9daction, car cette proc\u00e9dure nous demande du temps, de l\u2019argent, de l\u2019\u00e9nergie.<\/p>\n<p>    <strong>Rue89Lyon<\/strong>\n            <\/p><\/blockquote>\n<p class=\" wall-content\">Le m\u00e9dia lyonnais a-t-il cherch\u00e9 \u00e0 calomnier et \u00e0 salir l\u2019image de la soci\u00e9t\u00e9 et ses collaborateurs, ou s\u2019est-il content\u00e9 de r\u00e9v\u00e9ler les faits en leur possession ? C\u2019est ce que devra d\u00e9terminer le proc\u00e8s pour diffamation ouvert \u00e0 l\u2019encontre de Rue89Lyon. Ce mardi, une simple \u00ab\u00a0audience relais\u00a0\u00bb se d\u00e9roule au tribunal de Lyon, sans \u00e9voquer encore le fond de l\u2019affaire \u00e0 ce stade de la proc\u00e9dure.<\/p>\n<p class=\" wall-content\">Sollicit\u00e9e par actu Lyon, Holnest ne souhaite pas communiquer pour l\u2019instant.<\/p>\n<p class=\" wall-content\">Suivez toute l\u2019actualit\u00e9 de vos villes et m\u00e9dias favoris en vous inscrivant \u00e0 <a href=\"https:\/\/moncompte.actu.fr\" title=\"D\u00e9couvez Mon Actu\" rel=\"nofollow noopener\" data-trk=\"{&quot;cta&quot;:{&quot;action&quot;:&quot;https:\\\/\\\/moncompte.actu.fr&quot;,&quot;category&quot;:&quot;mon compte&quot;,&quot;from&quot;:&quot;article footer&quot;,&quot;name&quot;:&quot;Mon actu&quot;,&quot;type&quot;:&quot;cta&quot;}}\" target=\"_blank\">Mon Actu<\/a>.<\/p>\n<ul class=\"ac-article-tag wall-content\">\n<li><a href=\"https:\/\/actu.fr\/tag\/jean-michel-aulas\" data-trk=\"{&quot;cta&quot;:{&quot;action&quot;:&quot;Jean-Michel Aulas&quot;,&quot;category&quot;:&quot;tag&quot;,&quot;from&quot;:&quot;article footer&quot;,&quot;name&quot;:&quot;Jean-Michel Aulas&quot;,&quot;type&quot;:&quot;cta&quot;}}\" rel=\"nofollow noopener\" target=\"_blank\">#Jean-Michel Aulas<\/a><\/li>\n<li><a href=\"https:\/\/actu.fr\/tag\/justice\" data-trk=\"{&quot;cta&quot;:{&quot;action&quot;:&quot;Justice&quot;,&quot;category&quot;:&quot;tag&quot;,&quot;from&quot;:&quot;article footer&quot;,&quot;name&quot;:&quot;Justice&quot;,&quot;type&quot;:&quot;cta&quot;}}\" rel=\"nofollow noopener\" target=\"_blank\">#Justice<\/a><\/li>\n<\/ul>\n","protected":false},"excerpt":{"rendered":"Par Th\u00e9o Zuili Publi\u00e9 le 20 mai 2025 \u00e0 13h27 Une a\u00e9rogare pour jets priv\u00e9s \u00e0 50 millions&hellip;\n","protected":false},"author":2,"featured_media":114215,"comment_status":"","ping_status":"","sticky":false,"template":"","format":"standard","meta":{"footnotes":""},"categories":[1889],"tags":[1111,11,2430,1777,674,1011,27,5227,303,2428,12,25,104],"class_list":{"0":"post-114214","1":"post","2":"type-post","3":"status-publish","4":"format-standard","5":"has-post-thumbnail","7":"category-lyon","8":"tag-actu","9":"tag-actualites","10":"tag-auvergne-rhone-alpes","11":"tag-eu","12":"tag-europe","13":"tag-fr","14":"tag-france","15":"tag-jean-michel-aulas","16":"tag-justice","17":"tag-lyon","18":"tag-news","19":"tag-republique-francaise","20":"tag-societe"},"share_on_mastodon":{"url":"https:\/\/pubeurope.com\/@fr\/114539983230274340","error":""},"_links":{"self":[{"href":"https:\/\/www.europesays.com\/fr\/wp-json\/wp\/v2\/posts\/114214","targetHints":{"allow":["GET"]}}],"collection":[{"href":"https:\/\/www.europesays.com\/fr\/wp-json\/wp\/v2\/posts"}],"about":[{"href":"https:\/\/www.europesays.com\/fr\/wp-json\/wp\/v2\/types\/post"}],"author":[{"embeddable":true,"href":"https:\/\/www.europesays.com\/fr\/wp-json\/wp\/v2\/users\/2"}],"replies":[{"embeddable":true,"href":"https:\/\/www.europesays.com\/fr\/wp-json\/wp\/v2\/comments?post=114214"}],"version-history":[{"count":0,"href":"https:\/\/www.europesays.com\/fr\/wp-json\/wp\/v2\/posts\/114214\/revisions"}],"wp:featuredmedia":[{"embeddable":true,"href":"https:\/\/www.europesays.com\/fr\/wp-json\/wp\/v2\/media\/114215"}],"wp:attachment":[{"href":"https:\/\/www.europesays.com\/fr\/wp-json\/wp\/v2\/media?parent=114214"}],"wp:term":[{"taxonomy":"category","embeddable":true,"href":"https:\/\/www.europesays.com\/fr\/wp-json\/wp\/v2\/categories?post=114214"},{"taxonomy":"post_tag","embeddable":true,"href":"https:\/\/www.europesays.com\/fr\/wp-json\/wp\/v2\/tags?post=114214"}],"curies":[{"name":"wp","href":"https:\/\/api.w.org\/{rel}","templated":true}]}}