{"id":1142141,"date":"2026-08-22T11:53:16","date_gmt":"2026-08-22T11:53:16","guid":{"rendered":"https:\/\/www.europesays.com\/fr\/1142141\/"},"modified":"2026-08-22T11:53:16","modified_gmt":"2026-08-22T11:53:16","slug":"grenoble-guerre-des-gangs-une-serie-de-fusillades-a-la-kalachnikov-depuis-le-debut-du-mois-daout","status":"publish","type":"post","link":"https:\/\/www.europesays.com\/fr\/1142141\/","title":{"rendered":"Grenoble. Guerre des gangs\u00a0: une s\u00e9rie de fusillades \u00e0 la kalachnikov depuis le d\u00e9but du mois d\u2019ao\u00fbt"},"content":{"rendered":"<p>Un chapitre suppl\u00e9mentaire dans la longue histoire de la guerre des gangs qui ensanglante le milieu du trafic de\u00a0stup\u00e9fiants dans l\u2019agglom\u00e9ration\u00a0grenobloise semble s\u2019\u00e9crire depuis quelques semaines, au c\u0153ur de cet \u00e9t\u00e9 suffocant\u00a0: selon les informations du Dauphin\u00e9 Lib\u00e9r\u00e9 , le puissant r\u00e9seau de la cit\u00e9 Mistral et celui de la place Beaumarchais \u00e0 \u00c9chirolles se rendent coup pour coup dans une succession d\u2019attaques \u00e0 main arm\u00e9e sur les points de deal.<\/p>\n<p>Dernier \u00e9v\u00e9nement en date\u00a0: une s\u00e9rie de coups de feu tir\u00e9s par des inconnus vers 0\u00a0h\u00a030 dans la nuit du vendredi\u00a021 au samedi 22\u00a0ao\u00fbt \u00e0 la hauteur des 72 et 74 avenue Rhin-et-Danube, en plein&#8230;<\/p>\n","protected":false},"excerpt":{"rendered":"Un chapitre suppl\u00e9mentaire dans la longue histoire de la guerre des gangs qui ensanglante le milieu du trafic&hellip;\n","protected":false},"author":2,"featured_media":1142142,"comment_status":"","ping_status":"","sticky":false,"template":"","format":"standard","meta":{"footnotes":"","_share_on_mastodon":"0"},"categories":[9566],"tags":[1111,11,2430,271,272,9852,9853,112,1777,674,274,107,1011,27,2731,2732,108,12,25],"class_list":["post-1142141","post","type-post","status-publish","format-standard","has-post-thumbnail","category-grenoble","tag-actu","tag-actualites","tag-auvergne-rhone-alpes","tag-crime","tag-delit-et-contravention","tag-echirolles","tag-echirolles-bassin","tag-edition-grenoble-agglomeration","tag-eu","tag-europe","tag-faits-divers-justice","tag-fil-info","tag-fr","tag-france","tag-grenoble","tag-grenoble-bassin","tag-isere","tag-news","tag-republique-francaise"],"share_on_mastodon":{"url":"https:\/\/pubeurope.com\/@fr\/117139027271708398","error":""},"_links":{"self":[{"href":"https:\/\/www.europesays.com\/fr\/wp-json\/wp\/v2\/posts\/1142141","targetHints":{"allow":["GET"]}}],"collection":[{"href":"https:\/\/www.europesays.com\/fr\/wp-json\/wp\/v2\/posts"}],"about":[{"href":"https:\/\/www.europesays.com\/fr\/wp-json\/wp\/v2\/types\/post"}],"author":[{"embeddable":true,"href":"https:\/\/www.europesays.com\/fr\/wp-json\/wp\/v2\/users\/2"}],"replies":[{"embeddable":true,"href":"https:\/\/www.europesays.com\/fr\/wp-json\/wp\/v2\/comments?post=1142141"}],"version-history":[{"count":0,"href":"https:\/\/www.europesays.com\/fr\/wp-json\/wp\/v2\/posts\/1142141\/revisions"}],"wp:featuredmedia":[{"embeddable":true,"href":"https:\/\/www.europesays.com\/fr\/wp-json\/wp\/v2\/media\/1142142"}],"wp:attachment":[{"href":"https:\/\/www.europesays.com\/fr\/wp-json\/wp\/v2\/media?parent=1142141"}],"wp:term":[{"taxonomy":"category","embeddable":true,"href":"https:\/\/www.europesays.com\/fr\/wp-json\/wp\/v2\/categories?post=1142141"},{"taxonomy":"post_tag","embeddable":true,"href":"https:\/\/www.europesays.com\/fr\/wp-json\/wp\/v2\/tags?post=1142141"}],"curies":[{"name":"wp","href":"https:\/\/api.w.org\/{rel}","templated":true}]}}