{"id":1142143,"date":"2026-08-22T11:54:22","date_gmt":"2026-08-22T11:54:22","guid":{"rendered":"https:\/\/www.europesays.com\/fr\/1142143\/"},"modified":"2026-08-22T11:54:22","modified_gmt":"2026-08-22T11:54:22","slug":"grenoble-un-grand-pique-nique-100-vegan-ce-dimanche","status":"publish","type":"post","link":"https:\/\/www.europesays.com\/fr\/1142143\/","title":{"rendered":"Grenoble : un grand pique-nique 100 % vegan ce dimanche"},"content":{"rendered":"<p itemprop=\"description\"><strong>\u2028L\u2019association FUTUR organise un pique-nique vegan ce dimanche 23 ao\u00fbt \u00e0 13h au parc Paul-Mistral, \u00e0 Grenoble. L\u2019\u00e9v\u00e9nement, ouvert aux curieux comme aux personnes d\u00e9j\u00e0 v\u00e9g\u00e9taliennes, s\u2019inscrit dans une op\u00e9ration organis\u00e9e dans 22 villes fran\u00e7aises.<\/strong><\/p>\n<p>Un pique-nique enti\u00e8rement v\u00e9g\u00e9tal prendra ses quartiers au parc Paul-Mistral dimanche 23 ao\u00fbt \u00e0 Grenoble.<\/p>\n<p>L\u2019initiative est port\u00e9e par l\u2019association FUTUR dans le cadre de sa \u00ab\u00a0FUTUR Vegan Experience\u00a0\u00bb. Le principe : chaque participant apporte une pr\u00e9paration 100 % vegan \u00e0 partager avec les autres, qu\u2019il s\u2019agisse d\u2019un plat sal\u00e9, d\u2019un dessert ou d\u2019une recette maison.<\/p>\n<p>Pique-nique et jeux au programme<\/p>\n<p>Le rendez-vous grenoblois est fix\u00e9 \u00e0 13h. Outre le repas partag\u00e9, des jeux sont annonc\u00e9s au programme.<\/p>\n<p>Il n\u2019est pas n\u00e9cessaire d\u2019\u00eatre vegan pour participer. L\u2019association souhaite \u00e9galement accueillir les personnes en transition vers une alimentation v\u00e9g\u00e9tale ou simplement curieuses de la d\u00e9couvrir. Un b\u00e9n\u00e9vole r\u00e9f\u00e9rent de FUTUR sera pr\u00e9sent pour accompagner les participants.<\/p>\n<p><a href=\"https:\/\/www.helloasso.com\/associations\/futur-paris\/evenements\/pic-nic-geants?utm_source=chatgpt.com\" target=\"_blank\" rel=\"noopener nofollow\">L\u2019inscription est conseill\u00e9e et gratuite<\/a>, avec une participation accessible \u00e0 partir de 0 euro. Un don libre peut \u00e9galement \u00eatre effectu\u00e9 au profit de l\u2019association.<\/p>\n<p>22 villes mobilis\u00e9es en France<\/p>\n<p>Grenoble fait partie des 22 villes retenues pour cette premi\u00e8re s\u00e9rie de pique-niques, organis\u00e9e les 23, 29 et 30 ao\u00fbt.<\/p>\n<p>Des rendez-vous similaires sont notamment pr\u00e9vus \u00e0 Annecy, Lyon, Clermont-Ferrand, Nice, Paris, Marseille ou encore Strasbourg. FUTUR annonce d\u00e9j\u00e0 plus de 270 inscrits au total et esp\u00e8re r\u00e9unir jusqu\u2019\u00e0 une cinquantaine de participants dans les plus grandes villes.<\/p>\n<p>L\u2019association envisage de renouveler l\u2019op\u00e9ration l\u2019ann\u00e9e prochaine dans une trentaine de villes si cette premi\u00e8re \u00e9dition rencontre le succ\u00e8s attendu.<\/p>\n","protected":false},"excerpt":{"rendered":"\u2028L\u2019association FUTUR organise un pique-nique vegan ce dimanche 23 ao\u00fbt \u00e0 13h au parc Paul-Mistral, \u00e0 Grenoble. L\u2019\u00e9v\u00e9nement,&hellip;\n","protected":false},"author":2,"featured_media":1142144,"comment_status":"","ping_status":"","sticky":false,"template":"","format":"standard","meta":{"footnotes":"","_share_on_mastodon":"0"},"categories":[9566],"tags":[1111,11,2813,2430,1109,251,1112,2811,1777,674,118,1011,27,21780,2731,14004,1922,1110,1114,108,12,316,25,2812,517,800],"class_list":["post-1142143","post","type-post","status-publish","format-standard","has-post-thumbnail","category-grenoble","tag-actu","tag-actualites","tag-article","tag-auvergne-rhone-alpes","tag-breves","tag-culture","tag-depeches","tag-economique","tag-eu","tag-europe","tag-faits-divers","tag-fr","tag-france","tag-gf38","tag-grenoble","tag-grenoblemag","tag-info","tag-informations","tag-infos","tag-isere","tag-news","tag-politique","tag-republique-francaise","tag-sociale","tag-sport","tag-transports"],"share_on_mastodon":{"url":"https:\/\/pubeurope.com\/@fr\/117139030865467450","error":""},"_links":{"self":[{"href":"https:\/\/www.europesays.com\/fr\/wp-json\/wp\/v2\/posts\/1142143","targetHints":{"allow":["GET"]}}],"collection":[{"href":"https:\/\/www.europesays.com\/fr\/wp-json\/wp\/v2\/posts"}],"about":[{"href":"https:\/\/www.europesays.com\/fr\/wp-json\/wp\/v2\/types\/post"}],"author":[{"embeddable":true,"href":"https:\/\/www.europesays.com\/fr\/wp-json\/wp\/v2\/users\/2"}],"replies":[{"embeddable":true,"href":"https:\/\/www.europesays.com\/fr\/wp-json\/wp\/v2\/comments?post=1142143"}],"version-history":[{"count":0,"href":"https:\/\/www.europesays.com\/fr\/wp-json\/wp\/v2\/posts\/1142143\/revisions"}],"wp:featuredmedia":[{"embeddable":true,"href":"https:\/\/www.europesays.com\/fr\/wp-json\/wp\/v2\/media\/1142144"}],"wp:attachment":[{"href":"https:\/\/www.europesays.com\/fr\/wp-json\/wp\/v2\/media?parent=1142143"}],"wp:term":[{"taxonomy":"category","embeddable":true,"href":"https:\/\/www.europesays.com\/fr\/wp-json\/wp\/v2\/categories?post=1142143"},{"taxonomy":"post_tag","embeddable":true,"href":"https:\/\/www.europesays.com\/fr\/wp-json\/wp\/v2\/tags?post=1142143"}],"curies":[{"name":"wp","href":"https:\/\/api.w.org\/{rel}","templated":true}]}}