{"id":1142188,"date":"2026-08-22T12:30:18","date_gmt":"2026-08-22T12:30:18","guid":{"rendered":"https:\/\/www.europesays.com\/fr\/1142188\/"},"modified":"2026-08-22T12:30:18","modified_gmt":"2026-08-22T12:30:18","slug":"le-prince-harry-condamne-a-des-millions-par-la-justice-cette-somme-folle-quil-doit-payer-avant-son-retour-au-royaume-uni","status":"publish","type":"post","link":"https:\/\/www.europesays.com\/fr\/1142188\/","title":{"rendered":"Le prince Harry condamn\u00e9 \u00e0 des millions par la justice : cette somme folle qu\u2019il doit payer avant son retour au Royaume-Uni"},"content":{"rendered":"<p>Exil\u00e9s \u00e0 Montecito en Californie depuis 2020, le prince Harry et <a href=\"https:\/\/www.voici.fr\/bios-people\/meghan-markle\" data-link-people=\"8a23d5bc-482c-4ab4-8aa0-2499282c8fdd\" rel=\"nofollow noopener\" target=\"_blank\">Meghan Markle<\/a><strong> s&rsquo;appr\u00eatent \u00e0 revenir s&rsquo;installer au Royaume-Uni. <\/strong><a href=\"https:\/\/www.voici.fr\/royaute\/le-prince-harry-et-meghan-markle-reviennent-vivre-en-angleterre-quelle-a-ete-la-reaction-du-roi-charles-iii-827890\" rel=\"nofollow noopener\" target=\"_blank\">Apr\u00e8s une r\u00e9conciliation avec son p\u00e8re, <\/a>le roi Charles III, durant l&rsquo;\u00e9t\u00e9, le duc de Sussex a d\u00e9cid\u00e9 de ramener son \u00e9pouse et leurs deux enfants Archie et Lilibet sur sa terre natale. Un pays qu&rsquo;il avait quitt\u00e9 six ans plus t\u00f4t en grande partie pour \u00e9chapper au harc\u00e8lement de la presse britannique. D&rsquo;ailleurs, \u00e0 l&rsquo;\u00e9poque, il n&rsquo;avait pas pu compter sur le soutien de son grand fr\u00e8re le prince William, <a href=\"https:\/\/www.voici.fr\/royaute\/harry-et-meghan-de-retour-au-royaume-uni-quelle-est-la-reaction-de-kate-et-william-827933\" rel=\"nofollow noopener\" target=\"_blank\">avec qui il est toujours en froid. <\/a>Et c&rsquo;est pr\u00e9cis\u00e9ment sa guerre contre les tablo\u00efds qui le rattrape aujourd&rsquo;hui de plein fouet, au moment m\u00eame o\u00f9 il revient vivre au Royaume-Uni\u2026<\/p>\n<p>Le verdict est tomb\u00e9 comme un couperet :<a href=\"https:\/\/www.voici.fr\/royaute\/un-verdict-choquant-et-incoherent-le-prince-harry-reagit-apres-la-perte-de-son-proces-contre-le-daily-mail-826054\" rel=\"nofollow noopener\" target=\"_blank\"> apr\u00e8s avoir perdu leur proc\u00e8s contre le Daily Mail le 7 juillet dernier,<\/a> le prince Harry et six autres personnalit\u00e9s \u2014 dont Sir Elton John, son \u00e9poux <a href=\"https:\/\/www.voici.fr\/bios-people\/david-furnish\" data-link-people=\"b1d1c0de-2710-4cc7-ba77-3297ed8e4e0e\" rel=\"nofollow noopener\" target=\"_blank\">David Furnish<\/a> et l&rsquo;actrice Liz Hurley \u2014 doivent verser d&rsquo;ici vendredi prochain u<strong>n acompte initial de 9,54 millions de livres sterling<\/strong> \u00e0 Associated Newspapers Limited (ANL), \u00e9diteur du Daily Mail. Le groupe de presse r\u00e9clame le remboursement de ses frais de d\u00e9fense s&rsquo;\u00e9levant \u00e0 34,5 millions de livres sterling. M\u00eame en comptant leur assurance couvrant 16,2 millions de livres, les sept plaignants font face \u00e0 un reste \u00e0 charge vertigineux d&rsquo;environ 18 millions de livres sterling. Les plaignants ont d\u00e9sormais jusqu&rsquo;au 2 octobre pour former un \u00e9ventuel recours en appel.<\/p>\n<p>Le prince Harry et six autres personnes risquent de devoir payer jusqu&rsquo;\u00e0 34,5 millions de livres sterling<\/p>\n<p>Dans son jugement, le juge Nicklin n&rsquo;a pas m\u00e2ch\u00e9 ses mots \u00e0 l&rsquo;encontre des plaignants, qualifiant leurs accusations de \u00ab tout \u00e0 fait d\u00e9raisonnables \u00bb. Le magistrat a particuli\u00e8rement reproch\u00e9 au prince Harry et les autres plaignants d&rsquo;avoir maintenu des all\u00e9gations extr\u00eamement graves de criminalit\u00e9 sans pr\u00e9senter de preuves suffisantes pour les \u00e9tayer. S&rsquo;il a reconnu que la note globale de 34 millions de livres paraissait \u00ab \u00e0 premi\u00e8re vue excessive \u00bb, le juge a refus\u00e9 de fixer un plafond aux montants r\u00e9clam\u00e9s par l&rsquo;\u00e9diteur ANL, estimant qu&rsquo;une telle mesure serait \u00ab trop g\u00e9n\u00e9rale \u00bb et \u00ab risquerait d\u2019\u00eatre in\u00e9quitable \u00bb. De son c\u00f4t\u00e9,<strong> l&rsquo;\u00e9diteur du <\/strong><strong>Daily Mail <\/strong><strong>s&rsquo;est f\u00e9licit\u00e9 de ce jugement,<\/strong> y voyant \u00ab une critique cinglante d&rsquo;une tentative visant \u00e0 d\u00e9truire un journal \u00bb.<\/p>\n<p>Le prince Harry et Meghan Markle de retour au Royaume-Uni : o\u00f9 vont-ils vivre ?<\/p>\n<p>Bien que le Duc et la Duchesse de Sussex n&rsquo;aient pas communiqu\u00e9 sur les d\u00e9tails de leur retour au Royaume-Uni, la presse britannique a confirm\u00e9 leur installation imminente d&rsquo;ici la fin du mois d&rsquo;ao\u00fbt. D&rsquo;ailleurs, leurs deux enfants Archie et Lilibet ont d\u00e9j\u00e0 \u00e9t\u00e9 inscrits dans des \u00e9tablissements pour la rentr\u00e9e scolaire de septembre. Priv\u00e9s de r\u00e9sidence royale officielle, Harry, Meghan et leurs enfants <strong>vont \u00e9lire domicile dans une propri\u00e9t\u00e9 priv\u00e9e,<\/strong> en dehors de Londres. Plusieurs options se profilent : la r\u00e9gion pris\u00e9e des Cotswolds, pr\u00e8s d&rsquo;Oxford, o\u00f9 la famille a s\u00e9journ\u00e9 en juillet, ou encore le domaine d&rsquo;Althorp dans le Northamptonshire, berceau historique de la princesse Diana, <a href=\"https:\/\/www.voici.fr\/royaute\/charles-spencer-va-enfin-dire-la-verite-sur-sa-soeur-la-princesse-diana-il-publie-un-livre-choc-827806\" rel=\"nofollow noopener\" target=\"_blank\">o\u00f9 vit d&rsquo;ailleurs son fr\u00e8re Charles Spencer. <\/a><\/p>\n","protected":false},"excerpt":{"rendered":"Exil\u00e9s \u00e0 Montecito en Californie depuis 2020, le prince Harry et Meghan Markle s&rsquo;appr\u00eatent \u00e0 revenir s&rsquo;installer au&hellip;\n","protected":false},"author":2,"featured_media":1142189,"comment_status":"","ping_status":"","sticky":false,"template":"","format":"standard","meta":{"footnotes":"","_share_on_mastodon":"0"},"categories":[1588],"tags":[11,1261,4073,3509,1777,674,5860,9047,303,12,473,1853,1851,1850,1852],"class_list":["post-1142188","post","type-post","status-publish","format-standard","has-post-thumbnail","category-royaume-uni","tag-actualites","tag-argent","tag-condamnation","tag-elton-john","tag-eu","tag-europe","tag-famille-royale-dangleterre","tag-harry-dangleterre","tag-justice","tag-news","tag-royaume-uni","tag-royaume-uni-de-grande-bretagne-et-dirlande-du-nord","tag-uk","tag-united-kingdom","tag-united-kingdom-of-great-britain-and-northern-ireland"],"share_on_mastodon":{"url":"https:\/\/pubeurope.com\/@fr\/117139172435760304","error":""},"_links":{"self":[{"href":"https:\/\/www.europesays.com\/fr\/wp-json\/wp\/v2\/posts\/1142188","targetHints":{"allow":["GET"]}}],"collection":[{"href":"https:\/\/www.europesays.com\/fr\/wp-json\/wp\/v2\/posts"}],"about":[{"href":"https:\/\/www.europesays.com\/fr\/wp-json\/wp\/v2\/types\/post"}],"author":[{"embeddable":true,"href":"https:\/\/www.europesays.com\/fr\/wp-json\/wp\/v2\/users\/2"}],"replies":[{"embeddable":true,"href":"https:\/\/www.europesays.com\/fr\/wp-json\/wp\/v2\/comments?post=1142188"}],"version-history":[{"count":0,"href":"https:\/\/www.europesays.com\/fr\/wp-json\/wp\/v2\/posts\/1142188\/revisions"}],"wp:featuredmedia":[{"embeddable":true,"href":"https:\/\/www.europesays.com\/fr\/wp-json\/wp\/v2\/media\/1142189"}],"wp:attachment":[{"href":"https:\/\/www.europesays.com\/fr\/wp-json\/wp\/v2\/media?parent=1142188"}],"wp:term":[{"taxonomy":"category","embeddable":true,"href":"https:\/\/www.europesays.com\/fr\/wp-json\/wp\/v2\/categories?post=1142188"},{"taxonomy":"post_tag","embeddable":true,"href":"https:\/\/www.europesays.com\/fr\/wp-json\/wp\/v2\/tags?post=1142188"}],"curies":[{"name":"wp","href":"https:\/\/api.w.org\/{rel}","templated":true}]}}