{"id":1142190,"date":"2026-08-22T12:31:14","date_gmt":"2026-08-22T12:31:14","guid":{"rendered":"https:\/\/www.europesays.com\/fr\/1142190\/"},"modified":"2026-08-22T12:31:14","modified_gmt":"2026-08-22T12:31:14","slug":"en-video-envahissement-affrontements-et-85-blesses-un-match-de-la-coupe-dallemagne-vire-au-chaos-total","status":"publish","type":"post","link":"https:\/\/www.europesays.com\/fr\/1142190\/","title":{"rendered":"En vid\u00e9o : envahissement, affrontements et 85 bless\u00e9s, un match de la Coupe d&rsquo;Allemagne vire au chaos total"},"content":{"rendered":"<p>La rencontre entre Mannheim et Kaiserslautern en Coupe d&rsquo;Allemagne a vir\u00e9 au chaos total, apr\u00e8s avoir \u00e9t\u00e9 le th\u00e9\u00e2tre d&rsquo;\u00e9meutes et d&rsquo;affrontements entre supporters et forces de police, qui ont fait 85 bless\u00e9s, dont 35 membres des forces de l&rsquo;ordre, selon un premier bilan annonc\u00e9 par la police locale.<\/p>\n<p>La rencontre, disput\u00e9e vendredi soir, a \u00e9t\u00e9 interrompue pendant pr\u00e8s d&rsquo;une demi-heure \u00e0 l&rsquo;issue du temps r\u00e9glementaire, alors que le score en \u00e9tait au 0-0, avant de reprendre dans une atmosph\u00e8re tendue, Kaiserslautern parvenant \u00e0 d\u00e9crocher sa qualification sur un but assassin \u00e0 la 120e minute.<\/p>\n<p>Des \u00e9meutes interrompent le match<\/p>\n<p>Les autorit\u00e9s avaient class\u00e9 la rencontre, qui opposait Mannheim, \u00e9voluant en troisi\u00e8me division, \u00e0 Kaiserslautern, de deuxi\u00e8me division, comme \u00e9tant \u00e0 haut risque, en raison de la vive rivalit\u00e9 entre les supporters des deux clubs, qui appartiennent \u00e0 deux villes s\u00e9par\u00e9es par environ 50 kilom\u00e8tres dans l&rsquo;ouest de l&rsquo;Allemagne.<\/p>\n<p>Selon la police, les supporters de Kaiserslautern ont lanc\u00e9 des fus\u00e9es de d\u00e9tresse en direction de la tribune principale, avant que les supporters de Mannheim n&rsquo;envahissent la pelouse.<\/p>\n<p>Les forces de police sont intervenues en grand nombre sur la pelouse, usant de la force pour repousser les supporters et les ramener vers la tribune r\u00e9serv\u00e9e aux supporters de l&rsquo;\u00e9quipe recevante, avant que l&rsquo;arbitre ne puisse reprendre le match.<\/p>\n<p>85 bless\u00e9s dont 35 policiers<\/p>\n<p>La police de Mannheim a d\u00e9clar\u00e9 dans un communiqu\u00e9 relay\u00e9 par le r\u00e9seau <a href=\"https:\/\/rmcsport.bfmtv.com\/football\/coupe-d-allemagne\/allemagne-pelouse-envahie-affontement-avec-la-police-une-centaine-de-blesses-un-match-de-coupe-degenere-completement_AN-202608220220.html\" target=\"_blank\" rel=\"nofollow noopener\">RMC<\/a> : \u00ab Pour l&rsquo;heure, 33 membres de la police f\u00e9d\u00e9rale, ainsi que deux policiers du Land de Bade-Wurtemberg, ont \u00e9t\u00e9 l\u00e9g\u00e8rement bless\u00e9s. \u00bb<\/p>\n<p>Elle a ajout\u00e9 : \u00ab Au total, 85 personnes ont d\u00fb recevoir des soins m\u00e9dicaux, et 8 d&rsquo;entre elles ont \u00e9t\u00e9 transport\u00e9es \u00e0 l&rsquo;h\u00f4pital pour un traitement compl\u00e9mentaire. \u00bb<\/p>\n<p>La rencontre a fait l&rsquo;objet d&rsquo;un d\u00e9ploiement s\u00e9curitaire massif, apr\u00e8s la mobilisation d&rsquo;environ 1 400 policiers pour s\u00e9curiser ce derby particuli\u00e8rement sensible en raison de la rivalit\u00e9 entre les deux clubs.<\/p>\n<p>Vous pouvez discuter plus en profondeur des sujets et des actualit\u00e9s sur les forums de Kooora<\/p>\n<p>Des enqu\u00eates apr\u00e8s les \u00e9meutes<\/p>\n<p>Les autorit\u00e9s allemandes ont d&rsquo;ores et d\u00e9j\u00e0 ouvert plusieurs enqu\u00eates \u00e0 la suite des \u00e9v\u00e9nements survenus lors du match.<\/p>\n<p>La police a pr\u00e9cis\u00e9 que les enqu\u00eates portent sur des accusations d&rsquo;outrage, de coups et blessures divers, de d\u00e9gradation de biens, de trouble \u00e0 l&rsquo;ordre public et de violences envers des membres des forces de l&rsquo;ordre, ainsi que d&rsquo;infraction aux lois sur les substances et les explosifs.<\/p>\n<p>Malgr\u00e9 le chaos observ\u00e9 dans les tribunes et sur la pelouse, le match est all\u00e9 \u00e0 son terme, Kaiserslautern d\u00e9crochant son billet pour le tour suivant de la Coupe d&rsquo;Allemagne sur un but \u00e0 la 120e minute.<\/p>\n","protected":false},"excerpt":{"rendered":"La rencontre entre Mannheim et Kaiserslautern en Coupe d&rsquo;Allemagne a vir\u00e9 au chaos total, apr\u00e8s avoir \u00e9t\u00e9 le&hellip;\n","protected":false},"author":2,"featured_media":1142191,"comment_status":"","ping_status":"","sticky":false,"template":"","format":"standard","meta":{"footnotes":"","_share_on_mastodon":"0"},"categories":[1587],"tags":[11,672,1804,1805,1803,100655,1777,674,1801,116918,12,1802,116917,116919],"class_list":["post-1142190","post","type-post","status-publish","format-standard","has-post-thumbnail","category-allemagne","tag-actualites","tag-allemagne","tag-bundesrepublik-deutschland","tag-de","tag-deutschland","tag-dfb-pokal","tag-eu","tag-europe","tag-germany","tag-kaiserslautern","tag-news","tag-republique-federale-dallemagne","tag-waldhof-mannheim","tag-waldhof-mannheim-vs-kaiserslautern"],"share_on_mastodon":{"url":"https:\/\/pubeurope.com\/@fr\/117139176596185964","error":""},"_links":{"self":[{"href":"https:\/\/www.europesays.com\/fr\/wp-json\/wp\/v2\/posts\/1142190","targetHints":{"allow":["GET"]}}],"collection":[{"href":"https:\/\/www.europesays.com\/fr\/wp-json\/wp\/v2\/posts"}],"about":[{"href":"https:\/\/www.europesays.com\/fr\/wp-json\/wp\/v2\/types\/post"}],"author":[{"embeddable":true,"href":"https:\/\/www.europesays.com\/fr\/wp-json\/wp\/v2\/users\/2"}],"replies":[{"embeddable":true,"href":"https:\/\/www.europesays.com\/fr\/wp-json\/wp\/v2\/comments?post=1142190"}],"version-history":[{"count":0,"href":"https:\/\/www.europesays.com\/fr\/wp-json\/wp\/v2\/posts\/1142190\/revisions"}],"wp:featuredmedia":[{"embeddable":true,"href":"https:\/\/www.europesays.com\/fr\/wp-json\/wp\/v2\/media\/1142191"}],"wp:attachment":[{"href":"https:\/\/www.europesays.com\/fr\/wp-json\/wp\/v2\/media?parent=1142190"}],"wp:term":[{"taxonomy":"category","embeddable":true,"href":"https:\/\/www.europesays.com\/fr\/wp-json\/wp\/v2\/categories?post=1142190"},{"taxonomy":"post_tag","embeddable":true,"href":"https:\/\/www.europesays.com\/fr\/wp-json\/wp\/v2\/tags?post=1142190"}],"curies":[{"name":"wp","href":"https:\/\/api.w.org\/{rel}","templated":true}]}}