{"id":114220,"date":"2025-05-20T11:45:09","date_gmt":"2025-05-20T11:45:09","guid":{"rendered":"https:\/\/www.europesays.com\/fr\/114220\/"},"modified":"2025-05-20T11:45:09","modified_gmt":"2025-05-20T11:45:09","slug":"un-hommage-aux-morts-de-la-rue-prevu-ce-mardi-a-paris","status":"publish","type":"post","link":"https:\/\/www.europesays.com\/fr\/114220\/","title":{"rendered":"Un hommage aux morts de la rue pr\u00e9vu ce mardi \u00e0 Paris"},"content":{"rendered":"<p>Le collectif Les Morts de la Rue a pr\u00e9vu de rendre hommage aux personnes sans domicile fixe d\u00e9c\u00e9d\u00e9es en France en 2024.Ce moment de recueillement doit avoir lieu dans la soir\u00e9e, ce mardi 20 mai, au parc parisien de Belleville, dans le 20e arrondissement.<\/p>\n<p data-module=\"article-paragraph\" class=\"jsx-362436225 Paragraph\">Le collectif Les Morts de la Rue va rendre hommage, ce mardi 20 mai, aux centaines de personnes sans domicile fixe d\u00e9c\u00e9d\u00e9es en France en 2024, sur la voie publique, dans des abris de fortune ou en structure d&rsquo;h\u00e9bergement. \u00ab\u00a0Il s&rsquo;agit de rendre visible ces personnes qu&rsquo;on ne regardait plus de leur vivant\u00a0\u00bb, souligne Chrystel Estela, coordinatrice du mouvement, aupr\u00e8s de l&rsquo;AFP.\u00a0<\/p>\n<p data-module=\"article-paragraph\" class=\"jsx-362436225 Paragraph\">Ce temps de recueillement va \u00eatre organis\u00e9 dans le parc de Belleville, dans le 20e arrondissement de <a href=\"https:\/\/www.tf1info.fr\/economie\/pieces-interdites-a-la-vente-ou-detruites-apres-plusieurs-couacs-la-monnaie-de-paris-revoit-ses-methodes-de-production-2371785.html\" target=\"_blank\" rel=\"noopener\">Paris<\/a>. Des personnes liront au public les noms, \u00e2ges et lieux de d\u00e9c\u00e8s des centaines de victimes en 2024. Des roses seront \u00e9galement d\u00e9pos\u00e9es au pied d&rsquo;un m\u00e9morial portant les noms de ces d\u00e9funts.\u00a0<\/p>\n<p data-module=\"article-paragraph\" class=\"jsx-362436225 Paragraph Paragraph__End\">Au moins 855 <a href=\"https:\/\/www.tf1info.fr\/immobilier\/immobilier-un-nombre-record-de-personnes-sans-domicile-fixe-en-2024-la-france-s-est-enfoncee-dans-la-crise-du-logement-2348660.html\" target=\"_blank\" rel=\"noopener\">personnes sans domicile fixe <\/a>sont mortes l&rsquo;an dernier, selon les derniers d\u00e9comptes des Morts de la Rue, qui m\u00e8ne ce recensement depuis 2012. Il s&rsquo;agit d&rsquo;un record, et d&rsquo;une nette augmentation par rapport \u00e0 2023 (735 d\u00e9c\u00e8s). Cette hausse est \u00ab\u00a0sans doute li\u00e9e \u00e0 l&rsquo;augmentation du nombre de personnes sans domicile fixe\u00a0\u00bb mais aussi au fait que le collectif \u00ab\u00a0est plus connu\u00a0\u00bb et \u00ab\u00a0re\u00e7oit plus de signalements\u00a0\u00bb, estime Chrystel Estela. Ce bilan pourrait encore gonfler d&rsquo;ici \u00e0 la publication du rapport d\u00e9finitif en octobre pour 2024. \u00c0 noter que ces donn\u00e9es restent \u00e0 interpr\u00e9ter avec pr\u00e9caution car une part sans doute non n\u00e9gligeable des d\u00e9c\u00e8s \u00e9chappe au collectif.<\/p>\n<p data-module=\"article-paragraph\" class=\"jsx-362436225 Paragraph Paragraph__End\">Le nombre de personnes sans domicile en France reste difficile \u00e0 conna\u00eetre. La Fondation pour le Logement avance le chiffre de 330.000, quand la derni\u00e8re \u00e9valuation officielle de l&rsquo;Insee, en 2012, \u00e9voquait, elle, 143.000.\u00a0<\/p>\n<p>M.G avec AFP<\/p>\n","protected":false},"excerpt":{"rendered":"Le collectif Les Morts de la Rue a pr\u00e9vu de rendre hommage aux personnes sans domicile fixe d\u00e9c\u00e9d\u00e9es&hellip;\n","protected":false},"author":2,"featured_media":114221,"comment_status":"","ping_status":"","sticky":false,"template":"","format":"standard","meta":{"footnotes":""},"categories":[1888],"tags":[1111,1928,11,1927,1921,1777,674,1011,27,1922,12,1926,626,1925,25,133,5010],"class_list":{"0":"post-114220","1":"post","2":"type-post","3":"status-publish","4":"format-standard","5":"has-post-thumbnail","7":"category-paris","8":"tag-actu","9":"tag-actu-paris","10":"tag-actualites","11":"tag-actualites-paris","12":"tag-article-video","13":"tag-eu","14":"tag-europe","15":"tag-fr","16":"tag-france","17":"tag-info","18":"tag-news","19":"tag-news-paris","20":"tag-paris","21":"tag-paris-news","22":"tag-republique-francaise","23":"tag-video","24":"tag-video-sujets-de-societe"},"share_on_mastodon":{"url":"https:\/\/pubeurope.com\/@fr\/114539995176790022","error":""},"_links":{"self":[{"href":"https:\/\/www.europesays.com\/fr\/wp-json\/wp\/v2\/posts\/114220","targetHints":{"allow":["GET"]}}],"collection":[{"href":"https:\/\/www.europesays.com\/fr\/wp-json\/wp\/v2\/posts"}],"about":[{"href":"https:\/\/www.europesays.com\/fr\/wp-json\/wp\/v2\/types\/post"}],"author":[{"embeddable":true,"href":"https:\/\/www.europesays.com\/fr\/wp-json\/wp\/v2\/users\/2"}],"replies":[{"embeddable":true,"href":"https:\/\/www.europesays.com\/fr\/wp-json\/wp\/v2\/comments?post=114220"}],"version-history":[{"count":0,"href":"https:\/\/www.europesays.com\/fr\/wp-json\/wp\/v2\/posts\/114220\/revisions"}],"wp:featuredmedia":[{"embeddable":true,"href":"https:\/\/www.europesays.com\/fr\/wp-json\/wp\/v2\/media\/114221"}],"wp:attachment":[{"href":"https:\/\/www.europesays.com\/fr\/wp-json\/wp\/v2\/media?parent=114220"}],"wp:term":[{"taxonomy":"category","embeddable":true,"href":"https:\/\/www.europesays.com\/fr\/wp-json\/wp\/v2\/categories?post=114220"},{"taxonomy":"post_tag","embeddable":true,"href":"https:\/\/www.europesays.com\/fr\/wp-json\/wp\/v2\/tags?post=114220"}],"curies":[{"name":"wp","href":"https:\/\/api.w.org\/{rel}","templated":true}]}}