{"id":114222,"date":"2025-05-20T11:46:08","date_gmt":"2025-05-20T11:46:08","guid":{"rendered":"https:\/\/www.europesays.com\/fr\/114222\/"},"modified":"2025-05-20T11:46:08","modified_gmt":"2025-05-20T11:46:08","slug":"paris-londres-et-ottawa-menacent-israel-de-mesures-concretes","status":"publish","type":"post","link":"https:\/\/www.europesays.com\/fr\/114222\/","title":{"rendered":"Paris, Londres et Ottawa menacent Isra\u00ebl de \u00ab\u00a0mesures concr\u00e8tes\u00a0\u00bb"},"content":{"rendered":"<p>La pression sur Isra\u00ebl continue de s&rsquo;accentuer. Lundi 19 mai, la Grande-Bretagne, la France et le Canada ont menac\u00e9 l&rsquo;\u00c9tat h\u00e9breu de sanctions si Benjamin Netanyahu ne mettait pas fin \u00e0 l&rsquo;op\u00e9ration militaire visant \u00e0 prendre le contr\u00f4le \u00ab\u00a0de tout le territoire\u00a0\u00bb palestinien, ce que ses alli\u00e9s ont qualifi\u00e9 d&rsquo;escalade \u00ab\u00a0flagrante\u00a0\u00bb.<\/p>\n<p>Dans <a href=\"https:\/\/www.elysee.fr\/emmanuel-macron\/2025\/05\/19\/declaration-conjointe-des-dirigeants-de-la-france-du-royaume-uni-et-du-canada-sur-la-situation-a-gaza-et-en-cisjordanie\" rel=\"nofollow noopener\" target=\"_blank\" data-ylk=\"slk:cette d\u00e9claration commune;elm:context_link;itc:0;sec:content-canvas\" class=\"link \">cette d\u00e9claration commune<\/a>, les trois pays ont \u00e9galement appel\u00e9 le Premier ministre isra\u00e9lien \u00e0 \u00ab\u00a0autoriser imm\u00e9diatement l&rsquo;entr\u00e9e de l&rsquo;aide humanitaire dans la bande de Gaza\u00a0\u00bb en quantit\u00e9 suffisante, o\u00f9 le niveau de souffrance humaine est qualifi\u00e9 d'\u00a0\u00bbintol\u00e9rable\u00a0\u00bb.<\/p>\n<p>\u00ab\u00a0Nous ne resterons pas les bras crois\u00e9s pendant que le gouvernement Netanyahu poursuit ces actions scandaleuses. Si Isra\u00ebl ne met pas fin \u00e0 la nouvelle offensive militaire et ne l\u00e8ve pas ses restrictions sur l&rsquo;aide humanitaire, nous prendrons d&rsquo;autres mesures concr\u00e8tes en r\u00e9ponse\u00a0\u00bb, \u00e9crivent \u00e9galement les dirigeants.<\/p>\n<p>Cette prise de position fait suite \u00e0 <a href=\"https:\/\/fr.news.yahoo.com\/isra%C3%ABl-autorise-lentr%C3%A9e-dune-quantit%C3%A9-072704330.html\" data-ylk=\"slk:l&#039;arriv\u00e9e d&#039;un nombre limit\u00e9 de camions d&#039;aide humanitaire;elm:context_link;itc:0;sec:content-canvas;outcm:mb_qualified_link;_E:mb_qualified_link;ct:story;\" class=\"link  yahoo-link\" target=\"_blank\" rel=\"noopener\"><strong>l&rsquo;arriv\u00e9e d&rsquo;un nombre limit\u00e9 de camions d&rsquo;aide humanitaire<\/strong><\/a> \u00e0 Gaza. Lundi, l&rsquo;\u00c9tat h\u00e9breu a autoris\u00e9 neuf camions humanitaires \u00e0 entrer dans l&rsquo;enclave palestinienne. Des dizaines d&rsquo;autres devraient suivre dans les jours qui viennent. \u00ab\u00a0Une goutte d&rsquo;eau dans l&rsquo;oc\u00e9an\u00a0\u00bb, <a href=\"https:\/\/fr.news.yahoo.com\/gaza-faim-famine-instrumentalis%C3%A9es-d%C3%A9nonce-082156555.html\" data-ylk=\"slk:d\u00e9nonce Philippe Lazzarini;elm:context_link;itc:0;sec:content-canvas;outcm:mb_qualified_link;_E:mb_qualified_link;ct:story;\" class=\"link  yahoo-link\" target=\"_blank\" rel=\"noopener\"><strong>d\u00e9nonce Philippe Lazzarini<\/strong><\/a>, commissaire g\u00e9n\u00e9ral de l&rsquo;agence des Nations unies pour les r\u00e9fugi\u00e9s palestiniens (UNRWA), qui a d\u00e9nonc\u00e9, aupr\u00e8s d&rsquo;Euronews, l&rsquo;utilisation de \u00ab\u00a0la faim et [de] la nourriture [&#8230;] \u00e0 des fins politiques et militaires\u00a0\u00bb.<\/p>\n<p><b class=\"c-widget-related__title__text\">Related<\/b><\/p>\n<p>Benjamin Netanyahu a autoris\u00e9 l&rsquo;entr\u00e9e de cette aide humanitaire pour r\u00e9pondre aux pressions exerc\u00e9es par ses alli\u00e9s, dont les \u00c9tats-Unis, qui ne pouvaient plus continuer \u00e0 soutenir une offensive tant que des \u00ab\u00a0images de famine\u00a0\u00bb provenaient de Gaza. Mais il s&rsquo;agira d&rsquo;une \u00ab\u00a0quantit\u00e9 minimale de nourriture\u00a0\u00bb, a-t-il fait savoir.<\/p>\n<p>Il s&rsquo;agit des premiers camions \u00e0 entrer dans l&rsquo;enclave palestinienne depuis onze semaines et l&rsquo;instauration d&rsquo;un blocus total du territoire palestinien, Isra\u00ebl accusant le Hamas de s&rsquo;approprier l&rsquo;aide humanitaire.<\/p>\n<p>Cette annonce qui ne satisfait pas tout le monde en Isra\u00ebl. Les membres d&rsquo;extr\u00eame droite de son propre cabinet ont critiqu\u00e9 la d\u00e9cision d&rsquo;autoriser ne serait-ce qu&rsquo;un filet d&rsquo;aide dans la bande de Gaza.<\/p>\n<p>Solution \u00e0 deux \u00c9tats<\/p>\n<p>L&rsquo;annonce de l&rsquo;op\u00e9ration de grande envergure isra\u00e9lienne est \u00ab\u00a0totalement inad\u00e9quate\u00a0\u00bb, ont d\u00e9clar\u00e9 les dirigeants britannique, fran\u00e7ais et canadien. Le \u00ab\u00a0refus de l&rsquo;aide humanitaire essentielle \u00e0 la population civile est inacceptable et risque d&rsquo;enfreindre le droit international humanitaire\u00a0\u00bb.<\/p>\n<p>Le Royaume-Uni, la France et le Canada r\u00e9affirment leur soutien \u00e0 un cessez-le-feu et \u00e0 une \u00ab\u00a0solution \u00e0 deux \u00c9tats\u00a0\u00bb, selon laquelle un \u00c9tat palestinien existerait aux c\u00f4t\u00e9s d&rsquo;Isra\u00ebl. Les trois pays ont \u00e9galement d\u00e9clar\u00e9 qu&rsquo;ils s&rsquo;opposaient \u00e0 \u00ab\u00a0toute tentative d&rsquo;expansion des colonies en Cisjordanie\u00a0\u00bb, qu&rsquo;ils qualifient d'\u00a0\u00bbill\u00e9gales\u00a0\u00bb.<\/p>\n<p><b class=\"c-widget-related__title__text\">Related<\/b><\/p>\n<p>Mais Benjamin Netanyahu a r\u00e9pondu en insistant sur le fait qu&rsquo;Isra\u00ebl poursuivrait ses actions jusqu&rsquo;\u00e0 la victoire totale. \u00ab\u00a0Les dirigeants de Londres, d&rsquo;Ottawa et de Paris offrent une r\u00e9compense \u00e9norme pour l&rsquo;attaque g\u00e9nocidaire contre Isra\u00ebl le 7 octobre, tout en invitant \u00e0 d&rsquo;autres atrocit\u00e9s de ce type\u00a0\u00bb, a-t-il d\u00e9clar\u00e9.<\/p>\n<p>Dans une lettre distincte publi\u00e9e lundi, les minist\u00e8res des affaires \u00e9trang\u00e8res de l&rsquo;Allemagne, de l&rsquo;Italie, du Japon et de 18 autres pays ont demand\u00e9 \u00e0 Isra\u00ebl de rouvrir totalement l&rsquo;acheminement de l&rsquo;aide humanitaire \u00e0 Gaza par les Nations unies et d&rsquo;autres ONG.<\/p>\n<p>Une vague de frappes a\u00e9riennes a tu\u00e9 des centaines de personnes au cours du week-end dans le territoire palestinien, selon le minist\u00e8re de la Sant\u00e9 de Gaza, qui ne fait pas de distinction entre les civils et les combattants.<\/p>\n<p><a href=\"https:\/\/www.unicef.fr\/article\/israel-palestine-les-enfants-paient-le-prix-de-la-guerre\/\" rel=\"nofollow noopener\" target=\"_blank\" data-ylk=\"slk:Selon l&#039;Unicef;elm:context_link;itc:0;sec:content-canvas\" class=\"link \">Selon l&rsquo;Unicef<\/a>, plus de 52 900 Palestiniens ont \u00e9t\u00e9 tu\u00e9s au cours des dix-neuf derniers mois, <a href=\"https:\/\/fr.news.yahoo.com\/lonu-alerte-nombre-record-denfants-155803329.html\" data-ylk=\"slk:dont plus de 15 600 enfants;elm:context_link;itc:0;sec:content-canvas;outcm:mb_qualified_link;_E:mb_qualified_link;ct:story;\" class=\"link  yahoo-link\" target=\"_blank\" rel=\"noopener\"><strong>dont plus de 15 600 enfants<\/strong><\/a>.<\/p>\n","protected":false},"excerpt":{"rendered":"La pression sur Isra\u00ebl continue de s&rsquo;accentuer. Lundi 19 mai, la Grande-Bretagne, la France et le Canada ont&hellip;\n","protected":false},"author":2,"featured_media":114223,"comment_status":"","ping_status":"","sticky":false,"template":"","format":"standard","meta":{"footnotes":""},"categories":[1888],"tags":[1111,1928,11,1927,16176,23327,1777,674,1011,27,665,664,12,1926,626,1925,23415,25],"class_list":{"0":"post-114222","1":"post","2":"type-post","3":"status-publish","4":"format-standard","5":"has-post-thumbnail","7":"category-paris","8":"tag-actu","9":"tag-actu-paris","10":"tag-actualites","11":"tag-actualites-paris","12":"tag-aide-humanitaire","13":"tag-benjamin-netanyahu","14":"tag-eu","15":"tag-europe","16":"tag-fr","17":"tag-france","18":"tag-gaza","19":"tag-israel","20":"tag-news","21":"tag-news-paris","22":"tag-paris","23":"tag-paris-news","24":"tag-prise-de-position","25":"tag-republique-francaise"},"share_on_mastodon":{"url":"https:\/\/pubeurope.com\/@fr\/114539999006258442","error":""},"_links":{"self":[{"href":"https:\/\/www.europesays.com\/fr\/wp-json\/wp\/v2\/posts\/114222","targetHints":{"allow":["GET"]}}],"collection":[{"href":"https:\/\/www.europesays.com\/fr\/wp-json\/wp\/v2\/posts"}],"about":[{"href":"https:\/\/www.europesays.com\/fr\/wp-json\/wp\/v2\/types\/post"}],"author":[{"embeddable":true,"href":"https:\/\/www.europesays.com\/fr\/wp-json\/wp\/v2\/users\/2"}],"replies":[{"embeddable":true,"href":"https:\/\/www.europesays.com\/fr\/wp-json\/wp\/v2\/comments?post=114222"}],"version-history":[{"count":0,"href":"https:\/\/www.europesays.com\/fr\/wp-json\/wp\/v2\/posts\/114222\/revisions"}],"wp:featuredmedia":[{"embeddable":true,"href":"https:\/\/www.europesays.com\/fr\/wp-json\/wp\/v2\/media\/114223"}],"wp:attachment":[{"href":"https:\/\/www.europesays.com\/fr\/wp-json\/wp\/v2\/media?parent=114222"}],"wp:term":[{"taxonomy":"category","embeddable":true,"href":"https:\/\/www.europesays.com\/fr\/wp-json\/wp\/v2\/categories?post=114222"},{"taxonomy":"post_tag","embeddable":true,"href":"https:\/\/www.europesays.com\/fr\/wp-json\/wp\/v2\/tags?post=114222"}],"curies":[{"name":"wp","href":"https:\/\/api.w.org\/{rel}","templated":true}]}}