{"id":114226,"date":"2025-05-20T11:48:08","date_gmt":"2025-05-20T11:48:08","guid":{"rendered":"https:\/\/www.europesays.com\/fr\/114226\/"},"modified":"2025-05-20T11:48:08","modified_gmt":"2025-05-20T11:48:08","slug":"au-concert-du-chanteur-israelien-eyal-golan-a-paris-des-visuels-a-la-gloire-de-larmee-israelienne-projetes-sur-scene","status":"publish","type":"post","link":"https:\/\/www.europesays.com\/fr\/114226\/","title":{"rendered":"Au concert du chanteur isra\u00e9lien Eyal Golan \u00e0 Paris, des visuels \u00e0 la gloire de l\u2019arm\u00e9e isra\u00e9lienne projet\u00e9s sur sc\u00e8ne"},"content":{"rendered":"<p>Il avait suscit\u00e9 l\u2019indignation pour avoir appel\u00e9 \u00e0 \u00ab\u00a0effacer Gaza\u00a0\u00bb et \u00e0 \u00ab\u00a0ne laisser aucune \u00e2me qui vive\u00a0\u00bb dans l\u2019enclave apr\u00e8s les attaques du 7\u00a0octobre 2023. Le jour m\u00eame de la trag\u00e9die, sur son compte Instagram, il avait \u00e9galement \u00e9crit\u00a0: \u00ab\u00a0Gaza doit br\u00fbler\u00a0\u00bb. Le chanteur isra\u00e9lien Eyal Golan s\u2019est produit en concert lundi soir au D\u00f4me de Paris, devant plus de 4\u00a0000 personnes.<\/p>\n<p>Sur la base de <a href=\"https:\/\/x.com\/JeremBenhaim\/status\/1924567602405237131\">vid\u00e9os de spectateurs<\/a> diffus\u00e9es sur les r\u00e9seaux sociaux et que l\u2019Humanit\u00e9 a recoup\u00e9, des visuels \u00e0 la gloire de l\u2019arm\u00e9e isra\u00e9lienne ont \u00e9t\u00e9 projet\u00e9s durant le show. On y distingue notamment des soldats et des chars, ainsi qu\u2019un message en h\u00e9breu\u00a0: \u00ab\u00a0Isra\u00ebl est vivant\u00a0\u00bb.<\/p>\n<p>Un soutien au g\u00e9nocide<\/p>\n<p>Au m\u00eame moment, les bombes isra\u00e9liennes continuaient de pleuvoir sur la bande de Gaza, emportant des dizaines de civils palestiniens. Un bilan macabre qui se r\u00e9p\u00e8te quotidiennement avec plus de 53\u00a0000 morts alors que le premier ministre isra\u00e9lien Benyamin Netanyahou <a href=\"https:\/\/www.humanite.fr\/monde\/benyamin-netanyahou\/gaza-netanyahou-accelere-loccupation-militaire\" target=\"_blank\" rel=\"noopener\">poursuit son plan de conqu\u00eate totale du territoire palestinien<\/a>.<\/p>\n<p>Eyal Golan montera de nouveau sur sc\u00e8ne mardi, toujours au Palais des Sports. Comme lundi soir, un important dispositif de s\u00e9curit\u00e9 a \u00e9t\u00e9 mis en place par la Pr\u00e9fecture de police aux abords de la salle. D\u00e8s le mois d\u2019avril, le groupe La France insoumise \u00e0 l\u2019Assembl\u00e9e nationale\u00a0avait <a href=\"https:\/\/x.com\/FiAssemblee\/status\/1915041059429822612\">appel\u00e9 \u00e0 l\u2019interdiction de ces deux \u00e9v\u00e9nements<\/a>, les qualifiant de \u00ab\u00a0porte-voix pour les soutiens du g\u00e9nocide\u00a0\u00bb.<\/p>\n<p>Un appel \u00e9galement relay\u00e9 par le mouvement Union juive pour la paix (UJFP) et le collectif juif d\u00e9colonial Tsedek. <a href=\"https:\/\/x.com\/LegavreJerome\/status\/1924565799840399764\">Une manifestation<\/a> r\u00e9unissant une cinquantaine de personnes s\u2019est tenue lundi dans le XVe arrondissement de Paris, en pr\u00e9sence des d\u00e9put\u00e9s LFI J\u00e9r\u00f4me Legavre et Thomas Portes, pour d\u00e9noncer le maintien des concerts.<\/p>\n<p>Pour une information libre sur la Palestine<\/p>\n<p>Nous avons \u00e9t\u00e9 l\u2019un des premiers m\u00e9dias fran\u00e7ais \u00e0 d\u00e9fendre le droit des Palestiniens \u00e0 disposer d\u2019un \u00c9tat viable dans le respect des r\u00e9solutions de l\u2019ONU. Et nous avons inlassablement d\u00e9fendu la paix au Proche-Orient. Aidez-nous \u00e0 continuer de vous informer sur ce qui se passe l\u00e0-bas. Gr\u00e2ce \u00e0 vos dons.<br \/><a href=\"https:\/\/www.humanite.fr\/lhumanite-cest-vous\" data-type=\"link\" data-id=\"https:\/\/www.humanite.fr\/lhumanite-cest-vous\" target=\"_blank\" rel=\"noopener\">Je veux en savoir plus\u00a0!<\/a><\/p>\n","protected":false},"excerpt":{"rendered":"Il avait suscit\u00e9 l\u2019indignation pour avoir appel\u00e9 \u00e0 \u00ab\u00a0effacer Gaza\u00a0\u00bb et \u00e0 \u00ab\u00a0ne laisser aucune \u00e2me qui vive\u00a0\u00bb&hellip;\n","protected":false},"author":2,"featured_media":114227,"comment_status":"","ping_status":"","sticky":false,"template":"","format":"standard","meta":{"footnotes":""},"categories":[1888],"tags":[11,4628,1777,674,1011,27,19082,16785,12,626,25],"class_list":{"0":"post-114226","1":"post","2":"type-post","3":"status-publish","4":"format-standard","5":"has-post-thumbnail","7":"category-paris","8":"tag-actualites","9":"tag-bande-de-gaza","10":"tag-eu","11":"tag-europe","12":"tag-fr","13":"tag-france","14":"tag-gu00e9nocide","15":"tag-israu00ebl","16":"tag-news","17":"tag-paris","18":"tag-republique-francaise"},"share_on_mastodon":{"url":"https:\/\/pubeurope.com\/@fr\/114540007080362411","error":""},"_links":{"self":[{"href":"https:\/\/www.europesays.com\/fr\/wp-json\/wp\/v2\/posts\/114226","targetHints":{"allow":["GET"]}}],"collection":[{"href":"https:\/\/www.europesays.com\/fr\/wp-json\/wp\/v2\/posts"}],"about":[{"href":"https:\/\/www.europesays.com\/fr\/wp-json\/wp\/v2\/types\/post"}],"author":[{"embeddable":true,"href":"https:\/\/www.europesays.com\/fr\/wp-json\/wp\/v2\/users\/2"}],"replies":[{"embeddable":true,"href":"https:\/\/www.europesays.com\/fr\/wp-json\/wp\/v2\/comments?post=114226"}],"version-history":[{"count":0,"href":"https:\/\/www.europesays.com\/fr\/wp-json\/wp\/v2\/posts\/114226\/revisions"}],"wp:featuredmedia":[{"embeddable":true,"href":"https:\/\/www.europesays.com\/fr\/wp-json\/wp\/v2\/media\/114227"}],"wp:attachment":[{"href":"https:\/\/www.europesays.com\/fr\/wp-json\/wp\/v2\/media?parent=114226"}],"wp:term":[{"taxonomy":"category","embeddable":true,"href":"https:\/\/www.europesays.com\/fr\/wp-json\/wp\/v2\/categories?post=114226"},{"taxonomy":"post_tag","embeddable":true,"href":"https:\/\/www.europesays.com\/fr\/wp-json\/wp\/v2\/tags?post=114226"}],"curies":[{"name":"wp","href":"https:\/\/api.w.org\/{rel}","templated":true}]}}