{"id":114234,"date":"2025-05-20T11:52:08","date_gmt":"2025-05-20T11:52:08","guid":{"rendered":"https:\/\/www.europesays.com\/fr\/114234\/"},"modified":"2025-05-20T11:52:08","modified_gmt":"2025-05-20T11:52:08","slug":"tommy-robinson-figure-de-lextreme-droite-britannique-va-etre-libere-de-prison","status":"publish","type":"post","link":"https:\/\/www.europesays.com\/fr\/114234\/","title":{"rendered":"Tommy Robinson, figure de l\u2019extr\u00eame droite britannique, va \u00eatre lib\u00e9r\u00e9 de prison"},"content":{"rendered":"<p>En f\u00e9vrier, des milliers de personnes avaient manifest\u00e9 \u00e0 Londres pour r\u00e9clamer sa lib\u00e9ration, le qualifiant de \u00abprisonnier politique\u00bb. Il avait notamment re\u00e7u le soutien d\u2019Elon Musk.<\/p>\n<p class=\"fig-paragraph\">Tommy Robinson, une figure de l&rsquo;<a href=\"http:\/\/www.lefigaro.fr\/flash-actu\/elon-musk-lache-finalement-nigel-farage-figure-de-l-extreme-droite-britannique-20250105\" target=\"_blank\" data-fig-type=\"NewsFlash\" rel=\"noopener\" data-gtm-custom-categorie=\"navigation\" data-gtm-custom-action=\"crossclick\" data-gtm-custom-label=\"Contextuel\" data-gtm-event=\"customEventSPE\" data-fig-domain=\"LEFIGARO\">extr\u00eame droite britannique<\/a>\u00a0en prison depuis fin octobre, va \u00eatre lib\u00e9r\u00e9 de prison la semaine prochaine, plus de deux mois avant la fin pr\u00e9vue de sa peine, apr\u00e8s une victoire en justice mardi.<\/p>\n<p class=\"fig-paragraph\">Tommy Robinson, 42 ans, a \u00e9t\u00e9 condamn\u00e9 fin octobre \u00e0 18 mois de prison pour avoir enfreint \u00e0 plusieurs reprises une d\u00e9cision de justice de 2021 qui lui interdisait de r\u00e9p\u00e9ter des\u00a0<a href=\"http:\/\/www.lefigaro.fr\/flash-actu\/un-militant-de-gauche-condamne-pour-des-propos-diffamatoires-sur-la-corruption-a-nice-20201123\" target=\"_blank\" data-fig-type=\"NewsFlash\" rel=\"noopener\" data-gtm-custom-categorie=\"navigation\" data-gtm-custom-action=\"crossclick\" data-gtm-custom-label=\"Contextuel\" data-gtm-event=\"customEventSPE\" data-fig-domain=\"LEFIGARO\">propos diffamatoires<\/a>\u00a0envers un jeune r\u00e9fugi\u00e9 syrien. De son vrai nom Stephen Yaxley-Lennon, il est par ailleurs soup\u00e7onn\u00e9 d&rsquo;avoir contribu\u00e9 \u00e0 attiser les\u00a0<a href=\"http:\/\/www.lefigaro.fr\/international\/emeutes-anti-immigration-une-guerre-civile-est-inevitable-au-royaume-uni-estime-elon-musk-20240806\" target=\"_blank\" data-fig-type=\"NewsFlash\" rel=\"noopener\" data-gtm-custom-categorie=\"navigation\" data-gtm-custom-action=\"crossclick\" data-gtm-custom-label=\"Contextuel\" data-gtm-event=\"customEventSPE\" data-fig-domain=\"LEFIGARO\">\u00e9meutes anti-immigration<\/a>\u00a0de l&rsquo;\u00e9t\u00e9 dernier au Royaume-Uni. Il devait initialement \u00eatre lib\u00e9r\u00e9 le 26 juillet, mais la Haute Cour de justice a annonc\u00e9 ce mardi que sa peine de prison \u00e9tait r\u00e9duite.<\/p>\n<p class=\"fig-body-link\">\n            \u00c0 lire aussi<br \/>\n        <a class=\"fig-body-link__link fig-premium-mark\" href=\"http:\/\/www.lefigaro.fr\/international\/derriere-les-emeutes-de-cet-ete-tommy-robinson-le-nouveau-trublion-de-l-extreme-droite-britannique-20241113\" target=\"_blank\" data-fig-type=\"Article\" rel=\"noopener\" data-gtm-custom-categorie=\"navigation\" data-gtm-custom-action=\"crossclick\" data-gtm-custom-label=\"Contextuel\" data-gtm-event=\"customEventSPE\" data-fig-domain=\"LEFIGARO\">Qui est Tommy Robinson, le trublion de l\u2019extr\u00eame droite britannique soutenu par Elon Musk?<br \/>\n    <\/a>\n<\/p>\n<p>Un \u00abchangement d\u2019attitude\u00bb depuis sa condamnation<\/p>\n<p class=\"fig-paragraph\">Le juge a soulign\u00e9 dans sa d\u00e9cision une \u00ababsence de remords\u00bb de la part de Tommy Robinson. Mais il a fait preuve d&rsquo;un \u00abchangement d&rsquo;attitude\u00bb depuis sa condamnation, a-t-il ajout\u00e9. \u00abIl a donn\u00e9 l&rsquo;assurance qu&rsquo;il se conformera \u00e0 l&rsquo;injonction \u00e0 l&rsquo;avenir (&#8230;) et qu&rsquo;il est conscient des cons\u00e9quences s&rsquo;il la violait \u00e0 nouveau\u00bb, a expliqu\u00e9 le juge, en r\u00e9f\u00e9rence \u00e0 la d\u00e9cision de justice de 2021. Il sera lib\u00e9r\u00e9 la semaine prochaine, a annonc\u00e9 le juge.<\/p>\n<p class=\"fig-paragraph\">Mi-avril, Tommy Robinson avait perdu son appel pour obtenir une lib\u00e9ration anticip\u00e9e. Ses avocats avaient mis en avant la d\u00e9t\u00e9rioration de sa\u00a0<a href=\"http:\/\/www.lefigaro.fr\/vox\/societe\/nicolas-baverez-la-sante-mentale-une-grande-cause-nationale-en-peril-20250504\" target=\"_blank\" data-fig-type=\"Article\" rel=\"noopener\" data-gtm-custom-categorie=\"navigation\" data-gtm-custom-action=\"crossclick\" data-gtm-custom-label=\"Contextuel\" data-gtm-event=\"customEventSPE\" data-fig-domain=\"LEFIGARO\">sant\u00e9 mentale<\/a>\u00a0alors que l&rsquo;administration p\u00e9nitentiaire l&rsquo;avait plac\u00e9 \u00e0 l&rsquo;isolement en raison d&rsquo;un risque sur sa s\u00e9curit\u00e9. Lors de son proc\u00e8s en octobre, Tommy Robinson avait plaid\u00e9 coupable d&rsquo;avoir viol\u00e9 l&rsquo;ordonnance \u00e9mise par la Haute Cour en 2021. Cette ordonnance lui interdisait de r\u00e9p\u00e9ter de fausses all\u00e9gations formul\u00e9es \u00e0 propos d&rsquo;un jeune r\u00e9fugi\u00e9 syrien, qui l&rsquo;avait poursuivi avec succ\u00e8s pour diffamation.<\/p>\n<p class=\"fig-paragraph\">Fondateur en 2009 du groupuscule English Defence League (Ligue de d\u00e9fense anglaise) issu de la mouvance hooligan, Tommy Robinson avait d\u00e9j\u00e0 \u00e9t\u00e9 condamn\u00e9 \u00e0 plusieurs reprises, notamment pour troubles \u00e0 l&rsquo;ordre public. Il avait d\u00e9j\u00e0 \u00e9t\u00e9 emprisonn\u00e9 en 2018 pour outrage au tribunal. En f\u00e9vrier, des milliers de personnes avaient manifest\u00e9 \u00e0 Londres pour r\u00e9clamer sa lib\u00e9ration, le qualifiant de \u00abprisonnier politique\u00bb. Il avait notamment re\u00e7u le soutien d&rsquo;Elon Musk.<\/p>\n","protected":false},"excerpt":{"rendered":"En f\u00e9vrier, des milliers de personnes avaient manifest\u00e9 \u00e0 Londres pour r\u00e9clamer sa lib\u00e9ration, le qualifiant de \u00abprisonnier&hellip;\n","protected":false},"author":2,"featured_media":114235,"comment_status":"","ping_status":"","sticky":false,"template":"","format":"standard","meta":{"footnotes":""},"categories":[1588],"tags":[259,11,260,1777,674,14,14027,261,12,262,806,473,1853,1851,1850,1852],"class_list":{"0":"post-114234","1":"post","2":"type-post","3":"status-publish","4":"format-standard","5":"has-post-thumbnail","7":"category-royaume-uni","8":"tag-actualite-internationale","9":"tag-actualites","10":"tag-affaires-etrangeres","11":"tag-eu","12":"tag-europe","13":"tag-international","14":"tag-militants","15":"tag-ministere-des-affaires-etrangeres","16":"tag-news","17":"tag-politique-etrangere","18":"tag-prison","19":"tag-royaume-uni","20":"tag-royaume-uni-de-grande-bretagne-et-dirlande-du-nord","21":"tag-uk","22":"tag-united-kingdom","23":"tag-united-kingdom-of-great-britain-and-northern-ireland"},"share_on_mastodon":{"url":"https:\/\/pubeurope.com\/@fr\/114540022624614474","error":""},"_links":{"self":[{"href":"https:\/\/www.europesays.com\/fr\/wp-json\/wp\/v2\/posts\/114234","targetHints":{"allow":["GET"]}}],"collection":[{"href":"https:\/\/www.europesays.com\/fr\/wp-json\/wp\/v2\/posts"}],"about":[{"href":"https:\/\/www.europesays.com\/fr\/wp-json\/wp\/v2\/types\/post"}],"author":[{"embeddable":true,"href":"https:\/\/www.europesays.com\/fr\/wp-json\/wp\/v2\/users\/2"}],"replies":[{"embeddable":true,"href":"https:\/\/www.europesays.com\/fr\/wp-json\/wp\/v2\/comments?post=114234"}],"version-history":[{"count":0,"href":"https:\/\/www.europesays.com\/fr\/wp-json\/wp\/v2\/posts\/114234\/revisions"}],"wp:featuredmedia":[{"embeddable":true,"href":"https:\/\/www.europesays.com\/fr\/wp-json\/wp\/v2\/media\/114235"}],"wp:attachment":[{"href":"https:\/\/www.europesays.com\/fr\/wp-json\/wp\/v2\/media?parent=114234"}],"wp:term":[{"taxonomy":"category","embeddable":true,"href":"https:\/\/www.europesays.com\/fr\/wp-json\/wp\/v2\/categories?post=114234"},{"taxonomy":"post_tag","embeddable":true,"href":"https:\/\/www.europesays.com\/fr\/wp-json\/wp\/v2\/tags?post=114234"}],"curies":[{"name":"wp","href":"https:\/\/api.w.org\/{rel}","templated":true}]}}