{"id":114236,"date":"2025-05-20T11:53:03","date_gmt":"2025-05-20T11:53:03","guid":{"rendered":"https:\/\/www.europesays.com\/fr\/114236\/"},"modified":"2025-05-20T11:53:03","modified_gmt":"2025-05-20T11:53:03","slug":"la-chine-et-lallemagne-pesent-sur-lindustrie-des-machines-suisses","status":"publish","type":"post","link":"https:\/\/www.europesays.com\/fr\/114236\/","title":{"rendered":"La Chine et l\u2019Allemagne p\u00e8sent sur l\u2019industrie des machines suisses"},"content":{"rendered":"<p>            Lire aussi: <a href=\"https:\/\/www.letemps.ch\/articles\/les-exportations-suisses-devraient-reculer-en-2025-a-cause-des-tensions-commerciales\" rel=\"nofollow noopener\" target=\"_blank\">Les exportations suisses devraient reculer en 2025, \u00e0 cause des tensions commerciales<\/a>  <\/p>\n<p>Elles soulignent \u00e9galement la grande disparit\u00e9 qui pr\u00e9vaut au sein m\u00eame du secteur. La machine-outil pr\u00e9sente la plus forte baisse \u00e0 -17,4%, alors que les machines pour plastiques sont en hausse de 15,4%.<\/p>\n<p>R\u00e9duction d\u2019horaire de travail \u00e9tendue \u00e0 24 mois<\/p>\n<p>Le taux d\u2019utilisation des capacit\u00e9s de production dans les entreprises est \u00e9galement tomb\u00e9 sur la p\u00e9riode sous revue, \u00e0 81,1%, un niveau de bas de cycle, nettement inf\u00e9rieur \u00e0 la moyenne \u00e0 long terme de 86,0%. Le nombre d\u2019employ\u00e9s reste cependant stable. Lors du dernier pointage de f\u00e9vrier 2025, le secteur employait pr\u00e8s de 330\u00a0000 personnes \u00e0 temps pleins ou partiels. Sans \u00e9volution notable par rapport aux ann\u00e9es pr\u00e9c\u00e9dentes.<\/p>\n<p>Lire aussi: <a href=\"https:\/\/www.letemps.ch\/articles\/tous-les-sous-traitants-horlogers-ne-sont-pas-a-la-meme-enseigne-certains-s-en-sortent-encore-bien\" rel=\"nofollow noopener\" target=\"_blank\">Tous les sous-traitants horlogers ne sont pas \u00e0 la m\u00eame enseigne: certains s\u2019en sortent encore bien<\/a>  <\/p>\n<p>La fa\u00eeti\u00e8re Swissmem rappelle toutefois que la situation est tendue, alors que la baisse conjoncturelle dans l\u2019industrie tech suisse dure depuis deux ans. La direction souligne que de nombreuses entreprises ont introduit la r\u00e9duction d\u2019horaire de travail (RHT) depuis des mois. Certaines d\u2019entre elles atteindront bient\u00f4t la limite de la dur\u00e9e maximale d\u2019indemnisation de 18 mois. Martin Hirzel, pr\u00e9sident de Swissmem, souligne l\u2019importance de l\u2019extension de la RHT \u00e0 24 mois, en discussion au parlement: \u00abCette prolongation est n\u00e9cessaire, car il n\u2019est pas encore possible de pr\u00e9voir quand la reprise se fera sentir. Cela donne aux entreprises concern\u00e9es une certaine s\u00e9curit\u00e9 de planification et permet d\u2019\u00e9viter les licenciements.\u00bb<\/p>\n<p>Lire aussi: <a href=\"https:\/\/www.letemps.ch\/articles\/l-industrie-microtechnique-teste-la-flexibilite-de-la-rht\" rel=\"nofollow noopener\" target=\"_blank\">L\u2019industrie microtechnique teste la flexibilit\u00e9 de la RHT<\/a>  <\/p>\n<p>Pour rappel, la r\u00e8gle en mati\u00e8re d\u2019indemnisations en cas de RHT est un versement pendant douze mois. L\u2019an dernier, le Conseil f\u00e9d\u00e9ral a \u00e9tendu cette dur\u00e9e \u00e0 18 mois. La Commission de la s\u00e9curit\u00e9 sociale du Conseil des Etats veut aller plus loin. Elle a d\u00e9cid\u00e9 d\u2019\u00e9laborer une initiative parlementaire visant \u00e0 donner au Conseil f\u00e9d\u00e9ral la comp\u00e9tence de rallonger la dur\u00e9e du ch\u00f4mage partiel \u00e0 24 mois au maximum. Les services du parlement ont indiqu\u00e9 mi-mai que la modification de la loi doit \u00eatre d\u00e9clar\u00e9e urgente, afin de permettre une entr\u00e9e en vigueur rapide.<\/p>\n<p>A propos des RHT: <a href=\"https:\/\/www.letemps.ch\/articles\/contrairement-aux-apparences-le-chomage-partiel-joue-pleinement-son-role-d-amortisseur-conjoncturel\" rel=\"nofollow noopener\" target=\"_blank\">Contrairement aux apparences, le ch\u00f4mage partiel joue pleinement son r\u00f4le d\u2019amortisseur conjoncturel<\/a>  <\/p>\n<p>Entre les mains de la diplomatie suisse<\/p>\n<p>Le directeur de Swissmem, Stefan Brupbacher, cit\u00e9 dans le communiqu\u00e9 de presse, t\u00e9moigne de toutes les incertitudes qui planent sur le secteur: \u00abLes chiffres du premier trimestre sont d\u00e9cevants. Sans compter que ces chiffres ne tiennent m\u00eame pas compte de l\u2019impact des droits de douane am\u00e9ricains suppl\u00e9mentaires de 10% et de la menace de 31%. Les grandes incertitudes g\u00e9opolitiques se poursuivent et continuent de freiner la demande de biens de l\u2019industrie tech suisse. Les risques de baisse sont consid\u00e9rables.\u202f\u00bb De quoi ajouter de la pression dans un contexte d\u00e9j\u00e0 d\u00e9licat, la branche ayant enregistr\u00e9 son huiti\u00e8me trimestre cons\u00e9cutif de repli.<\/p>\n<p>Si les droits de douane am\u00e9ricains devaient entrer en vigueur au niveau annonc\u00e9 le premier avril par Donald Trump (+31% pour la Suisse), cela toucherait durement l\u2019industrie tech, selon l\u2019association. \u00abLa politique doit agir de toute urgence.\u00bb Swissmem appelle notamment \u00e0 conclure le plus rapidement possible l\u2019accord de libre-\u00e9change avec les pays du Mercosur qui forment la plus grande zone de libre-\u00e9change d\u2019Am\u00e9rique du Sud.<\/p>\n","protected":false},"excerpt":{"rendered":"Lire aussi: Les exportations suisses devraient reculer en 2025, \u00e0 cause des tensions commerciales Elles soulignent \u00e9galement la&hellip;\n","protected":false},"author":2,"featured_media":114237,"comment_status":"","ping_status":"","sticky":false,"template":"","format":"standard","meta":{"footnotes":""},"categories":[1587],"tags":[11,672,1804,1805,1803,1777,674,4438,1801,12,1802],"class_list":{"0":"post-114236","1":"post","2":"type-post","3":"status-publish","4":"format-standard","5":"has-post-thumbnail","7":"category-allemagne","8":"tag-actualites","9":"tag-allemagne","10":"tag-bundesrepublik-deutschland","11":"tag-de","12":"tag-deutschland","13":"tag-eu","14":"tag-europe","15":"tag-free","16":"tag-germany","17":"tag-news","18":"tag-republique-federale-dallemagne"},"share_on_mastodon":{"url":"https:\/\/pubeurope.com\/@fr\/114540026494978659","error":""},"_links":{"self":[{"href":"https:\/\/www.europesays.com\/fr\/wp-json\/wp\/v2\/posts\/114236","targetHints":{"allow":["GET"]}}],"collection":[{"href":"https:\/\/www.europesays.com\/fr\/wp-json\/wp\/v2\/posts"}],"about":[{"href":"https:\/\/www.europesays.com\/fr\/wp-json\/wp\/v2\/types\/post"}],"author":[{"embeddable":true,"href":"https:\/\/www.europesays.com\/fr\/wp-json\/wp\/v2\/users\/2"}],"replies":[{"embeddable":true,"href":"https:\/\/www.europesays.com\/fr\/wp-json\/wp\/v2\/comments?post=114236"}],"version-history":[{"count":0,"href":"https:\/\/www.europesays.com\/fr\/wp-json\/wp\/v2\/posts\/114236\/revisions"}],"wp:featuredmedia":[{"embeddable":true,"href":"https:\/\/www.europesays.com\/fr\/wp-json\/wp\/v2\/media\/114237"}],"wp:attachment":[{"href":"https:\/\/www.europesays.com\/fr\/wp-json\/wp\/v2\/media?parent=114236"}],"wp:term":[{"taxonomy":"category","embeddable":true,"href":"https:\/\/www.europesays.com\/fr\/wp-json\/wp\/v2\/categories?post=114236"},{"taxonomy":"post_tag","embeddable":true,"href":"https:\/\/www.europesays.com\/fr\/wp-json\/wp\/v2\/tags?post=114236"}],"curies":[{"name":"wp","href":"https:\/\/api.w.org\/{rel}","templated":true}]}}