{"id":114238,"date":"2025-05-20T11:54:13","date_gmt":"2025-05-20T11:54:13","guid":{"rendered":"https:\/\/www.europesays.com\/fr\/114238\/"},"modified":"2025-05-20T11:54:13","modified_gmt":"2025-05-20T11:54:13","slug":"non-a-latomisation-de-la-france-et-de-leurope-oui-a-un-monde-sans-armes-nucleaires","status":"publish","type":"post","link":"https:\/\/www.europesays.com\/fr\/114238\/","title":{"rendered":"Non \u00e0 l\u2019atomisation de la France et de l\u2019Europe, Oui \u00e0 un monde sans armes nucl\u00e9aires"},"content":{"rendered":"<p>Cette premi\u00e8re frappe fran\u00e7aise transformera une guerre conventionnelle en guerre nucl\u00e9aire. Elle am\u00e8nera quasi in\u00e9luctablement un ennemi dot\u00e9 lui aussi d\u2019armes nucl\u00e9aires \u00e0 riposter avec les siennes, voire \u00e0 la devancer en frappant lui-m\u00eame en premier. Dans les deux cas elle entra\u00eenera un suicide collectif. Sans l\u2019avoir jamais voulu, c\u2019est le prix que les Fran\u00e7ais doivent payer, aujourd\u2019hui en Euros et demain de leurs vies, \u00e0 la \u00ab\u00a0souverainet\u00e9 nationale\u00a0\u00bb, c\u2019est-\u00e0-dire au pouvoir exorbitant du chef de l\u2019\u00c9tat. Que cette strat\u00e9gie soit suicidaire, c\u2019est ce qu\u2019avait compris Val\u00e9ry Giscard\u00a0d\u2019Estaing, qui confie dans ses m\u00e9moires s\u2019\u00eatre secr\u00e8tement r\u00e9solu \u00e0 ne jamais prendre \u00ab\u00a0l\u2019initiative d\u2019un geste qui conduirait \u00e0 l\u2019an\u00e9antissement de la France\u00a0\u00bb.<\/p>\n<p>Si, comme le voudrait M. Macron, la France devait \u00e9tendre aux autres pays europ\u00e9ens la protection imaginaire de notre suppos\u00e9 \u00ab\u00a0parapluie nucl\u00e9aire\u00a0\u00bb, notre an\u00e9antissement provoqu\u00e9 par ses soins d\u00e9pendrait alors de ce qui se passera pour on ne sait qui, on ne sait o\u00f9, quelque part en Europe. <\/p>\n<p>En attendant, la France va d\u00e9penser, en 2025, 7\u00a0milliards d\u2019Euros rien que pour \u00ab\u00a0moderniser\u00a0\u00bb sa force de frappe qui n\u2019en a pourtant pas besoin, alors m\u00eame qu\u2019elle doit puiser dans ses forces conventionnelles pour soutenir la r\u00e9sistance des Ukrainiens, et qu\u2019elle ne parvient pas non plus \u00e0 satisfaire ses besoins sanitaires, sociaux, \u00e9ducatifs et environnementaux. <\/p>\n<p>Nous refusons de sacrifier nos \u00ab\u00a0int\u00e9r\u00eats vitaux\u00a0\u00bb pr\u00e9sents et futurs aux postulats d\u2019une strat\u00e9gie nucl\u00e9aire absurde, ruineuse, fonci\u00e8rement antid\u00e9mocratique, ill\u00e9gale, criminelle et suicidaire. Nous refusons de massacrer les autres et d\u2019\u00eatre suicid\u00e9s. La France doit n\u00e9gocier avec les autres \u00c9tats concern\u00e9s l\u2019abolition des armes nucl\u00e9aires et radioactives, conform\u00e9ment \u00e0 l\u2019article VI du Trait\u00e9 de Non-Prolif\u00e9ration. \u00c0 d\u00e9faut, nous demandons que les Fran\u00e7ais soient consult\u00e9s et soutenons la Proposition Parlementaire de Loi visant \u00e0 organiser un r\u00e9f\u00e9rendum d\u2019initiative partag\u00e9e sur cette question vitale. <\/p>\n<p>\u00ab\u00a0Devant les perspectives terrifiantes qui s\u2019ouvrent \u00e0 l\u2019humanit\u00e9, nous apercevons encore mieux que la paix est le seul combat qui vaille d\u2019\u00eatre men\u00e9. Ce n\u2019est plus une pri\u00e8re, mais un ordre qui doit monter des peuples vers les gouvernements, l\u2019ordre de choisir d\u00e9finitivement entre l\u2019enfer et la raison.\u00a0\u00bb (Albert Camus, le 8\u00a0ao\u00fbt 1945)<\/p>\n<p>Fabrice Barusseau, d\u00e9put\u00e9 de la Charente-Maritime<br \/>Guy Benarroche, s\u00e9nateur des Bouches-du-Rh\u00f4ne<br \/>Larbi Benchiha, cin\u00e9aste, auteur de Vent de sable et de Bons baisers de Moruroa<br \/>Beno\u00eet Biteau, d\u00e9put\u00e9 de la Charente-Maritime<br \/>Fran\u00e7oise Boman, m\u00e9decin anatomo-cyto-pathologiste<br \/>Jacques Bord\u00e9, vice-pr\u00e9sident de Pugwash-France<br \/>Andr\u00e9 Bouny, fondateur de DEFI Vi\u00eat Nam et du Comit\u00e9 international de soutien aux victimes vietnamiennes de l\u2019Agent Orange.<br \/>Bruno Boussagol, metteur en sc\u00e8ne<br \/>Rony Brauman, m\u00e9decin, ex pr\u00e9sident de M\u00e9decins Sans Fronti\u00e8res<br \/>Hendrik Davi, d\u00e9put\u00e9 des Bouches-du-Rh\u00f4ne<br \/>Nicolas Delerue, pr\u00e9sident de Pugwash France<br \/>Jean-Jacques Delfour, auteur de La condition nucl\u00e9aire, L\u2019Echapp\u00e9e (2016)<br \/>Jean-Pierre Desbordes, directeur d\u2019\u00e9cole, vice-pr\u00e9sident d\u2019ACDN<br \/>Roland Desbordes, ancien pr\u00e9sident de la Commission de recherche et d\u2019information ind\u00e9pendantes sur la radioactivit\u00e9 (CRIIRAD)<br \/>Marc Finaud, diplomate, auteur de L\u2019arme nucl\u00e9aire, \u00c9liminons-la, L\u2019Harmattan (2020), vice-pr\u00e9sident d\u2019IDN<br \/>Kaddour Hadadi (HK), artiste<br \/>Sylvie Justome, adjointe au maire de Bordeaux, conseill\u00e8re m\u00e9tropolitaine<br \/>Jean-Luc Lefebvre, ancien officier de l\u2019arm\u00e9e de l\u2019air, chercheur en strat\u00e9gie<br \/>Francis Lenne, g\u00e9n\u00e9ral de brigade 2e Section<br \/>Yves Lenoir, auteur de La Com\u00e9die atomique, La D\u00e9couverte (2016)<br \/>Jean-Luc Marchais, maire de Bussac-sur-Charente<br \/>Monique de Marco, s\u00e9natrice de la Gironde<br \/>Jean-Marie Matagne, pr\u00e9sident de l\u2019Action des Citoyens pour le D\u00e9sarmement Nucl\u00e9aire (ACDN)<br \/>Chlo\u00e9 Maurel, historienne, sp\u00e9cialiste de l\u2019ONU<br \/>Patrick Moquay, professeur \u00e0 l\u2019\u00c9NS du paysage de Versailles, ancien maire de Saint Pierre d\u2019Ol\u00e9ron<br \/>Laurent Mucchielli, sociologue au CNRS<br \/>Bernard Norlain, g\u00e9n\u00e9ral d\u2019arm\u00e9e 2e Section, pr\u00e9sident d\u2019Initiatives pour le D\u00e9sarmement Nucl\u00e9aire (IDN)<br \/>Raymonde Poncet-Monge, s\u00e9natrice du Rh\u00f4ne<br \/>Annick Suzor-Weiner, physicienne, professeure \u00e9m\u00e9rite \u00e0 l\u2019Universit\u00e9 de Paris-Saclay<br \/>Patrick Zahnd, professeur de droit international<\/p>\n<p>Fabrice Barusseau, d\u00e9put\u00e9 de la Charente-Maritime<br \/>Guy Benarroche, s\u00e9nateur des Bouches-du-Rh\u00f4ne<br \/>Larbi Benchiha, cin\u00e9aste, auteur de Vent de sable et de Bons baisers de Moruroa<br \/>Beno\u00eet Biteau, d\u00e9put\u00e9 de la Charente-Maritime<br \/>Fran\u00e7oise Boman, m\u00e9decin anatomo-cyto-pathologiste<br \/>Jacques Bord\u00e9, vice-pr\u00e9sident de Pugwash-France<br \/>Andr\u00e9 Bouny, fondateur de DEFI Vi\u00eat Nam et du Comit\u00e9 international de soutien aux victimes vietnamiennes de l\u2019Agent Orange.<br \/>Bruno Boussagol, metteur en sc\u00e8ne<br \/>Rony Brauman, m\u00e9decin, ex pr\u00e9sident de M\u00e9decins Sans Fronti\u00e8res<br \/>Hendrik Davi, d\u00e9put\u00e9 des Bouches-du-Rh\u00f4ne<br \/>Nicolas Delerue, pr\u00e9sident de Pugwash France<br \/>Jean-Jacques Delfour, auteur de La condition nucl\u00e9aire, L\u2019Echapp\u00e9e (2016)<br \/>Jean-Pierre Desbordes, directeur d\u2019\u00e9cole, vice-pr\u00e9sident d\u2019ACDN<br \/>Roland Desbordes, ancien pr\u00e9sident de la Commission de recherche et d\u2019information ind\u00e9pendantes sur la radioactivit\u00e9 (CRIIRAD)<br \/>Marc Finaud, diplomate, auteur de L\u2019arme nucl\u00e9aire, \u00c9liminons-la, L\u2019Harmattan (2020), vice-pr\u00e9sident d\u2019IDN<br \/>Kaddour Hadadi (HK), artiste<br \/>Sylvie Justome, adjointe au maire de Bordeaux, conseill\u00e8re m\u00e9tropolitaine<br \/>Jean-Luc Lefebvre, ancien officier de l\u2019arm\u00e9e de l\u2019air, chercheur en strat\u00e9gie<br \/>Francis Lenne, g\u00e9n\u00e9ral de brigade 2e Section<br \/>Yves Lenoir, auteur de La Com\u00e9die atomique, La D\u00e9couverte (2016)<br \/>Jean-Luc Marchais, maire de Bussac-sur-Charente<br \/>Monique de Marco, s\u00e9natrice de la Gironde<br \/>Jean-Marie Matagne, pr\u00e9sident de l\u2019Action des Citoyens pour le D\u00e9sarmement Nucl\u00e9aire (ACDN)<br \/>Chlo\u00e9 Maurel, historienne, sp\u00e9cialiste de l\u2019ONU<br \/>Patrick Moquay, professeur \u00e0 l\u2019\u00c9NS du paysage de Versailles, ancien maire de Saint Pierre d\u2019Ol\u00e9ron<br \/>Laurent Mucchielli, sociologue au CNRS<br \/>Bernard Norlain, g\u00e9n\u00e9ral d\u2019arm\u00e9e 2e Section, pr\u00e9sident d\u2019Initiatives pour le D\u00e9sarmement Nucl\u00e9aire (IDN)<br \/>Raymonde Poncet-Monge, s\u00e9natrice du Rh\u00f4ne<br \/>Annick Suzor-Weiner, physicienne, professeure \u00e9m\u00e9rite \u00e0 l\u2019Universit\u00e9 de Paris-Saclay<br \/>Patrick Zahnd, professeur de droit international<\/p>\n<p>Fabrice Barusseau, d\u00e9put\u00e9 de la Charente-Maritime<br \/>Guy Benarroche, s\u00e9nateur des Bouches-du-Rh\u00f4ne<br \/>Larbi Benchiha, cin\u00e9aste, auteur de Vent de sable et de Bons baisers de Moruroa<br \/>Beno\u00eet Biteau, d\u00e9put\u00e9 de la Charente-Maritime<br \/>Fran\u00e7oise Boman, m\u00e9decin anatomo-cyto-pathologiste<br \/>Jacques Bord\u00e9, vice-pr\u00e9sident de Pugwash-France<br \/>Andr\u00e9 Bouny, fondateur de DEFI Vi\u00eat Nam et du Comit\u00e9 international de soutien aux victimes vietnamiennes de l\u2019Agent Orange.<br \/>Bruno Boussagol, metteur en sc\u00e8ne<br \/>Rony Brauman, m\u00e9decin, ex pr\u00e9sident de M\u00e9decins Sans Fronti\u00e8res<br \/>Hendrik Davi, d\u00e9put\u00e9 des Bouches-du-Rh\u00f4ne<br \/>Nicolas Delerue, pr\u00e9sident de Pugwash France<br \/>Jean-Jacques Delfour, auteur de La condition nucl\u00e9aire, L\u2019Echapp\u00e9e (2016)<br \/>Jean-Pierre Desbordes, directeur d\u2019\u00e9cole, vice-pr\u00e9sident d\u2019ACDN<br \/>Roland Desbordes, ancien pr\u00e9sident de la Commission de recherche et d\u2019information ind\u00e9pendantes sur la radioactivit\u00e9 (CRIIRAD)<br \/>Marc Finaud, diplomate, auteur de L\u2019arme nucl\u00e9aire, \u00c9liminons-la, L\u2019Harmattan (2020), vice-pr\u00e9sident d\u2019IDN<br \/>Kaddour Hadadi (HK), artiste<br \/>Sylvie Justome, adjointe au maire de Bordeaux, conseill\u00e8re m\u00e9tropolitaine<br \/>Jean-Luc Lefebvre, ancien officier de l\u2019arm\u00e9e de l\u2019air, chercheur en strat\u00e9gie<br \/>Francis Lenne, g\u00e9n\u00e9ral de brigade 2e Section<br \/>Yves Lenoir, auteur de La Com\u00e9die atomique, La D\u00e9couverte (2016)<br \/>Jean-Luc Marchais, maire de Bussac-sur-Charente<br \/>Monique de Marco, s\u00e9natrice de la Gironde<br \/>Jean-Marie Matagne, pr\u00e9sident de l\u2019Action des Citoyens pour le D\u00e9sarmement Nucl\u00e9aire (ACDN)<br \/>Chlo\u00e9 Maurel, historienne, sp\u00e9cialiste de l\u2019ONU<br \/>Patrick Moquay, professeur \u00e0 l\u2019\u00c9NS du paysage de Versailles, ancien maire de Saint Pierre d\u2019Ol\u00e9ron<br \/>Laurent Mucchielli, sociologue au CNRS<br \/>Bernard Norlain, g\u00e9n\u00e9ral d\u2019arm\u00e9e 2e Section, pr\u00e9sident d\u2019Initiatives pour le D\u00e9sarmement Nucl\u00e9aire (IDN)<br \/>Raymonde Poncet-Monge, s\u00e9natrice du Rh\u00f4ne<br \/>Annick Suzor-Weiner, physicienne, professeure \u00e9m\u00e9rite \u00e0 l\u2019Universit\u00e9 de Paris-Saclay<br \/>Patrick Zahnd, professeur de droit international<\/p>\n","protected":false},"excerpt":{"rendered":"Cette premi\u00e8re frappe fran\u00e7aise transformera une guerre conventionnelle en guerre nucl\u00e9aire. Elle am\u00e8nera quasi in\u00e9luctablement un ennemi dot\u00e9&hellip;\n","protected":false},"author":2,"featured_media":114239,"comment_status":"","ping_status":"","sticky":false,"template":"","format":"standard","meta":{"footnotes":""},"categories":[1586],"tags":[11,23417,23416,1777,674,1011,27,12,25],"class_list":{"0":"post-114238","1":"post","2":"type-post","3":"status-publish","4":"format-standard","5":"has-post-thumbnail","7":"category-europe","8":"tag-actualites","9":"tag-dissuasion-nuclu00e9aire","10":"tag-du00e9sarmement-nuclu00e9aire","11":"tag-eu","12":"tag-europe","13":"tag-fr","14":"tag-france","15":"tag-news","16":"tag-republique-francaise"},"share_on_mastodon":{"url":"https:\/\/pubeurope.com\/@fr\/114540030442354569","error":""},"_links":{"self":[{"href":"https:\/\/www.europesays.com\/fr\/wp-json\/wp\/v2\/posts\/114238","targetHints":{"allow":["GET"]}}],"collection":[{"href":"https:\/\/www.europesays.com\/fr\/wp-json\/wp\/v2\/posts"}],"about":[{"href":"https:\/\/www.europesays.com\/fr\/wp-json\/wp\/v2\/types\/post"}],"author":[{"embeddable":true,"href":"https:\/\/www.europesays.com\/fr\/wp-json\/wp\/v2\/users\/2"}],"replies":[{"embeddable":true,"href":"https:\/\/www.europesays.com\/fr\/wp-json\/wp\/v2\/comments?post=114238"}],"version-history":[{"count":0,"href":"https:\/\/www.europesays.com\/fr\/wp-json\/wp\/v2\/posts\/114238\/revisions"}],"wp:featuredmedia":[{"embeddable":true,"href":"https:\/\/www.europesays.com\/fr\/wp-json\/wp\/v2\/media\/114239"}],"wp:attachment":[{"href":"https:\/\/www.europesays.com\/fr\/wp-json\/wp\/v2\/media?parent=114238"}],"wp:term":[{"taxonomy":"category","embeddable":true,"href":"https:\/\/www.europesays.com\/fr\/wp-json\/wp\/v2\/categories?post=114238"},{"taxonomy":"post_tag","embeddable":true,"href":"https:\/\/www.europesays.com\/fr\/wp-json\/wp\/v2\/tags?post=114238"}],"curies":[{"name":"wp","href":"https:\/\/api.w.org\/{rel}","templated":true}]}}