{"id":114240,"date":"2025-05-20T11:55:11","date_gmt":"2025-05-20T11:55:11","guid":{"rendered":"https:\/\/www.europesays.com\/fr\/114240\/"},"modified":"2025-05-20T11:55:11","modified_gmt":"2025-05-20T11:55:11","slug":"il-y-a-eu-une-dissimulation-par-letat-selon-la-commission-denquete-senatoriale","status":"publish","type":"post","link":"https:\/\/www.europesays.com\/fr\/114240\/","title":{"rendered":"il y a eu \u00ab\u00a0une dissimulation\u00a0\u00bb par l\u2019Etat, selon la commission d\u2019enqu\u00eate s\u00e9natoriale"},"content":{"rendered":"<p>Rendu public lundi apr\u00e8s six mois de travaux et plus de 70 auditions, le rapport de la commission d\u2019enqu\u00eate s\u00e9natoriale sur les pratiques des industriels de l\u2019eau en bouteille dresse un constat accablant pour l\u2019Etat fran\u00e7ais. L\u2019affaire des traitements illicites utilis\u00e9s pour certaines eaux min\u00e9rales, r\u00e9v\u00e9l\u00e9e par la presse d\u00e9but\u00a02024, a en effet fait l\u2019objet d\u2019une \u00ab\u00a0dissimulation\u00a0\u00bb relevant \u00ab\u00a0d\u2019une strat\u00e9gie d\u00e9lib\u00e9r\u00e9e\u00a0\u00bb, estime la commission d\u2019enqu\u00eate.<\/p>\n<p>\u00ab\u00a0Outre le manque de transparence de Nestl\u00e9 Waters, il faut souligner celui de l\u2019\u00c9tat, \u00e0 la fois vis-\u00e0-vis des autorit\u00e9s locales et europ\u00e9ennes et vis-\u00e0-vis des Fran\u00e7ais [\u2026] Cette dissimulation rel\u00e8ve d\u2019une strat\u00e9gie d\u00e9lib\u00e9r\u00e9e, abord\u00e9e d\u00e8s la premi\u00e8re r\u00e9union interminist\u00e9rielle sur les eaux min\u00e9rales naturelles le 14\u00a0octobre 2021. Pr\u00e8s de quatre ans apr\u00e8s, la transparence n\u2019est toujours pas faite\u00a0\u00bb, souligne ce rapport.<\/p>\n<p><b class=\"c-widget-related__title__text\">Related<\/b><\/p>\n<p>\u00ab\u00a0Pas de suites judiciaires\u00a0\u00bb donn\u00e9es par les autorit\u00e9s<\/p>\n<p>Nestl\u00e9 Waters, dont la direction assure avoir d\u00e9couvert fin\u00a02020 sur ses sites Perrier, H\u00e9par et Contrex l\u2019usage de traitements interdits pour de l\u2019eau min\u00e9rale, avait sollicit\u00e9 \u00e0 ce sujet mi-2021 le gouvernement, jusqu\u2019\u00e0 l\u2019Elys\u00e9e. Selon le min\u00e9ralier, il s\u2019agissait d'\u00a0\u00bbassurer la s\u00e9curit\u00e9 sanitaire\u00a0\u00bb des eaux lors d\u2019\u00e9pisodes de contaminations bact\u00e9riologiques de forages.<\/p>\n<p>Dix-huit mois plus tard, un plan de transformation de ses sites \u00e9tait approuv\u00e9 par les pouvoirs publics, rempla\u00e7ant les traitements interdits (UV, charbon actif) par une microfiltration fine par ailleurs controvers\u00e9e car \u00e0 m\u00eame de priver l\u2019eau min\u00e9rale de ses caract\u00e9ristiques. Or le droit europ\u00e9en stipule qu\u2019une eau min\u00e9rale naturelle ne peut faire l\u2019objet d\u2019aucune d\u00e9sinfection ou traitement de nature \u00e0 modifier ses caract\u00e9ristiques. \u00ab\u00a0Malgr\u00e9 la fraude aux consommateurs que repr\u00e9sente la d\u00e9sinfection de l\u2019eau, les autorit\u00e9s ne donnent pas de suites judiciaires \u00e0 ces r\u00e9v\u00e9lations\u00a0\u00bb de\u00a02021, souligne le rapport.<\/p>\n<p>Un rapport d\u00e9favorable \u00e0 la multinationale modifi\u00e9<\/p>\n<p>Les s\u00e9nateurs d\u00e9plorent ensuite une \u00ab\u00a0inversion de la relation entre l\u2019\u00c9tat et les industriels en mati\u00e8re d&rsquo;\u00e9diction de la norme\u00a0\u00bb\u00a0: \u00ab\u00a0Nestl\u00e9 Waters adopte une attitude transactionnelle, posant explicitement l\u2019autorisation de la microfiltration \u00e0 0,2 micron comme condition \u00e0 l\u2019arr\u00eat de traitements pourtant ill\u00e9gaux.\u00a0\u00bb<\/p>\n<p>Comme le r\u00e9v\u00e8le le rapport, il s\u2019av\u00e8re aussi que plusieurs minist\u00e8res, le directeur de l\u2019Agence r\u00e9gionale de sant\u00e9 d\u2019Occitanie et un pr\u00e9fet auraient accept\u00e9 de modifier un rapport sanitaire d\u00e9favorable \u00e0 Nestl\u00e9 Waters, \u00e0 la demande de la multinationale. Ces modifications ont \u00e9t\u00e9 r\u00e9alis\u00e9es \u00ab\u00a0afin de dissimuler la contamination de forages contamin\u00e9s par des bact\u00e9ries, mais aussi des herbicides et des m\u00e9tabolites de pesticides, parfois interdits depuis des ann\u00e9es\u00a0\u00bb, souligne le rapport. L\u2019objectif \u00e9tait \u00e9galement de prot\u00e9ger le gouvernement, \u00ab\u00a0qui craignait que son implication dans la tromperie ne soit d\u00e9voil\u00e9e au grand public\u00a0\u00bb.<\/p>\n<p>La pr\u00e9sidence de la R\u00e9publique \u00ab\u00a0savait\u00a0\u00bb au moins depuis\u00a02022<\/p>\n<p>\u00ab\u00a0En d\u00e9finitive, c\u2019est au plus haut niveau de l\u2019\u00c9tat que s\u2019est jou\u00e9e la d\u00e9cision d\u2019autoriser une microfiltration sous le seuil de 0,8 micron\u00a0\u00bb, au terme d\u2019une \u00ab\u00a0concertation interminist\u00e9rielle\u00a0\u00bb, \u00ab\u00a0dans la continuit\u00e9 des arbitrages pris par le cabinet de la Premi\u00e8re ministre, \u00c9lisabeth Borne, mais sans que celle-ci ne semble inform\u00e9e\u00a0\u00bb, note le rapport.<\/p>\n<p>\u00ab\u00a0De son c\u00f4t\u00e9, la pr\u00e9sidence de la R\u00e9publique, loin d\u2019\u00eatre une forteresse inexpugnable \u00e0 l\u2019\u00e9gard du lobbying de Nestl\u00e9, a suivi de pr\u00e8s le dossier\u00a0\u00bb, ajoute la commission, qui se base sur \u00ab\u00a0des documents recueillis par ses soins\u00a0\u00bb\u00a0: elle \u00ab\u00a0savait, au moins depuis\u00a02022, que Nestl\u00e9 trichait depuis des ann\u00e9es\u00a0\u00bb. Alexis Kohler, \u00e0 l\u2019\u00e9poque secr\u00e9taire g\u00e9n\u00e9ral de l\u2019Elys\u00e9e, avait lui aussi re\u00e7u les dirigeants de Nestl\u00e9. Dans le m\u00eame temps, \u00e0 ce jour, il n\u2019y a pas \u00ab\u00a0de v\u00e9rifications exhaustives de l\u2019absence de traitements interdits sur tous les sites de production d\u2019eau conditionn\u00e9e\u00a0\u00bb, note-t-il.<\/p>\n","protected":false},"excerpt":{"rendered":"Rendu public lundi apr\u00e8s six mois de travaux et plus de 70 auditions, le rapport de la commission&hellip;\n","protected":false},"author":2,"featured_media":114241,"comment_status":"","ping_status":"","sticky":false,"template":"","format":"standard","meta":{"footnotes":""},"categories":[1586],"tags":[11,10349,5137,1777,674,1779,1011,27,23419,23418,12,23420,25,1778,364],"class_list":{"0":"post-114240","1":"post","2":"type-post","3":"status-publish","4":"format-standard","5":"has-post-thumbnail","7":"category-europe","8":"tag-actualites","9":"tag-commission","10":"tag-commission-denquete","11":"tag-eu","12":"tag-europe","13":"tag-european-union","14":"tag-fr","15":"tag-france","16":"tag-leau-minerale","17":"tag-nestle-waters","18":"tag-news","19":"tag-presidence-de-la-republique","20":"tag-republique-francaise","21":"tag-ue","22":"tag-union-europeenne"},"share_on_mastodon":{"url":"https:\/\/pubeurope.com\/@fr\/114540034353763142","error":""},"_links":{"self":[{"href":"https:\/\/www.europesays.com\/fr\/wp-json\/wp\/v2\/posts\/114240","targetHints":{"allow":["GET"]}}],"collection":[{"href":"https:\/\/www.europesays.com\/fr\/wp-json\/wp\/v2\/posts"}],"about":[{"href":"https:\/\/www.europesays.com\/fr\/wp-json\/wp\/v2\/types\/post"}],"author":[{"embeddable":true,"href":"https:\/\/www.europesays.com\/fr\/wp-json\/wp\/v2\/users\/2"}],"replies":[{"embeddable":true,"href":"https:\/\/www.europesays.com\/fr\/wp-json\/wp\/v2\/comments?post=114240"}],"version-history":[{"count":0,"href":"https:\/\/www.europesays.com\/fr\/wp-json\/wp\/v2\/posts\/114240\/revisions"}],"wp:featuredmedia":[{"embeddable":true,"href":"https:\/\/www.europesays.com\/fr\/wp-json\/wp\/v2\/media\/114241"}],"wp:attachment":[{"href":"https:\/\/www.europesays.com\/fr\/wp-json\/wp\/v2\/media?parent=114240"}],"wp:term":[{"taxonomy":"category","embeddable":true,"href":"https:\/\/www.europesays.com\/fr\/wp-json\/wp\/v2\/categories?post=114240"},{"taxonomy":"post_tag","embeddable":true,"href":"https:\/\/www.europesays.com\/fr\/wp-json\/wp\/v2\/tags?post=114240"}],"curies":[{"name":"wp","href":"https:\/\/api.w.org\/{rel}","templated":true}]}}