{"id":1142475,"date":"2026-08-22T16:03:17","date_gmt":"2026-08-22T16:03:17","guid":{"rendered":"https:\/\/www.europesays.com\/fr\/1142475\/"},"modified":"2026-08-22T16:03:17","modified_gmt":"2026-08-22T16:03:17","slug":"psg-rennes-a-quelle-heure-et-sur-quelle-chaine-voir-le-match-en-direct","status":"publish","type":"post","link":"https:\/\/www.europesays.com\/fr\/1142475\/","title":{"rendered":"PSG &#8211; Rennes : \u00e0 quelle heure et sur quelle cha\u00eene voir le match en direct ?"},"content":{"rendered":"<p>Le calendrier r\u00e9servait d\u00e9j\u00e0 une <a href=\"https:\/\/c3po.link\/Qqaecdg6jV\" rel=\"sponsored nofollow noopener\" target=\"_blank\">affiche relev\u00e9e<\/a> au Stade Rennais pour lancer sa saison. Le contexte la rend d\u00e9sormais encore plus particuli\u00e8re. Entre l\u2019inversion tardive de la rencontre, le retour pr\u00e9cipit\u00e9 au Roazhon Park et un PSG revanchard apr\u00e8s sa d\u00e9faite face \u00e0 Lens au Troph\u00e9e des Champions, les Rouge et Noir s\u2019appr\u00eatent \u00e0 vivre une reprise aussi inattendue qu\u2019ambitieuse.<\/p>\n<p><a href=\"https:\/\/c3po.link\/Qqaecdg6jV\" rel=\"sponsored nofollow noopener\" target=\"_blank\">VOIR RENNES-PSG EN DIRECT<\/a><strong>PSG &#8211; Rennes finalement au Roazhon Park : une premi\u00e8re journ\u00e9e compl\u00e8tement boulevers\u00e9e<\/strong><\/p>\n<p>\u00c0 quelques jours seulement de la reprise, le programme a \u00e9t\u00e9 profond\u00e9ment modifi\u00e9. Le Paris Saint-Germain devait accueillir le Stade Rennais au Parc des Princes pour son premier match de Ligue 1 McDonald&rsquo;s de la saison. Mais la pelouse de l\u2019enceinte parisienne, touch\u00e9e notamment par un champignon et jug\u00e9e insuffisamment praticable, a contraint la Ligue de football professionnel \u00e0 trouver une solution de repli.<\/p>\n<p>La <a href=\"https:\/\/c3po.link\/Qqaecdg6jV\" rel=\"sponsored nofollow noopener\" target=\"_blank\">rencontre<\/a> aura donc finalement lieu au Roazhon Park, \u00e0 Rennes. Selon les conclusions des experts mandat\u00e9s par la LFP, l\u2019\u00e9tat du terrain parisien ne permettait pas de garantir suffisamment la s\u00e9curit\u00e9 des joueurs. Une d\u00e9cision prise tardivement et qui oblige le Stade Rennais \u00e0 organiser en quelques jours seulement un rendez-vous qui ne devait, en th\u00e9orie, pas se tenir en Bretagne.<\/p>\n<p>Particularit\u00e9 importante : il ne s\u2019agit pas, pour le moment, d\u2019une inversion compl\u00e8te des matchs aller et retour. Administrativement, l\u2019affiche reste bien PSG &#8211; Rennes, m\u00eame si elle se dispute au Roazhon Park. Cette nuance pourrait avoir des cons\u00e9quences dans quelques mois. Rennes estime en effet que son match retour, officiellement programm\u00e9 comme Rennes &#8211; PSG, pourrait lui aussi se tenir en Bretagne puisque la commission des comp\u00e9titions n\u2019a pas ent\u00e9rin\u00e9 une permutation des deux rencontres. Le dossier n\u2019est toutefois pas d\u00e9finitivement tranch\u00e9 et devrait encore faire l\u2019objet de discussions entre les clubs et les instances.<\/p>\n<p>Pour les Rouge et Noir, la situation pourrait donc se transformer en avantage sportif inattendu, m\u00eame si le club souligne \u00e9galement les contraintes \u00e9conomiques et organisationnelles g\u00e9n\u00e9r\u00e9es par ce changement de derni\u00e8re minute.<\/p>\n<p><strong>Une billetterie ouverte dans l\u2019urgence, mais le kop rennais pourra \u00eatre pr\u00e9sent<\/strong><\/p>\n<p>Le Stade Rennais a d\u00fb mettre en place une nouvelle billetterie express pour cette affiche. La vente au grand public a ouvert ce jeudi 20 ao\u00fbt \u00e0 14 h, seulement trois jours avant la rencontre, avec un engouement imm\u00e9diat et d\u2019importantes files d\u2019attente sur la plateforme du club. Les tarifs ont \u00e9galement \u00e9t\u00e9 adapt\u00e9s afin de permettre de remplir le Roazhon Park malgr\u00e9 ce d\u00e9lai inhabituellement court.<\/p>\n<p>Autre bonne nouvelle pour les Rennais : le Roazhon Celtic Kop pourra prendre place dans sa tribune face au PSG. Le bas de la tribune concern\u00e9e devait \u00eatre ferm\u00e9 lors du premier match \u00e0 domicile de la saison \u00e0 la suite d\u2019une sanction disciplinaire. Mais puisque PSG &#8211; Rennes reste juridiquement consid\u00e9r\u00e9 comme une rencontre \u00e0 domicile pour Paris, la fermeture sera finalement appliqu\u00e9e lors de la r\u00e9ception du Mans, comme cela \u00e9tait pr\u00e9vu avant ce changement de calendrier.<\/p>\n<p>Sur le plan de l\u2019ambiance, Rennes b\u00e9n\u00e9ficiera donc d\u2019un v\u00e9ritable match \u00e0 domicile, avec ses supporters et son kop, alors m\u00eame que le Stade Rennais demeure officiellement l\u2019\u00e9quipe visiteuse. Un contexte pour le moins inhabituel pour d\u00e9buter une saison.<\/p>\n<p><a href=\"https:\/\/c3po.link\/Qqaecdg6jV\" rel=\"sponsored nofollow noopener\" target=\"_blank\">REGARDER RENNES \u2013 PSG EN DIRECT<\/a><strong>Rennes veut prolonger son excellent souvenir face au PSG<\/strong><\/p>\n<p>Le changement de stade ne d\u00e9plaira probablement pas aux joueurs de Franck Haise. Le Roazhon Park reste associ\u00e9 \u00e0 un souvenir particuli\u00e8rement marquant face au champion de France : le 13 f\u00e9vrier 2026, Rennes avait domin\u00e9 le PSG 3-1 devant son public.<\/p>\n<p>Mousa Al-Tamari avait ouvert le score, avant qu\u2019Est\u00e9ban Lepaul ne fasse le break. Ousmane Demb\u00e9l\u00e9 avait bri\u00e8vement relanc\u00e9 Paris, puis Breel Embolo avait d\u00e9finitivement scell\u00e9 le succ\u00e8s breton. Une prestation de r\u00e9f\u00e9rence qui peut forc\u00e9ment nourrir la confiance des Rouge et Noir au moment de retrouver un adversaire pourtant sup\u00e9rieur sur le papier.<\/p>\n<p>Depuis, le Stade Rennais a confirm\u00e9 son redressement sous les ordres de Franck Haise. Arriv\u00e9 en f\u00e9vrier 2026, l\u2019ancien entra\u00eeneur de Lens a rapidement obtenu des r\u00e9sultats, avec huit victoires lors de ses douze premiers matchs de championnat \u00e0 la t\u00eate des Bretons. Rennes a finalement termin\u00e9 la saison \u00e0 la sixi\u00e8me place et retrouv\u00e9 l\u2019Europe, suffisamment pour convaincre le club de prolonger son entra\u00eeneur et son staff jusqu\u2019en 2028.<\/p>\n<p>La reprise n\u2019en demeure pas moins d\u00e9licate \u00e0 n\u00e9gocier. La pr\u00e9paration s\u2019est achev\u00e9e par une d\u00e9faite 2-1 \u00e0 Sunderland et plusieurs dossiers restent ouverts dans l\u2019effectif. Breel Embolo et Jordan James se dirigent notamment vers un d\u00e9part, tandis que Lilian Brassier, Alidu Seidu et Djaoui Ciss\u00e9 ont travaill\u00e9 \u00e0 l\u2019\u00e9cart du groupe ces derniers jours.<\/p>\n<p>Surtout, Mahdi Camara est suspendu pour cette premi\u00e8re journ\u00e9e et ne pourra donc pas prendre place dans l\u2019entrejeu. Une absence importante tant son volume de jeu pourrait \u00eatre utile face \u00e0 la ma\u00eetrise parisienne. Valentin Rongier devrait en revanche tenir un r\u00f4le majeur, entour\u00e9 notamment de Sebastian Szyma\u0144ski et Adrien Thomasson.<\/p>\n<p>Devant, Est\u00e9ban Lepaul sera particuli\u00e8rement surveill\u00e9. D\u00e9j\u00e0 buteur contre le PSG en f\u00e9vrier, l\u2019attaquant rennais a \u00e9galement trouv\u00e9 le chemin des filets lors du dernier match de pr\u00e9paration contre Sunderland. Mousa Al-Tamari, autre bourreau des Parisiens la saison derni\u00e8re, repr\u00e9sente lui aussi l\u2019une des principales armes bretonnes.<\/p>\n<p><strong>Le PSG doit d\u00e9j\u00e0 r\u00e9agir apr\u00e8s sa d\u00e9faite contre Lens\u00a0<\/strong><\/p>\n<p>Si Rennes peut s\u2019appuyer sur de bons souvenirs, <a href=\"https:\/\/c3po.link\/Qqaecdg6jV\" rel=\"sponsored nofollow noopener\" target=\"_blank\">Paris arrive en Bretagne<\/a> avec un premier accroc \u00e0 effacer.<\/p>\n<p>Quelques jours apr\u00e8s avoir remport\u00e9 la Supercoupe d\u2019Europe contre Aston Villa (2-1), le PSG s\u2019est inclin\u00e9 face au RC Lens (0-1) lors du Troph\u00e9e des Champions, dimanche 16 ao\u00fbt. Florian Thauvin avait donn\u00e9 l\u2019avantage aux Sang et Or avant l\u2019expulsion du Lensois Kyllian Antonio. M\u00eame en sup\u00e9riorit\u00e9 num\u00e9rique pendant une grande partie du match, Paris n\u2019avait pas r\u00e9ussi \u00e0 renverser la rencontre. Nuno Mendes avait lui aussi \u00e9t\u00e9 expuls\u00e9 en fin de partie.<\/p>\n<p>Un revers inhabituel pour le double champion d\u2019Europe, mais pas de quoi inqui\u00e9ter Luis Enrique outre mesure. L\u2019entra\u00eeneur parisien avait m\u00eame estim\u00e9 que le niveau affich\u00e9 par son groupe \u00e9tait sup\u00e9rieur \u00e0 ce qu\u2019il imaginait \u00e0 ce stade de la pr\u00e9paration.<\/p>\n<p>Face \u00e0 Rennes, plusieurs cadres peuvent retrouver leur place. Marquinhos est notamment candidat en d\u00e9fense et Jo\u00e3o Neves devrait revenir au milieu. Ousmane Demb\u00e9l\u00e9 pousse \u00e9galement pour \u00eatre titularis\u00e9 apr\u00e8s avoir commenc\u00e9 contre Lens sur le banc.<\/p>\n<p>En revanche, Luis Enrique devra obligatoirement se passer de Nuno Mendes. Le lat\u00e9ral portugais a \u00e9cop\u00e9 de trois matchs de suspension apr\u00e8s son carton rouge contre Lens et manquera donc le d\u00e9placement \u00e0 Rennes. Lucas Digne est le favori pour le remplacer sur le c\u00f4t\u00e9 gauche.<\/p>\n<p>La concurrence offensive s\u2019est \u00e9galement renforc\u00e9e avec l\u2019arriv\u00e9e du champion du Monde espagnol Ferran Torres et du jeune prodige belge Mika Godts, d\u00e9sormais disponibles apr\u00e8s ne pas avoir \u00e9t\u00e9 qualifi\u00e9s pour le Troph\u00e9e des Champions. Avec Akliouche, Dou\u00e9, Kvaratskhelia et Demb\u00e9l\u00e9, Luis Enrique dispose d\u00e9j\u00e0 de nombreuses solutions pour faire \u00e9voluer son onze.<\/p>\n<p><a href=\"https:\/\/c3po.link\/Qqaecdg6jV\" rel=\"sponsored nofollow noopener\" target=\"_blank\">VOIR LE MATCH EN DIRECT<\/a><strong>Les compositions probables de PSG &#8211; Rennes\u00a0<\/strong><\/p>\n<p><strong>Composition probable du PSG :<\/strong> Safonov \u2013 Hakimi, Marquinhos, Pacho, Digne \u2013 Jo\u00e3o Neves, Vitinha, Za\u00efre-Emery \u2013 Akliouche, Demb\u00e9l\u00e9, Kvaratskhelia.<\/p>\n<p><strong>Composition probable du Stade Rennais :<\/strong> Brice Samba \u2013 Frankowski, A\u00eft Boudlal, Rouault, Merlin \u2013 Szyma\u0144ski, Rongier, Thomasson \u2013 Al-Tamari, Lepaul, Soumar\u00e9.<\/p>\n<p><strong>PSG &#8211; Rennes : \u00e0 quelle heure et sur quelle cha\u00eene voir le match ?<\/strong><\/p>\n<p>Le match PSG &#8211; Stade Rennais se jouera dimanche 23 ao\u00fbt 2026 \u00e0 20 h 45 au Roazhon Park, malgr\u00e9 le fait que le PSG reste officiellement consid\u00e9r\u00e9 comme le club recevant.<\/p>\n<p>La rencontre, comptant pour la premi\u00e8re journ\u00e9e de Ligue 1 McDonald&rsquo;s, sera diffus\u00e9e en direct sur <a href=\"https:\/\/c3po.link\/Qqaecdg6jV\" rel=\"sponsored nofollow noopener\" target=\"_blank\">Ligue 1+<\/a>. La programmation initiale pr\u00e9voyait d\u00e9j\u00e0 le match le dimanche soir \u00e0 20 h 45 ; seul le lieu a \u00e9t\u00e9 modifi\u00e9 apr\u00e8s la d\u00e9cision de ne pas utiliser la pelouse du Parc des Princes.<\/p>\n<p>Pour les supporters rennais, cette inversion transforme donc un d\u00e9placement qui devait se jouer \u00e0 plusieurs centaines de kilom\u00e8tres de la Bretagne en une affiche de gala au Roazhon Park d\u00e8s l\u2019ouverture de la saison.<\/p>\n<p><strong>Ligue 1+ : l\u2019offre de lancement \u00e0 14,99 euros par mois pendant trois mois\u00a0<\/strong><\/p>\n<p>La saison 2026-2027 marque une simplification importante pour les amateurs du championnat de France puisque 100 % des matchs de Ligue 1 McDonald&rsquo;s sont r\u00e9unis sur <a href=\"https:\/\/c3po.link\/Qqaecdg6jV\" rel=\"sponsored nofollow noopener\" target=\"_blank\">Ligue 1+<\/a>. La plateforme permet ainsi de suivre l\u2019ensemble des rencontres de la comp\u00e9tition avec un m\u00eame abonnement.<\/p>\n<p>Pour la reprise, <a href=\"https:\/\/www.letelegramme.fr\/guide-conso\/sport\/ligue-1-profitez-de-loffre-de-lancement-pour-la-reprise-de-la-ligue-1-mcdonalds-2026-2027-7102190.php\" target=\"_blank\" rel=\"nofollow noopener\">Ligue 1+ propose surtout une offre de lancement<\/a> \u00e0 14,99 euros par mois pendant les trois premiers mois, au lieu de 19,99 euros. \u00c0 l\u2019issue de cette p\u00e9riode promotionnelle, l\u2019abonnement passe \u00e0 19,99 euros par mois.<\/p>\n<p>Cette offre inclut deux connexions simultan\u00e9es et n\u00e9cessite un engagement de douze mois. Elle est disponible en France jusqu\u2019au 6 septembre 2026. L\u2019acc\u00e8s est possible depuis un t\u00e9l\u00e9viseur, un ordinateur, une console, une tablette ou un smartphone.<\/p>\n<p>Plusieurs autres formules sont propos\u00e9es par Ligue 1+ :<\/p>\n<ul>\n<li style=\"font-weight: 400;\"><a href=\"https:\/\/c3po.link\/Qqaecdg6jV\" rel=\"sponsored nofollow noopener\" target=\"_blank\">Pass Ligue 1<\/a> : 19,99 \u20ac\/mois, deux \u00e9crans et engagement de 12 mois ;<\/li>\n<li style=\"font-weight: 400;\"><a href=\"https:\/\/c3po.link\/Qqaecdg6jV\" rel=\"sponsored nofollow noopener\" target=\"_blank\">Pass Mensuel<\/a> : 24,99 \u20ac\/mois, deux \u00e9crans et sans engagement ;<\/li>\n<li style=\"font-weight: 400;\"><a href=\"https:\/\/c3po.link\/Qqaecdg6jV\" rel=\"sponsored nofollow noopener\" target=\"_blank\">Pass -26 ans<\/a> : 11,99 \u20ac\/mois, un \u00e9cran et sans engagement ;<\/li>\n<li style=\"font-weight: 400;\"><a href=\"https:\/\/c3po.link\/Qqaecdg6jV\" rel=\"sponsored nofollow noopener\" target=\"_blank\">Pass Mobile<\/a> : 19,99 \u20ac\/mois, un \u00e9cran et sans engagement ;<\/li>\n<li style=\"font-weight: 400;\"><a href=\"https:\/\/c3po.link\/Qqaecdg6jV\" rel=\"sponsored nofollow noopener\" target=\"_blank\">Pass Direct 1 an<\/a> : 199 \u20ac, deux \u00e9crans et engagement de 12 mois, avec une \u00e9conomie annonc\u00e9e de 40 euros.<\/li>\n<\/ul>\n<p>Ligue 1+ est par ailleurs accessible directement depuis sa plateforme, mais aussi notamment chez Orange, Bouygues Telecom, SFR et Free, ainsi que via plusieurs services partenaires.<\/p>\n<p><a href=\"https:\/\/c3po.link\/Qqaecdg6jV\" rel=\"sponsored nofollow noopener\" target=\"_blank\">PROFITER DE LA PROMO LIGUE 1+<\/a><\/p>\n","protected":false},"excerpt":{"rendered":"Le calendrier r\u00e9servait d\u00e9j\u00e0 une affiche relev\u00e9e au Stade Rennais pour lancer sa saison. Le contexte la rend&hellip;\n","protected":false},"author":2,"featured_media":1142476,"comment_status":"","ping_status":"","sticky":false,"template":"","format":"standard","meta":{"footnotes":"","_share_on_mastodon":"0"},"categories":[2821],"tags":[1111,11,829,1777,674,1011,27,48888,12,116945,584,25,517],"class_list":["post-1142475","post","type-post","status-publish","format-standard","has-post-thumbnail","category-rennes","tag-actu","tag-actualites","tag-bretagne","tag-eu","tag-europe","tag-fr","tag-france","tag-guide-conso","tag-news","tag-ou-voir-les-matchs","tag-rennes","tag-republique-francaise","tag-sport"],"share_on_mastodon":{"url":"https:\/\/pubeurope.com\/@fr\/117140010281819031","error":""},"_links":{"self":[{"href":"https:\/\/www.europesays.com\/fr\/wp-json\/wp\/v2\/posts\/1142475","targetHints":{"allow":["GET"]}}],"collection":[{"href":"https:\/\/www.europesays.com\/fr\/wp-json\/wp\/v2\/posts"}],"about":[{"href":"https:\/\/www.europesays.com\/fr\/wp-json\/wp\/v2\/types\/post"}],"author":[{"embeddable":true,"href":"https:\/\/www.europesays.com\/fr\/wp-json\/wp\/v2\/users\/2"}],"replies":[{"embeddable":true,"href":"https:\/\/www.europesays.com\/fr\/wp-json\/wp\/v2\/comments?post=1142475"}],"version-history":[{"count":0,"href":"https:\/\/www.europesays.com\/fr\/wp-json\/wp\/v2\/posts\/1142475\/revisions"}],"wp:featuredmedia":[{"embeddable":true,"href":"https:\/\/www.europesays.com\/fr\/wp-json\/wp\/v2\/media\/1142476"}],"wp:attachment":[{"href":"https:\/\/www.europesays.com\/fr\/wp-json\/wp\/v2\/media?parent=1142475"}],"wp:term":[{"taxonomy":"category","embeddable":true,"href":"https:\/\/www.europesays.com\/fr\/wp-json\/wp\/v2\/categories?post=1142475"},{"taxonomy":"post_tag","embeddable":true,"href":"https:\/\/www.europesays.com\/fr\/wp-json\/wp\/v2\/tags?post=1142475"}],"curies":[{"name":"wp","href":"https:\/\/api.w.org\/{rel}","templated":true}]}}