{"id":114248,"date":"2025-05-20T12:01:11","date_gmt":"2025-05-20T12:01:11","guid":{"rendered":"https:\/\/www.europesays.com\/fr\/114248\/"},"modified":"2025-05-20T12:01:11","modified_gmt":"2025-05-20T12:01:11","slug":"super-league-steve-mcnamara-jette-leponge-rugby-a-xiii","status":"publish","type":"post","link":"https:\/\/www.europesays.com\/fr\/114248\/","title":{"rendered":"Super League &#8211; Steve McNamara jette l&rsquo;\u00e9ponge &#8211; Rugby \u00e0 XIII"},"content":{"rendered":"<p style=\"text-align: justify;\"><strong>L\u2019entraineur des Dragons Catalans a quitt\u00e9 le navire avec effet imm\u00e9diat ce mardi 20 mai.<\/strong><\/p>\n<p style=\"text-align: justify;\">C\u2019est une bombe qui vient de retentir \u00e0 Perpignan. L\u2019entraineur au record de long\u00e9vit\u00e9 en Super League (8\u00e8me saison cons\u00e9cutive \u00e0 la t\u00eate des Dragons) vient de renoncer \u00e0 ses deux derni\u00e8res saisons sous contrat.<\/p>\n<p style=\"text-align: justify;\">L\u2019ancien entraineur du XIII d\u2019Angleterre et de Bradford qui \u00e9tait arriv\u00e9 en 2017 avait permis de relever les Dragons Catalans d\u2019une situation p\u00e9rilleuse, les portant m\u00eame vers deux troph\u00e9es en 2018 (Challenge Cup) et en 2021 (League Leader\u2019s Shield).<\/p>\n<p style=\"text-align: justify;\">Toutefois, les performances de Steve McNamara avec les Sang et Or s\u2019essoufflaient peu \u00e0 peu depuis quelques mois. La saison pass\u00e9e, les Dragons manquaient la qualification en playoffs, ce qui n\u2019\u00e9tait pas arriv\u00e9 depuis 2019. Cette saison, les Catalans stagnent \u00e0 la 8\u00e8me place et alternent entre bonnes prestations et revers cuisants. La lourde d\u00e9faite de la semaine derni\u00e8re face \u00e0 St Helens (40-0) aura \u00e9t\u00e9 celle de trop pour le coach des Dragons qui a d\u00e9cid\u00e9 d\u2019abandonner.<\/p>\n<p style=\"text-align: justify;\">Reste tout de m\u00eame une zone de flou quant \u00e0 la suite de l\u2019aventure en Super League pour les Dragons Catalans. Qui prendra le relai \u00e0 quelques jours de recevoir le champion en titre Wigan \u00e0 domicile ? Quelques noms commencent d\u00e9j\u00e0 \u00e0 circuler, Ryan Sheridan, Joel Tomkins et pourquoi pas\u2026 Sam Tomkins ? Les jours qui viennent nous le dirons surement !<\/p>\n<blockquote class=\"twitter-tweet\" data-width=\"500\" data-dnt=\"true\">\n<p lang=\"en\" dir=\"ltr\">Understand Steve McNamara has left Catalans Dragons. <a href=\"https:\/\/t.co\/MzwN4OZb9t\">https:\/\/t.co\/MzwN4OZb9t<\/a><\/p>\n<p>\u2014 Matthew Shaw (@M_Shaw1) <a href=\"https:\/\/twitter.com\/M_Shaw1\/status\/1924770377017807264?ref_src=twsrc%5Etfw\" target=\"_blank\" rel=\"noopener\">May 20, 2025<\/a><\/p>\n<\/blockquote>\n<p><strong>Treize Mondial<br \/><a href=\"https:\/\/www.facebook.com\/13Mondial\" target=\"_blank\" rel=\"noopener\"><img loading=\"lazy\" decoding=\"async\" class=\"alignnone wp-image-217097\" src=\"https:\/\/www.europesays.com\/fr\/wp-content\/uploads\/2025\/04\/logo-facebook.png\" alt=\"\" width=\"40\" height=\"40\"  \/><\/a> <a href=\"https:\/\/twitter.com\/XIIIMondial\" target=\"_blank\" rel=\"noopener\"><img loading=\"lazy\" decoding=\"async\" class=\"alignnone wp-image-217098\" src=\"https:\/\/www.europesays.com\/fr\/wp-content\/uploads\/2025\/04\/logo-twitter.png\" alt=\"\" width=\"39\" height=\"39\"  \/><\/a><\/strong><\/p>\n<p>        <script async src=\"https:\/\/platform.twitter.com\/widgets.js\" charset=\"utf-8\"><\/script><\/p>\n","protected":false},"excerpt":{"rendered":"L\u2019entraineur des Dragons Catalans a quitt\u00e9 le navire avec effet imm\u00e9diat ce mardi 20 mai. C\u2019est une bombe&hellip;\n","protected":false},"author":2,"featured_media":114249,"comment_status":"","ping_status":"","sticky":false,"template":"","format":"standard","meta":{"footnotes":""},"categories":[1416],"tags":[3248,1011,27,479,2228,1468,2229,60,22755,4474],"class_list":{"0":"post-114248","1":"post","2":"type-post","3":"status-publish","4":"format-standard","5":"has-post-thumbnail","7":"category-rugby","8":"tag-dragons-catalans","9":"tag-fr","10":"tag-france","11":"tag-rugby","12":"tag-rugby-a-xiii","13":"tag-rugby-football","14":"tag-rugby-league","15":"tag-sports","16":"tag-steve-mcnamara","17":"tag-super-league"},"share_on_mastodon":{"url":"https:\/\/pubeurope.com\/@fr\/114540058029111376","error":""},"_links":{"self":[{"href":"https:\/\/www.europesays.com\/fr\/wp-json\/wp\/v2\/posts\/114248","targetHints":{"allow":["GET"]}}],"collection":[{"href":"https:\/\/www.europesays.com\/fr\/wp-json\/wp\/v2\/posts"}],"about":[{"href":"https:\/\/www.europesays.com\/fr\/wp-json\/wp\/v2\/types\/post"}],"author":[{"embeddable":true,"href":"https:\/\/www.europesays.com\/fr\/wp-json\/wp\/v2\/users\/2"}],"replies":[{"embeddable":true,"href":"https:\/\/www.europesays.com\/fr\/wp-json\/wp\/v2\/comments?post=114248"}],"version-history":[{"count":0,"href":"https:\/\/www.europesays.com\/fr\/wp-json\/wp\/v2\/posts\/114248\/revisions"}],"wp:featuredmedia":[{"embeddable":true,"href":"https:\/\/www.europesays.com\/fr\/wp-json\/wp\/v2\/media\/114249"}],"wp:attachment":[{"href":"https:\/\/www.europesays.com\/fr\/wp-json\/wp\/v2\/media?parent=114248"}],"wp:term":[{"taxonomy":"category","embeddable":true,"href":"https:\/\/www.europesays.com\/fr\/wp-json\/wp\/v2\/categories?post=114248"},{"taxonomy":"post_tag","embeddable":true,"href":"https:\/\/www.europesays.com\/fr\/wp-json\/wp\/v2\/tags?post=114248"}],"curies":[{"name":"wp","href":"https:\/\/api.w.org\/{rel}","templated":true}]}}