{"id":1142622,"date":"2026-08-22T17:45:18","date_gmt":"2026-08-22T17:45:18","guid":{"rendered":"https:\/\/www.europesays.com\/fr\/1142622\/"},"modified":"2026-08-22T17:45:18","modified_gmt":"2026-08-22T17:45:18","slug":"treize-morts-en-ukraine-et-en-russie-dans-de-nouvelles-frappes-actualites","status":"publish","type":"post","link":"https:\/\/www.europesays.com\/fr\/1142622\/","title":{"rendered":"Treize morts en Ukraine et en Russie dans de nouvelles frappes : Actualit\u00e9s"},"content":{"rendered":"<p class=\"lead \">Des frappes russes sur l&rsquo;Ukraine ont fait sept morts entre vendredi soir et samedi, Paris promettant des livraisons de missiles intercepteurs \u00e0 Kiev pour contrer les missiles balistiques russes, tandis que six personnes ont \u00e9t\u00e9 tu\u00e9es en Russie et dans les territoires occup\u00e9s dans des bombardements ukrainiens.<\/p>\n<p class=\"lead \">Les deux bellig\u00e9rants ont intensifi\u00e9 leurs attaques ces derni\u00e8res semaines, au prix d&rsquo;un nombre croissant de victimes civiles, dans un contexte o\u00f9 les efforts diplomatiques pour mettre fin \u00e0 quatre ans et demi de conflit sont au point mort.<\/p>\n<p class=\"lead \">Ces derni\u00e8res frappes ont \u00e9t\u00e9 men\u00e9es tandis que les secours continuent de fouiller les d\u00e9combres d&rsquo;un centre commercial de Kryvy\u00ef Rig, dans la partie centrale de l&rsquo;Ukraine, o\u00f9 16 personnes ont p\u00e9ri dans une attaque de drones russes vendredi.<\/p>\n<p class=\"lead \">Le pr\u00e9sident fran\u00e7ais Emmanuel Macron a annonc\u00e9 samedi \u00ab\u00a0l&rsquo;envoi d&rsquo;intercepteurs\u00a0\u00bb \u00e0 Kiev qui manque cruellement de munitions pour sa d\u00e9fense antia\u00e9rienne contre les missiles \u00e0 trajectoire balistique russes.<\/p>\n<p class=\"lead \">A Moscou, le minist\u00e8re russe de la D\u00e9fense a affirm\u00e9 dans un communiqu\u00e9 que l&rsquo;arm\u00e9e russe avait vis\u00e9 dans la journ\u00e9e des camions am\u00e9nag\u00e9s pour le transport de drones de longue port\u00e9e pr\u00e8s de Kiev, ainsi que des cibles li\u00e9es aux forces ukrainiennes dans la r\u00e9gion d&rsquo;Odessa.<\/p>\n<p class=\"lead \">&#8211; Intercepteurs &#8211;<\/p>\n<p class=\"lead \">En Ukraine, des sir\u00e8nes d&rsquo;alerte pr\u00e9venant de tirs de missiles balistiques russes ont de nouveau retenti en pleine journ\u00e9e samedi, notamment dans la capitale. <\/p>\n<p class=\"lead \">Deux personnes ont \u00e9t\u00e9 tu\u00e9es et huit bless\u00e9es \u00e0 Boryspil, dans la banlieue de Kiev, et trois personnes ont perdu la vie et 15 ont \u00e9t\u00e9 bless\u00e9es dans la r\u00e9gion de Zaporijjia (sud), selon les autorit\u00e9s r\u00e9gionales.<\/p>\n<p class=\"lead \">Dans la r\u00e9gion m\u00e9ridionale d&rsquo;Odessa, trois personnes ont \u00e9t\u00e9 bless\u00e9es, dont une adolescente de 16 ans, dans une \u00ab\u00a0frappe prolong\u00e9e et combin\u00e9e\u00a0\u00bb qui a touch\u00e9 une maison et des silos \u00e0 grain, a d\u00e9clar\u00e9 en fin d&rsquo;apr\u00e8s-midi son gouverneur, Oleg Kiper.<\/p>\n<p class=\"lead \">Des bombardements nocturnes russes avaient d\u00e9j\u00e0 fait deux morts, \u00e0 Zaporijjia et dans la capitale.<\/p>\n<p class=\"lead \">L&rsquo;Ukraine souffre d&rsquo;une p\u00e9nurie d&rsquo;intercepteurs, notamment de missiles am\u00e9ricains Patriot, qui se sont rar\u00e9fi\u00e9s depuis l&rsquo;\u00e9clatement de la guerre au Moyen-Orient, pour se d\u00e9fendre contre les missiles \u00e0 trajectoire balistique russe de plus en plus nombreux.<\/p>\n<p class=\"lead \">\u00ab\u00a0J&rsquo;ai annonc\u00e9 au pr\u00e9sident (Volodymyr) Zelensky le renforcement de notre soutien, avec l&rsquo;envoi d&rsquo;intercepteurs et la poursuite de notre coop\u00e9ration\u00a0\u00bb pour d\u00e9velopper des moyens antibalistiques, a fait savoir sur X le chef de l&rsquo;Etat fran\u00e7ais Emmanuel Macron, insistant sur le fait qu&rsquo;il \u00ab\u00a0est essentiel que tous les pays qui ont des moyens en leur possession se joignent aussi \u00e0 cet effort\u00a0\u00bb.<\/p>\n<p class=\"lead \">Le ministre allemand des Affaires \u00e9trang\u00e8res, Johann Wadephul, en visite \u00e0 Kiev, a affirm\u00e9 que des discussions avaient eu lieu avec d&rsquo;autres pays europ\u00e9ens sur le sujet et qu&rsquo;il comptait \u00e9galement l&rsquo;aborder la semaine prochaine avec le secr\u00e9taire d&rsquo;Etat am\u00e9ricain Marco Rubio.<\/p>\n<p class=\"lead \">Les dirigeants des Etats alli\u00e9s de l&rsquo;Ukraine doivent se r\u00e9unir en visioconf\u00e9rence et \u00e0 Kiev lundi \u2014 le jour de l&rsquo;ind\u00e9pendance de l&rsquo;Ukraine \u2014 pour discuter de leur soutien \u00e0 ce pays.<\/p>\n<p class=\"lead \">&#8211; Deuil &#8211;<\/p>\n<p class=\"lead \">Le chef de la diplomatie allemande et le pr\u00e9sident fran\u00e7ais ont tous deux accus\u00e9 la Russie de viser des civils, au lendemain d&rsquo;une double attaque de drones russes sur un centre commercial de Kryvy\u00ef Rig, la ville natale de M. Zelensky.<\/p>\n<p class=\"lead \">Le dernier bilan fait \u00e9tat de 16 morts et 132 bless\u00e9s, tandis que trois personnes sont toujours port\u00e9es disparues, selon les autorit\u00e9s r\u00e9gionales.<\/p>\n<p class=\"lead \">Ces frappes ont embras\u00e9 le centre commercial et pouss\u00e9 des victimes couvertes de sang \u00e0 courir dans les rues.<\/p>\n<p class=\"lead \">Des personnes en deuil ont d\u00e9pos\u00e9 des fleurs et des lettres sur l&rsquo;herbe devant ce b\u00e2timent pour former un m\u00e9morial improvis\u00e9 samedi. <\/p>\n<p class=\"lead \">Un journaliste de l&rsquo;AFP a vu des engins empiler des morceaux de m\u00e9tal tordu et carbonis\u00e9. <\/p>\n<p class=\"lead \">Des rayons de supermarch\u00e9 encore charg\u00e9s de produits, noircis par le feu, \u00e9taient entass\u00e9s sous un plafond cribl\u00e9 d&rsquo;impacts et derri\u00e8re des vitres souffl\u00e9es.<\/p>\n<p class=\"lead \">&#8211; Six morts en Russie et en Crim\u00e9e &#8211;<\/p>\n<p class=\"lead \">Kiev a promis de r\u00e9pondre apr\u00e8s cette attaque sur le centre commercial, l&rsquo;Ukraine continuant de frapper la Russie et les territoires que celle-ci occupe.<\/p>\n<p class=\"lead \">Deux personnes sont mortes \u00e0 S\u00e9bastopol, en Crim\u00e9e annex\u00e9e par Moscou, quand un drone ukrainien a atteint un autobus, ont assur\u00e9 les autorit\u00e9s locales.<\/p>\n<p class=\"lead \">En Russie, \u00ab\u00a0des infrastructures civiles et des immeubles d&rsquo;habitation du district de Ie\u00efsk ont \u00e9t\u00e9 la cible d\u2019une frappe de drone\u00a0\u00bb, a d\u00e9clar\u00e9 Veniamine Kondratiev, le gouverneur de la r\u00e9gion de Krasnodar, dans le sud-ouest de la Russie.<\/p>\n<p class=\"lead \">Cette attaque a fait trois morts, dont deux enfants, d&rsquo;apr\u00e8s les autorit\u00e9s r\u00e9gionales.<\/p>\n<p class=\"lead \">Un autre drone ukrainien a tu\u00e9 une personne, dans la r\u00e9gion centrale de Samara, a d\u00e9plor\u00e9 le gouverneur local.<\/p>\n<p class=\"lead \">Les forces ukrainiennes ont \u00e9galement vis\u00e9 un entrep\u00f4t du g\u00e9ant russe de l&rsquo;e-commerce Ozon, poursuivant leurs attaques contre ce secteur.<\/p>\n<p class=\"small font-weight-bold text-gray3 \"> publi\u00e9 le 22 ao\u00fbt \u00e0 19h37, AFP<\/p>\n<p>                             Partager<\/p>\n","protected":false},"excerpt":{"rendered":"Des frappes russes sur l&rsquo;Ukraine ont fait sept morts entre vendredi soir et samedi, Paris promettant des livraisons&hellip;\n","protected":false},"author":2,"featured_media":1142623,"comment_status":"","ping_status":"","sticky":false,"template":"","format":"standard","meta":{"footnotes":"","_share_on_mastodon":"0"},"categories":[1591],"tags":[11,6376,2120,1887,27,12,1885,1886,132,220],"class_list":["post-1142622","post","type-post","status-publish","format-standard","has-post-thumbnail","category-russie","tag-actualites","tag-armes","tag-conflit","tag-federation-de-russie","tag-france","tag-news","tag-russia","tag-russian-federation","tag-russie","tag-ukraine"],"share_on_mastodon":{"url":"https:\/\/pubeurope.com\/@fr\/117140411377247277","error":""},"_links":{"self":[{"href":"https:\/\/www.europesays.com\/fr\/wp-json\/wp\/v2\/posts\/1142622","targetHints":{"allow":["GET"]}}],"collection":[{"href":"https:\/\/www.europesays.com\/fr\/wp-json\/wp\/v2\/posts"}],"about":[{"href":"https:\/\/www.europesays.com\/fr\/wp-json\/wp\/v2\/types\/post"}],"author":[{"embeddable":true,"href":"https:\/\/www.europesays.com\/fr\/wp-json\/wp\/v2\/users\/2"}],"replies":[{"embeddable":true,"href":"https:\/\/www.europesays.com\/fr\/wp-json\/wp\/v2\/comments?post=1142622"}],"version-history":[{"count":0,"href":"https:\/\/www.europesays.com\/fr\/wp-json\/wp\/v2\/posts\/1142622\/revisions"}],"wp:featuredmedia":[{"embeddable":true,"href":"https:\/\/www.europesays.com\/fr\/wp-json\/wp\/v2\/media\/1142623"}],"wp:attachment":[{"href":"https:\/\/www.europesays.com\/fr\/wp-json\/wp\/v2\/media?parent=1142622"}],"wp:term":[{"taxonomy":"category","embeddable":true,"href":"https:\/\/www.europesays.com\/fr\/wp-json\/wp\/v2\/categories?post=1142622"},{"taxonomy":"post_tag","embeddable":true,"href":"https:\/\/www.europesays.com\/fr\/wp-json\/wp\/v2\/tags?post=1142622"}],"curies":[{"name":"wp","href":"https:\/\/api.w.org\/{rel}","templated":true}]}}