{"id":114266,"date":"2025-05-20T12:11:11","date_gmt":"2025-05-20T12:11:11","guid":{"rendered":"https:\/\/www.europesays.com\/fr\/114266\/"},"modified":"2025-05-20T12:11:11","modified_gmt":"2025-05-20T12:11:11","slug":"le-message-plein-dironie-dilona-maries-au-premier-regard-pour-faire-le-bilan-de-son-mariage-annule-avec-damien","status":"publish","type":"post","link":"https:\/\/www.europesays.com\/fr\/114266\/","title":{"rendered":"Le message plein d&rsquo;ironie d&rsquo;Ilona (Mari\u00e9s au premier regard) pour faire le bilan de son mariage annul\u00e9 avec Damien"},"content":{"rendered":"<p>Ilona avait rejoint le casting de <a href=\"https:\/\/www.programme-tv.net\/news\/tele-realite\/372740-on-detruit-un-peu-le-concept-d-anciens-candidats-de-maries-au-premier-regard-perplexes-face-aux-nouveautes-de-la-saison\/\" data-api-deeplink=\"teleloisirs:\/\/news\/372740\" target=\"_blank\" rel=\"noopener\">la saison 9 de Mari\u00e9s au premier regard<\/a> avec beaucoup d&rsquo;espoirs. \u00ab\u00a0Moi, je voulais juste un mec avec qui partager ma pizza. Mais apparement la vie en a d\u00e9cid\u00e9 autrement, elle m&rsquo;a mise au menu de Mari\u00e9s au premier regard. Qui aurait cru que mon prochain voyage serait un aller simple vers l&rsquo;impr\u00e9vu, un grand huit \u00e9motionnel sans ceinture, une destination totalement hors de ma zone de confort ! Pas besoin de billet d\u2019avion pour cette nouvelle aventure, mais plut\u00f4t un grand saut dans l\u2019inconnu, et sans parachute. [\u2026] Sortez vos pop-corn, \u00e7a va \u00eatre croustillant !\u00a0\u00bb, avait-elle alors d\u00e9clar\u00e9 sur Instagram. Et elle ne croyait pas si bien dire. Car, <a href=\"https:\/\/www.programme-tv.net\/news\/tele-realite\/373964-ilona-maries-au-premier-regard-2025-prete-a-pardonner-a-damien-sa-reponse-qui-en-dit-long-sur-leur-relation-actuelle\/\" data-api-deeplink=\"teleloisirs:\/\/news\/373964\" target=\"_blank\" rel=\"noopener\">bien que compatible \u00e0 79% avec Damien, elle n&rsquo;avait finalement pas eu son jour devant l&rsquo;autel<\/a>.<\/p>\n<p>Ilona (Mari\u00e9s au premier regard) plant\u00e9e par Damien, quelques jours avant le mariage<\/p>\n<p>Une semaine avant de se marier \u00e0 Gibraltar, <a href=\"https:\/\/www.programme-tv.net\/news\/tele-realite\/373724-j-ai-rencontre-quelqu-un-damien-maries-au-premier-regard-2025-fait-une-annonce-choc-a-ilona-juste-avant-leur-mariage\/\" data-api-deeplink=\"teleloisirs:\/\/news\/373724\" target=\"_blank\" rel=\"noopener\">Damien a annonc\u00e9 sa volont\u00e9 d&rsquo;annuler l&rsquo;union apr\u00e8s avoir fait une rencontre<\/a>. Il avait donc d\u00fb se confronter \u00e0 Ilona pour lui apprendre cette nouvelle, fait assez in\u00e9dit dans l&rsquo;\u00e9mission. \u00ab\u00a0J&rsquo;ai rencontr\u00e9 quelqu&rsquo;un qui a fait changer un peu tous mes plans. [\u2026] Je veux m&rsquo;excuser, \u00e7a me semble important, parce que tu attendais \u00e7a et moi aussi. J&rsquo;avais tout fait pour me jeter \u00e0 corps perdu dans cette exp\u00e9rience. C&rsquo;est quelque chose que je n&rsquo;ai pas du tout contr\u00f4l\u00e9. C&rsquo;est arriv\u00e9, \u00e7a m&rsquo;est tomb\u00e9 dessus. C&rsquo;est une personne pour laquelle j&rsquo;avais eu un coup de foudre il y a un an et on n&rsquo;avait pas pu se rencontrer \u00e0 ce moment-l\u00e0 [\u2026] et cet \u00e9t\u00e9 il y a eu plein de signes\u00a0\u00bb. \u00c0 la suite de cette d\u00e9claration, le mariage n&rsquo;ayant pas eu lieu, Ilona qui avait choisi sa robe et impliqu\u00e9 ses proches, avait fait quelques d\u00e9clarations sur Instagram. \u00ab\u00a0J\u2019ai ador\u00e9 l\u2019exp\u00e9rience ! Malgr\u00e9 le d\u00e9nouement, j\u2019ai rencontr\u00e9 de belles personnes et \u00e7a m\u2019a appris sur moi-m\u00eame. \u00c0 l\u00e2cher prise et \u00eatre moins dans le contr\u00f4le\u00a0\u00bb, avait-elle confi\u00e9, avant d&rsquo;avouer ne pas avoir conserv\u00e9 de lien avec son ancien fianc\u00e9. \u00ab\u00a0En g\u00e9n\u00e9ral, je ne reste pas en contact avec les gens qui m\u2019ont d\u00e9\u00e7ue. M\u00eame s\u2019il a \u00e9t\u00e9 sympa, je ne souhaite pas rester en contact. La vie continue, et je sais que le meilleur reste \u00e0 venir. Ce jour-l\u00e0, je n\u2019avais pas mon pipeau sur moi, sinon je lui en aurais jou\u00e9 un morceau\u00a0\u00bb, avait-elle ironis\u00e9.<\/p>\n<p>                        Ilona (Mari\u00e9s au premier regard) a-t-elle retrouv\u00e9 l&rsquo;amour ?<\/p>\n<p>Samedi 17 mai 2025, la jeune maman a de nouveau pris la parole sur Instagram, pour dresser un bilan de toutes ces p\u00e9rip\u00e9ties. \u00ab\u00a0Mari\u00e9s au premier regard ou pas, j&rsquo;ai jou\u00e9 le jeu \u00e0 fond. Parce que dans la vie, le v\u00e9ritable risque, ce n&rsquo;est pas d&rsquo;essayer\u2026 le risque c&rsquo;est de ne rien tenter. Alors j&rsquo;ai saut\u00e9, les deux pieds dans l&rsquo;aventure. J&rsquo;aurais pu d\u00e9placer des montagnes, mais parfois, en face, personne n&rsquo;est capable de sauter une flaque d&rsquo;eau\u00a0\u00bb. Puis, avec beaucoup de sarcasme, elle poursuit : \u00ab\u00a0J\u2019ai cherch\u00e9 l\u2019amour, celui avec un grand A, pas une relation qui va aussi vite qu\u2019une caissi\u00e8re de chez Lidl. On m\u2019a dit qu\u2019on pouvait le trouver \u00e0 chaque coin de rue, sauf que visiblement&#8230; je vis dans un rond-point. J&rsquo;ai autant de chance que l\u2019\u00e9cureuil dans l\u2019\u00c2ge de Glace, mais au moins, je cours pas apr\u00e8s un gland. Aujourd&rsquo;hui, je choisis de rire, d&rsquo;aimer la vie, de pr\u00e9f\u00e9rer la bouffe aux bouffons et de continuer \u00e0 croire que les belles histoires existent. MAPR ce n&rsquo;\u00e9tait pas une fin, c&rsquo;\u00e9tait juste le d\u00e9but d&rsquo;une autre version de moi\u00a0\u00bb.<\/p>\n<p>Pour d\u00e9couvrir la publication d&rsquo;Ilona (Mari\u00e9s au premier regard), <a href=\"https:\/\/www.instagram.com\/p\/DJweFf3NMF9\/?hl=fr\" target=\"_blank\" rel=\"noopener\">c&rsquo;est ici<\/a>.<\/p>\n<p>    <script async src=\"\/\/www.instagram.com\/embed.js\"><\/script><\/p>\n","protected":false},"excerpt":{"rendered":"Ilona avait rejoint le casting de la saison 9 de Mari\u00e9s au premier regard avec beaucoup d&rsquo;espoirs. \u00ab\u00a0Moi,&hellip;\n","protected":false},"author":2,"featured_media":114267,"comment_status":"","ping_status":"","sticky":false,"template":"","format":"standard","meta":{"footnotes":""},"categories":[1356],"tags":[244,23422,58,59,1011,27,23421,494,252,1364],"class_list":{"0":"post-114266","1":"post","2":"type-post","3":"status-publish","4":"format-standard","5":"has-post-thumbnail","7":"category-television","8":"tag-commentaire","9":"tag-damien-mariu00e9s-au-premier-regard-9","10":"tag-divertissement","11":"tag-entertainment","12":"tag-fr","13":"tag-france","14":"tag-ilona-mariu00e9s-au-premier-regard-9","15":"tag-m6","16":"tag-television","17":"tag-tv"},"share_on_mastodon":{"url":"https:\/\/pubeurope.com\/@fr\/114540097674052291","error":""},"_links":{"self":[{"href":"https:\/\/www.europesays.com\/fr\/wp-json\/wp\/v2\/posts\/114266","targetHints":{"allow":["GET"]}}],"collection":[{"href":"https:\/\/www.europesays.com\/fr\/wp-json\/wp\/v2\/posts"}],"about":[{"href":"https:\/\/www.europesays.com\/fr\/wp-json\/wp\/v2\/types\/post"}],"author":[{"embeddable":true,"href":"https:\/\/www.europesays.com\/fr\/wp-json\/wp\/v2\/users\/2"}],"replies":[{"embeddable":true,"href":"https:\/\/www.europesays.com\/fr\/wp-json\/wp\/v2\/comments?post=114266"}],"version-history":[{"count":0,"href":"https:\/\/www.europesays.com\/fr\/wp-json\/wp\/v2\/posts\/114266\/revisions"}],"wp:featuredmedia":[{"embeddable":true,"href":"https:\/\/www.europesays.com\/fr\/wp-json\/wp\/v2\/media\/114267"}],"wp:attachment":[{"href":"https:\/\/www.europesays.com\/fr\/wp-json\/wp\/v2\/media?parent=114266"}],"wp:term":[{"taxonomy":"category","embeddable":true,"href":"https:\/\/www.europesays.com\/fr\/wp-json\/wp\/v2\/categories?post=114266"},{"taxonomy":"post_tag","embeddable":true,"href":"https:\/\/www.europesays.com\/fr\/wp-json\/wp\/v2\/tags?post=114266"}],"curies":[{"name":"wp","href":"https:\/\/api.w.org\/{rel}","templated":true}]}}