{"id":114270,"date":"2025-05-20T12:13:15","date_gmt":"2025-05-20T12:13:15","guid":{"rendered":"https:\/\/www.europesays.com\/fr\/114270\/"},"modified":"2025-05-20T12:13:15","modified_gmt":"2025-05-20T12:13:15","slug":"ce-nest-pas-un-hasard-si-andor-a-ignore-lexistence-de-ce-personnage-de-rogue-one","status":"publish","type":"post","link":"https:\/\/www.europesays.com\/fr\/114270\/","title":{"rendered":"Ce n&rsquo;est pas un hasard si Andor a ignor\u00e9 l&rsquo;existence de ce personnage de Rogue One"},"content":{"rendered":"<p>L\u2019ach\u00e8vement de la saison 2 d\u2019Andor montre que la production n\u2019a pas fait appel \u00e0 tous les personnages du film Rogue One pour la s\u00e9rie Star Wars. Certaines absences sont d\u00e9sormais justifi\u00e9es par le showrunner Tony Gilroy.<\/p>\n<p>S\u2019attaquer \u00e0 une pr\u00e9quelle ou \u00e0 une suite d\u2019un film ou d\u2019une s\u00e9rie est un exercice toujours d\u00e9licat, surtout quand vient le moment de r\u00e9fl\u00e9chir aux personnages que l\u2019on souhaite reprendre. <a href=\"https:\/\/www.numerama.com\/pop-culture\/1955799-la-conformite-est-ce-que-lempire-recherche-entretien-avec-le-createur-de-la-meilleure-serie-star-wars.html\" target=\"_blank\" rel=\"noopener\">Vont-ils correctement servir le r\u00e9cit<\/a> ? Est-ce du simple fan service ? Le r\u00e9sultat \u00e0 l\u2019\u00e9cran est-il conforme \u00e0 ce que l\u2019on avait en t\u00eate ?<\/p>\n<p>Tony Gilroy, le showrunner d\u2019<a href=\"https:\/\/www.numerama.com\/series-tv\/andor\/\" target=\"_blank\" rel=\"noopener\">Andor<\/a>, s\u2019est forc\u00e9ment pos\u00e9 ces questions. Tout au long des deux saisons, on a pu revoir des t\u00eates connues du film d\u00e9riv\u00e9 <a href=\"https:\/\/www.numerama.com\/films\/rogue-one-a-star-wars-story\/\" target=\"_blank\" rel=\"noopener\">Rogue One<\/a>, puisque la s\u00e9rie se passe quelques ann\u00e9es avant \u2014 les derniers \u00e9pisodes s\u2019ach\u00e8vent d\u2019ailleurs juste avant les p\u00e9rip\u00e9ties du long-m\u00e9trage, afin de faire une jonction aussi fine que possible.<\/p>\n<p><strong>Attention, la suite contient des spoilers sur Andor.<\/strong><\/p>\n<p><a href=\"https:\/\/www.numerama.com\/wp-content\/uploads\/2024\/11\/spoilers-7.jpg\" target=\"_blank\" rel=\"noopener\"><img decoding=\"async\" width=\"1024\" height=\"213\" loading=\"lazy\" alt=\"SPOILERS (7)\" title=\"SPOILERS (7)\" class=\"wp-image-1847396 placeholder-default wp-image\" src=\"https:\/\/www.europesays.com\/fr\/wp-content\/uploads\/2025\/05\/1747743190_776_spoilers-7-1024x213.jpg\" \/><\/a>Attention !<\/p>\n<p>            Ce contenu est bloqu\u00e9 car vous n\u2019avez pas accept\u00e9 les cookies et autres traceurs. Ce contenu est fourni par YouTube.<br \/>Pour pouvoir le visualiser, vous devez accepter l\u2019usage \u00e9tant op\u00e9r\u00e9 par YouTube avec vos donn\u00e9es qui pourront \u00eatre utilis\u00e9es pour les finalit\u00e9s suivantes : vous permettre de visualiser et de partager des contenus avec des m\u00e9dias sociaux, favoriser le d\u00e9veloppement et l\u2019am\u00e9lioration des produits d\u2019Humanoid et de ses partenaires, vous afficher des publicit\u00e9s personnalis\u00e9es par rapport \u00e0 votre profil et activit\u00e9, vous d\u00e9finir un profil publicitaire personnalis\u00e9, mesurer la performance des publicit\u00e9s et du contenu de ce site et mesurer l\u2019audience de ce site <a href=\"#\" class=\"js-privacy\" target=\"_blank\">(en savoir plus)<\/a>        <\/p>\n<p>            En cliquant sur \u00ab J\u2019accepte tout \u00bb, vous consentez aux finalit\u00e9s susmentionn\u00e9es pour l\u2019ensemble des cookies et autres traceurs d\u00e9pos\u00e9s par Humanoid et <a class=\"embed-consent-overlay-vendors-link\" href=\"#preferences-vendeurs\">ses partenaires<\/a>.        <\/p>\n<p>            Vous gardez la possibilit\u00e9 de retirer votre consentement \u00e0 tout moment. Pour plus d\u2019informations, nous vous invitons \u00e0 prendre connaissance de notre <a href=\"https:\/\/www.numerama.com\/politique-cookies\" target=\"_blank\" rel=\"noopener\">Politique cookies<\/a>.        <\/p>\n<p>        J\u2019accepte tout    <\/p>\n<p class=\"embed-consent-overlay-manage-choices\">        <a href=\"#preferences-publicitaires\">G\u00e9rer mes choix<\/a>    <\/p>\n<p>Beaucoup de comebacks<\/p>\n<p>On l\u2019avait vu d\u00e8s la saison 1 avec la pr\u00e9sence de Mon Mothma, puis de fa\u00e7on encore plus \u00e9vidente avec la saison 2 au fil de sa diffusion. <a href=\"https:\/\/www.numerama.com\/pop-culture\/1765498-la-saison-2-dandor-promet-de-faire-revenir-des-heros-du-film-star-wars-rogue-one.html\" target=\"_blank\" rel=\"noopener\">Plusieurs personnages de Rogue One sont revenus dans Andor<\/a> : Orson Krennic (Ben Mendelsohn), K-2SO (Alan Tudyk), Saw Gerrera (Forest Whitaker) ou bien Bail Organa (Benjamin Bratt, qui a remplac\u00e9 Jimmy Smits).<\/p>\n<p>\u00c0 l\u2019inverse, <a href=\"https:\/\/www.numerama.com\/pop-culture\/1967453-verra-t-on-dark-vador-dans-la-saison-2-dandor.html\" target=\"_blank\" rel=\"noopener\">Dark Vador n\u2019est jamais apparu \u00e0 l\u2019\u00e9cran dans Andor<\/a>, alors qu\u2019il avait fait une apparition remarqu\u00e9e dans le film. Un choix qu\u2019a justifi\u00e9 Tony Gilroy au cours de ses innombrables interviews pour promouvoir la s\u00e9rie. Le showrunner a aussi d\u00e9fendu l\u2019absence de certains h\u00e9ros marquants venant de la saison 1, <a href=\"https:\/\/www.numerama.com\/pop-culture\/1972211-on-sait-pourquoi-ce-heros-dandor-a-completement-disparu.html\" target=\"_blank\" rel=\"noopener\">comme Kino Loy<\/a>, pour des raisons narratives.<\/p>\n<p><a href=\"https:\/\/www.numerama.com\/wp-content\/uploads\/2025\/04\/krennic-andor.jpg\" target=\"_blank\" rel=\"noopener\"><img decoding=\"async\" width=\"1024\" height=\"576\" loading=\"lazy\" alt=\"Source : Lucasfilm\" title=\"Source : Lucasfilm\" class=\"wp-image-1957355 placeholder-default wp-image\" src=\"https:\/\/www.europesays.com\/fr\/wp-content\/uploads\/2025\/05\/krennic-andor-1024x576.jpg\" \/><\/a>Ben Mendelsohn, de retour en Orson Krennic. \/\/ Source : Lucasfilm<\/p>\n<p>Mais \u00e0 mesure que la s\u00e9rie a progress\u00e9, on pouvait l\u00e9gitimement se poser la question de savoir si Jyn Erso, la fille de Galen Erso et <a href=\"https:\/\/www.numerama.com\/pop-culture\/216322-critique-de-rogue-one-quand-star-wars-rencontre-la-tragedie-politique.html\" target=\"_blank\" rel=\"noopener\">l\u2019h\u00e9ro\u00efne de Rogue One<\/a>, allait appara\u00eetre. Apr\u00e8s tout, puisqu\u2019elle est amen\u00e9e \u00e0 jouer un r\u00f4le cl\u00e9 dans le combat de l\u2019Alliance rebelle contre l\u2019Empire galactique, creuser son origin story, comme pour Cassian Andor, n\u2019\u00e9tait pas absurde.<\/p>\n<p>    Pour aller plus loin<\/p>\n<p>                <img decoding=\"async\" width=\"87\" height=\"87\" loading=\"lazy\" alt=\"Source : Lucasfilm\" title=\"Source : Lucasfilm\" class=\"placeholder-default wp-image\" src=\"https:\/\/www.europesays.com\/fr\/wp-content\/uploads\/2025\/05\/star-wars-obi-wan-kenobi-200x200.jpg\" \/>            <\/p>\n<p>Pas de Jyn Erso dans Andor<\/p>\n<p>Sauf qu\u2019il n\u2019y a point eu de Jyn Erso \u00e0 l\u2019\u00e9cran. Son p\u00e8re non plus n\u2019appara\u00eet \u00e0 aucun moment. Tout juste son nom, Galen Erso, est-il prononc\u00e9 dans quelques \u00e9pisodes, de mani\u00e8re \u00e0 signifier son importance dans la construction de l\u2019\u00c9toile noire \u2014 et une mani\u00e8re d\u2019\u00e9voquer indirectement Rogue One, dans lequel il occupe une place beaucoup plus importante.<\/p>\n<p>Il s\u2019av\u00e8re que Tony Gilroy a eu l\u2019opportunit\u00e9 de s\u2019en expliquer dans un \u00e9change avec <a href=\"https:\/\/ew.com\/andor-creator-jyn-erso-cameo-lame-disrespectful-11732327\" target=\"_blank\" rel=\"noreferrer noopener\">Entertainment Weekly<\/a>. L\u2019interview, mise en ligne le 19 mai, montre que le showrunner a \u00e9t\u00e9 amen\u00e9 \u00e0 r\u00e9fl\u00e9chir \u00e0 l\u2019int\u00e9gration de Jyn Erso dans la s\u00e9rie. \u00ab On me l\u2019a demand\u00e9 \u00e0 plusieurs reprises \u00bb, a-t-il confi\u00e9. Mais cette option n\u2019a jamais \u00e9t\u00e9 envisag\u00e9e.<\/p>\n<p><a href=\"https:\/\/www.numerama.com\/wp-content\/uploads\/2025\/05\/jyn-erso.jpeg\" target=\"_blank\" rel=\"noopener\"><img decoding=\"async\" width=\"1024\" height=\"576\" loading=\"lazy\" alt=\"Source : Lucasfilm\" title=\"Source : Lucasfilm\" class=\"wp-image-1973847 placeholder-default wp-image\" src=\"https:\/\/www.europesays.com\/fr\/wp-content\/uploads\/2025\/05\/jyn-erso-1024x576.jpeg\" \/><\/a>Felicity Jones dans Rogue One, sous les traits de Jyn Erso. \/\/ Source : <a href=\"https:\/\/www.starwars.com\/news\/felicity-jones-interview\" target=\"_blank\" rel=\"noopener\">Lucasfilm<\/a><\/p>\n<p>\u00ab Je ne voyais pas vraiment pas comment tirer autre chose de Rogue One \u00bb, a-t-il expliqu\u00e9, au-del\u00e0 des \u00e9l\u00e9ments pris pour raccrocher la s\u00e9rie au long-m\u00e9trage \u2014 qui \u00e9taient d\u00e9j\u00e0 nombreux, qu\u2019il s\u2019agisse d\u2019allusions ou de repr\u00e9sentations. Et d\u2019ajouter : \u00ab Finalement, j\u2019ai r\u00e9alis\u00e9 que si les gens n\u2019avaient pas absolument besoin d\u2019\u00eatre l\u00e0, ils ne devraient pas l\u2019\u00eatre \u00bb.<\/p>\n<p>Surtout, Tony Gilroy a estim\u00e9 qu\u2019une apparition sans motif sc\u00e9naristique aurait \u00e9t\u00e9 une catastrophe. \u00ab \u00c7a aurait \u00e9t\u00e9 nul de ramener Jyn en cam\u00e9o. \u00c7a aurait vraiment \u00e9t\u00e9 irrespectueux. Je pr\u00e9f\u00e8re honorer Rogue One et rester fid\u00e8le \u00bb. D\u2019une certaine mani\u00e8re, cela a pr\u00e9serv\u00e9 le personnage, et l\u2019actrice Felicity Jones, qui l\u2019incarne.<\/p>\n<p>Les fans peuvent toutefois se consoler. S\u2019il est vrai que Tony Gilroy n\u2019a pas convoqu\u00e9 tout le casting de Rogue One dans Andor, il a fait naitre par ailleurs d\u2019autres personnages absolument fabuleux : Syrl Karn (Kyle Soller), Luthen Rael (Stellan Skarsg\u00e5rd), Dedra Meero (Denise Gough) ou Kino Loy (Andy Serkis). <a href=\"https:\/\/www.numerama.com\/pop-culture\/1956113-la-saison-2-dandor-enterre-definitivement-toutes-les-series-star-wars-je-ne-veux-rien-savoir.html\" target=\"_blank\" rel=\"noopener\">On n\u2019a pas perdu au change<\/a>.<\/p>\n<blockquote class=\"tiktok-embed\" cite=\"https:\/\/www.tiktok.com\/@numerama\/video\/7504330524224163094\" data-video-id=\"7504330524224163094\" data-embed-from=\"oembed\" style=\"max-width:605px; min-width:325px;\"><p>  <a target=\"_blank\" title=\"@numerama\" href=\"https:\/\/www.tiktok.com\/@numerama?refer=embed\" rel=\"noopener\">@numerama<\/a> <\/p>\n<p>\ud83d\udde3\ufe0f \u00ab En regardant les 24 \u00e9pisodes, il y a un th\u00e8me commun sur le mal insidieux de d\u00e9truire des communaut\u00e9s et d\u2019essayer d\u2019avoir un syst\u00e8me monochrome. \u00bb Tony Gilroy, le cr\u00e9ateur d\u2019Andor (la meilleure s\u00e9rie Star Wars \u00e0 notre humble avis), nous parle de la place qu\u2019occupe la notion de communaut\u00e9 au sein de son oeuvre. \ud83c\udf7f <a title=\"popculture\" target=\"_blank\" href=\"https:\/\/www.tiktok.com\/tag\/popculture?refer=embed\" rel=\"noopener\">#popculture<\/a> <a title=\"disney\" target=\"_blank\" href=\"https:\/\/www.tiktok.com\/tag\/disney?refer=embed\" rel=\"noopener\">#disney<\/a> <a title=\"starwarstiktok\" target=\"_blank\" href=\"https:\/\/www.tiktok.com\/tag\/starwarstiktok?refer=embed\" rel=\"noopener\">#starwarstiktok<\/a> <a title=\"starwarsfan\" target=\"_blank\" href=\"https:\/\/www.tiktok.com\/tag\/starwarsfan?refer=embed\" rel=\"noopener\">#starwarsfan<\/a> <a title=\"andor\" target=\"_blank\" href=\"https:\/\/www.tiktok.com\/tag\/andor?refer=embed\" rel=\"noopener\">#andor<\/a> <a title=\"numerama\" target=\"_blank\" href=\"https:\/\/www.tiktok.com\/tag\/numerama?refer=embed\" rel=\"noopener\">#numerama<\/a> <a title=\"tiktokfrance\" target=\"_blank\" href=\"https:\/\/www.tiktok.com\/tag\/tiktokfrance?refer=embed\" rel=\"noopener\">#tiktokfrance<\/a> <a title=\"interview\" target=\"_blank\" href=\"https:\/\/www.tiktok.com\/tag\/interview?refer=embed\" rel=\"noopener\">#interview<\/a> <a title=\"tech\" target=\"_blank\" href=\"https:\/\/www.tiktok.com\/tag\/tech?refer=embed\" rel=\"noopener\">#tech<\/a> <a title=\"techtok\" target=\"_blank\" href=\"https:\/\/www.tiktok.com\/tag\/techtok?refer=embed\" rel=\"noopener\">#techtok<\/a><\/p>\n<p> <a target=\"_blank\" title=\"\u266c son original - Numerama - Numerama\" href=\"https:\/\/www.tiktok.com\/music\/son-original-Numerama-7504330534659787522?refer=embed\" rel=\"noopener\">\u266c son original \u2013 Numerama \u2013 Numerama<\/a>  <\/p><\/blockquote>\n<p>            Ce contenu est bloqu\u00e9 car vous n\u2019avez pas accept\u00e9 les cookies et autres traceurs. Ce contenu est fourni par TikTok.<br \/>Pour pouvoir le visualiser, vous devez accepter l\u2019usage \u00e9tant op\u00e9r\u00e9 par TikTok avec vos donn\u00e9es qui pourront \u00eatre utilis\u00e9es pour les finalit\u00e9s suivantes : vous permettre de visualiser et de partager des contenus avec des m\u00e9dias sociaux, favoriser le d\u00e9veloppement et l\u2019am\u00e9lioration des produits d\u2019Humanoid et de ses partenaires, vous afficher des publicit\u00e9s personnalis\u00e9es par rapport \u00e0 votre profil et activit\u00e9, vous d\u00e9finir un profil publicitaire personnalis\u00e9, mesurer la performance des publicit\u00e9s et du contenu de ce site et mesurer l\u2019audience de ce site <a href=\"#\" class=\"js-privacy\" target=\"_blank\">(en savoir plus)<\/a>        <\/p>\n<p>            En cliquant sur \u00ab J\u2019accepte tout \u00bb, vous consentez aux finalit\u00e9s susmentionn\u00e9es pour l\u2019ensemble des cookies et autres traceurs d\u00e9pos\u00e9s par Humanoid et <a class=\"embed-consent-overlay-vendors-link\" href=\"#preferences-vendeurs\">ses partenaires<\/a>.        <\/p>\n<p>            Vous gardez la possibilit\u00e9 de retirer votre consentement \u00e0 tout moment. Pour plus d\u2019informations, nous vous invitons \u00e0 prendre connaissance de notre <a href=\"https:\/\/www.numerama.com\/politique-cookies\" target=\"_blank\" rel=\"noopener\">Politique cookies<\/a>.        <\/p>\n<p>        J\u2019accepte tout    <\/p>\n<p class=\"embed-consent-overlay-manage-choices\">        <a href=\"#preferences-publicitaires\">G\u00e9rer mes choix<\/a>    <\/p>\n<p>    Pour aller plus loin<\/p>\n<p>                <img decoding=\"async\" width=\"87\" height=\"87\" loading=\"lazy\" alt=\"Source : Star Wars\" title=\"Source : Star Wars\" class=\"placeholder-default wp-image\" src=\"https:\/\/www.europesays.com\/fr\/wp-content\/uploads\/2025\/05\/andor-une-200x200.jpg\" \/>            <\/p>\n<p>                        <a href=\"https:\/\/www.numerama.com\/series-tv\/andor\/\" class=\"is-block\" target=\"_blank\" rel=\"noopener\"><br \/>\n                            <img decoding=\"async\" width=\"350\" height=\"210\" loading=\"lazy\" alt=\"Source : Lucasfilm\" title=\"Source : Lucasfilm\" class=\"is-block is-radiused placeholder-default wp-image\" src=\"https:\/\/www.europesays.com\/fr\/wp-content\/uploads\/2025\/05\/1747743192_789_cassian-andor-680x383.jpeg\" \/>                        <\/a><\/p>\n<p>        <img decoding=\"async\" width=\"168\" height=\"168\" loading=\"lazy\" alt=\"Source : Montage Numerama\" title=\"Source : Montage Numerama\" class=\"placeholder-default wp-image\" src=\"https:\/\/www.europesays.com\/fr\/wp-content\/uploads\/2025\/05\/1747743193_761_comparatif-svod-200x200.jpg\" \/>    <\/p>\n<p>        Quel est le service de SVOD fait pour vous ?<br \/>\n        Quelle plateforme de streaming choisir en 2025\u00a0? Comparatif entre Netflix, Prime Video, Max, Apple TV+\u2026<br \/>\n        <a href=\"https:\/\/www.numerama.com\/pop-culture\/541742-netflix-amazon-canal-ocs-apple-tv-le-grand-comparatif-2019-des-offres-de-svod-en-france.html\" class=\"btn is-family-secondary is-text-weight-bold has-text-left mt-2\" target=\"_blank\" rel=\"noopener\">D\u00e9couvrez notre comparateur<\/a><\/p>\n<p>            <img decoding=\"async\" src=\"https:\/\/www.europesays.com\/fr\/wp-content\/uploads\/2025\/04\/iPhone-16-pro.png\" alt=\"Toute l'actu tech en un clien d'oeil\"\/><\/p>\n<p class=\"card-install-pwa__title\">Toute l&rsquo;actu tech en un clin d&rsquo;\u0153il<\/p>\n<p class=\"card-install-pwa__description\">Ajoutez Numerama \u00e0 votre \u00e9cran d&rsquo;accueil et restez connect\u00e9s au futur !<\/p>\n<p>            <img decoding=\"async\" src=\"https:\/\/www.europesays.com\/fr\/wp-content\/uploads\/2025\/04\/logo-card-pwa-coupe.svg.svg+xml\" alt=\"Logo PWA\"\/><\/p>\n<p>       Installer Numerama<\/p>\n<p>            <img decoding=\"async\" src=\"https:\/\/www.europesays.com\/fr\/wp-content\/uploads\/2025\/04\/iPhone-16-pro.png\" alt=\"Toute l'actu tech en un clien d'oeil\"\/><\/p>\n<p class=\"card-install-pwa__title\">Toute l&rsquo;actu tech en un clin d&rsquo;\u0153il<\/p>\n<p class=\"card-install-pwa__description\">Ajoutez Numerama \u00e0 votre \u00e9cran d&rsquo;accueil et restez connect\u00e9s au futur !<\/p>\n<p>            <img decoding=\"async\" src=\"https:\/\/www.europesays.com\/fr\/wp-content\/uploads\/2025\/04\/logo-card-pwa-coupe.svg.svg+xml\" alt=\"Logo PWA\"\/><\/p>\n<p>       Installer Numerama<\/p>\n<p class=\"title\">\n            Retrouvez l&rsquo;essentiel sur             <a href=\"https:\/\/www.numerama.com\/series-tv\/andor\/\" target=\"_blank\" rel=\"noopener\"><br \/>\n                Andor            <\/a>\n        <\/p>\n<p>        <script async src=\"\/\/www.tiktok.com\/embed.js\"><\/script><\/p>\n","protected":false},"excerpt":{"rendered":"L\u2019ach\u00e8vement de la saison 2 d\u2019Andor montre que la production n\u2019a pas fait appel \u00e0 tous les personnages&hellip;\n","protected":false},"author":2,"featured_media":114271,"comment_status":"","ping_status":"","sticky":false,"template":"","format":"standard","meta":{"footnotes":""},"categories":[1354],"tags":[10559,58,59,1346,1011,27,1530,1360,1480,7259],"class_list":{"0":"post-114270","1":"post","2":"type-post","3":"status-publish","4":"format-standard","5":"has-post-thumbnail","7":"category-films","8":"tag-andor","9":"tag-divertissement","10":"tag-entertainment","11":"tag-films","12":"tag-fr","13":"tag-france","14":"tag-lucasfilm","15":"tag-movies","16":"tag-star-wars","17":"tag-vie-du-streaming"},"share_on_mastodon":{"url":"https:\/\/pubeurope.com\/@fr\/114540105383128812","error":""},"_links":{"self":[{"href":"https:\/\/www.europesays.com\/fr\/wp-json\/wp\/v2\/posts\/114270","targetHints":{"allow":["GET"]}}],"collection":[{"href":"https:\/\/www.europesays.com\/fr\/wp-json\/wp\/v2\/posts"}],"about":[{"href":"https:\/\/www.europesays.com\/fr\/wp-json\/wp\/v2\/types\/post"}],"author":[{"embeddable":true,"href":"https:\/\/www.europesays.com\/fr\/wp-json\/wp\/v2\/users\/2"}],"replies":[{"embeddable":true,"href":"https:\/\/www.europesays.com\/fr\/wp-json\/wp\/v2\/comments?post=114270"}],"version-history":[{"count":0,"href":"https:\/\/www.europesays.com\/fr\/wp-json\/wp\/v2\/posts\/114270\/revisions"}],"wp:featuredmedia":[{"embeddable":true,"href":"https:\/\/www.europesays.com\/fr\/wp-json\/wp\/v2\/media\/114271"}],"wp:attachment":[{"href":"https:\/\/www.europesays.com\/fr\/wp-json\/wp\/v2\/media?parent=114270"}],"wp:term":[{"taxonomy":"category","embeddable":true,"href":"https:\/\/www.europesays.com\/fr\/wp-json\/wp\/v2\/categories?post=114270"},{"taxonomy":"post_tag","embeddable":true,"href":"https:\/\/www.europesays.com\/fr\/wp-json\/wp\/v2\/tags?post=114270"}],"curies":[{"name":"wp","href":"https:\/\/api.w.org\/{rel}","templated":true}]}}