{"id":114275,"date":"2025-05-20T12:16:13","date_gmt":"2025-05-20T12:16:13","guid":{"rendered":"https:\/\/www.europesays.com\/fr\/114275\/"},"modified":"2025-05-20T12:16:13","modified_gmt":"2025-05-20T12:16:13","slug":"pourquoi-donald-trump-demande-t-il-une-enquete-approfondie-sur-bruce-springsteen","status":"publish","type":"post","link":"https:\/\/www.europesays.com\/fr\/114275\/","title":{"rendered":"Pourquoi Donald Trump demande-t-il une \u00ab\u00a0enqu\u00eate approfondie\u00a0\u00bb sur Bruce Springsteen\u00a0?"},"content":{"rendered":"<p><img decoding=\"async\" class=\"c-ad__placeholder__logo\" src=\"https:\/\/www.europesays.com\/fr\/wp-content\/uploads\/2025\/03\/logo-euronews-grey-6-180x22.svg.svg+xml\" width=\"180\" height=\"22\" alt=\"\" loading=\"lazy\"\/>PUBLICIT\u00c9<\/p>\n<p>Donald Trump a demand\u00e9 une \u00ab\u00a0enqu\u00eate approfondie\u00a0\u00bb sur Bruce Springsteen et d&rsquo;<strong>autres musiciens qui ont soutenu Kamala Harris.<\/strong><\/p>\n<p>Encore meurtri par le <a href=\"https:\/\/fr.euronews.com\/culture\/2024\/11\/04\/qui-sont-les-stars-qui-soutiennent-publiquement-donald-trump\" rel=\"nofollow noopener\" target=\"_blank\">manque de soutien de la part de talents de premier plan<\/a> lors de l&rsquo;\u00e9lection pr\u00e9sidentielle, Donald Trump demande une enqu\u00eate sur Springsteen, qui, selon lui, a \u00e9t\u00e9 pay\u00e9 par Kamala Harris pour sa \u00ab\u00a0MAUVAISE PERFORMANCE PENDANT SA CAMPAGNE POUR LA PR\u00c9SIDENCE\u00a0\u00bb (article publi\u00e9 en ligne sur Truth Social en majuscules, bien entendu).<\/p>\n<p>Il poursuit en demandant : \u00ab\u00a0N&rsquo;est-ce pas l\u00e0 une CONTRIBUTION DE CAMPAGNE MAJEURE ET ILL\u00c9GALE ?\u00a0\u00bb<\/p>\n<p>Outre Springsteen, Trump s&rsquo;en est \u00e9galement pris \u00e0 d&rsquo;autres artistes, dont Bono et Beyonc\u00e9, lors de sa r\u00e9cente diatribe : \u00ab\u00a0COMBIEN KAMALA HARRIS A-T-ELLE PAY\u00c9 BRUCE SPRINGSTEEN POUR SA PI\u00c8TRE PERFORMANCE LORS DE SA CAMPAGNE PR\u00c9SIDENTIELLE ? POURQUOI A-T-IL ACCEPT\u00c9 CET ARGENT S&rsquo;IL EST SI FAN D&rsquo;ELLE ? NE S&rsquo;AGIT-IL PAS D&rsquo;UNE CONTRIBUTION MAJEURE ET ILL\u00c9GALE \u00c0 LA CAMPAGNE ? QU&rsquo;EN EST-IL DE BEYONC\u00c9 ? &#8230;ET COMBIEN SONT ALL\u00c9S \u00c0 OPRAH, ET \u00c0 BONO ???<\/p>\n<p>Il a continu\u00e9, escaladant les choses : \u00ab\u00a0Je vais demander une enqu\u00eate approfondie sur cette affaire. Les candidats n&rsquo;ont pas le droit de payer des ENDORSEMENTS, ce que Kamala a fait, sous pr\u00e9texte de payer des divertissements. En outre, il s&rsquo;agissait d&rsquo;un effort tr\u00e8s co\u00fbteux et d\u00e9sesp\u00e9r\u00e9 pour augmenter artificiellement le nombre de spectateurs. CE N&rsquo;EST PAS L\u00c9GAL ! Pour ces \u00ab\u00a0artistes\u00a0\u00bb antipatriotiques, il s&rsquo;agissait simplement d&rsquo;une mani\u00e8re CORROMPUE et INFRACTIONNELLE de tirer profit d&rsquo;un syst\u00e8me d\u00e9faillant. Merci de votre attention \u00e0 ce sujet !!!\u00a0\u00bb<\/p>\n<p>M\u00eame si aucune des affirmations de Trump n&rsquo;a \u00e9t\u00e9 prouv\u00e9e dans ses messages sur les m\u00e9dias sociaux, au moins les adieux \u00e0 son attaque la plus r\u00e9cente contre la libert\u00e9 d&rsquo;expression sont poliment formul\u00e9s.<\/p>\n<p>Cette sortie tout \u00e0 fait raisonnable et pas du tout d\u00e9concertante intervient apr\u00e8s que Springsteen<a href=\"https:\/\/fr.euronews.com\/culture\/2025\/05\/15\/the-boss-springsteen-sen-prend-a-trump-a-manchester\" rel=\"nofollow noopener\" target=\"_blank\"> a prononc\u00e9 plusieurs discours cinglants critiquant Trump sur sc\u00e8ne <\/a>lors du spectacle d&rsquo;ouverture de sa tourn\u00e9e europ\u00e9enne \u00e0 Manchester. Il a parl\u00e9 de la \u00ab\u00a0corruption\u00a0\u00bb et de l'\u00a0\u00bbincomp\u00e9tence\u00a0\u00bb du pr\u00e9sident et de son administration.<\/p>\n<p>Springsteen a commenc\u00e9 son spectacle \u00e0 Manchester en s&rsquo;adressant au public : \u00ab\u00a0Chez moi, l&rsquo;Am\u00e9rique que j&rsquo;aime, l&rsquo;Am\u00e9rique sur laquelle j&rsquo;ai \u00e9crit, qui a \u00e9t\u00e9 une lueur d&rsquo;espoir et de libert\u00e9 pendant 250 ans, est actuellement entre les mains d&rsquo;une administration corrompue, incomp\u00e9tente et tra\u00eetresse. Ce soir, nous demandons \u00e0 tous ceux qui croient en la d\u00e9mocratie et au meilleur de notre exp\u00e9rience am\u00e9ricaine de se lever avec nous, d&rsquo;\u00e9lever leurs voix contre l&rsquo;autoritarisme et de laisser la libert\u00e9 sonner !\u00a0\u00bb<\/p>\n<p>M. Trump s&rsquo;en est ensuite pris \u00e0 la star du rock, qui est depuis longtemps un fervent d\u00e9tracteur du pr\u00e9sident.<\/p>\n<p>D&rsquo;une mani\u00e8re tr\u00e8s pr\u00e9sidentielle, M. Trump a qualifi\u00e9 le Boss de \u00ab\u00a0pruneau dess\u00e9ch\u00e9 de rocker\u00a0\u00bb, ajoutant : \u00ab\u00a0Je ne l&rsquo;ai jamais aim\u00e9, je n&rsquo;ai jamais aim\u00e9 sa musique, je ne l&rsquo;ai jamais aim\u00e9e : \u00ab\u00a0Je ne l&rsquo;ai jamais aim\u00e9, je n&rsquo;ai jamais aim\u00e9 sa musique ni sa politique de gauche radicale et, surtout, ce n&rsquo;est pas un gars talentueux &#8211; juste un JERK arrogant et odieux\u00a0\u00bb.<\/p>\n<p>\u00ab\u00a0Ce pruneau dess\u00e9ch\u00e9 de rocker (sa peau est atrophi\u00e9e) devrait se taire jusqu&rsquo;\u00e0 ce qu&rsquo;il revienne dans le pays\u00a0\u00bb, a-t-il ajout\u00e9.<\/p>\n<p>Des menaces qui s&rsquo;ajoutent \u00e0 l&rsquo;absence de conscience de soi lorsqu&rsquo;il s&rsquo;agit d&rsquo;apparence physique \u00ab\u00a0dess\u00e9ch\u00e9e\u00a0\u00bb ? C&rsquo;est charmant.<\/p>\n<p>Ce n&rsquo;est pas la premi\u00e8re fois que Donald Trump <a href=\"https:\/\/fr.euronews.com\/culture\/2024\/11\/07\/lelection-de-trump-ceci-nest-pas-lamerique-dans-laquelle-on-a-pense-vivre\" rel=\"nofollow noopener\" target=\"_blank\">critique des c\u00e9l\u00e9brit\u00e9s qui s&rsquo;opposent \u00e0 lui,<\/a> comme Beyonc\u00e9 et Taylor Swift.<\/p>\n<p>Samedi dernier, la F\u00e9d\u00e9ration am\u00e9ricaine des musiciens (AFM) a publi\u00e9 un communiqu\u00e9 d\u00e9fendant \u00e0 la fois Springsteen et Taylor Swift apr\u00e8s que M. Trump les a attaqu\u00e9s sur les m\u00e9dias sociaux. En ce qui concerne Taylor Swift, il a post\u00e9 avec rage : \u00ab\u00a0Quelqu&rsquo;un a-t-il remarqu\u00e9 que, depuis que j&rsquo;ai dit \u00ab\u00a0Je d\u00e9teste Taylor Swift\u00a0\u00bb, elle n&rsquo;est plus \u00ab\u00a0HOT\u00a0\u00bb ? &#8211; en r\u00e9f\u00e9rence aux<a href=\"https:\/\/fr.euronews.com\/culture\/2024\/09\/17\/jaime-taylor-swift-les-reactions-contre-le-message-haineux-de-donald-trump-sintensifient\" rel=\"nofollow noopener\" target=\"_blank\"> messages qu&rsquo;il a post\u00e9s l&rsquo;ann\u00e9e derni\u00e8re \u00e0 propos du soutien de Swift \u00e0 Kamala Harris l<\/a>ors de l&rsquo;\u00e9lection pr\u00e9sidentielle am\u00e9ricaine.<\/p>\n<p>Le pr\u00e9sident de l&rsquo;AFM, Tino Gagliardi, a r\u00e9pondu par \u00e9crit : \u00ab\u00a0Nous ne resterons pas silencieux alors que deux de nos membres, Bruce Springsteen et Taylor Swift, sont point\u00e9s du doigt et attaqu\u00e9s personnellement par le pr\u00e9sident des \u00c9tats-Unis.<\/p>\n<p>\u00ab\u00a0Bruce Springsteen et Taylor Swift ne sont pas seulement de brillants musiciens, ils sont des mod\u00e8les et des sources d&rsquo;inspiration pour des millions de personnes aux \u00c9tats-Unis et dans le monde entier.<\/p>\n<p>M. Gagliardi a ensuite fait l&rsquo;\u00e9loge des chanteurs pour leur musique \u00ab\u00a0intemporelle\u00a0\u00bb dot\u00e9e d&rsquo;une \u00ab\u00a0profonde signification culturelle\u00a0\u00bb, ajoutant : \u00ab\u00a0Les musiciens ont le droit \u00e0 la libert\u00e9 d&rsquo;expression : \u00ab\u00a0Les musiciens ont droit \u00e0 la libert\u00e9 d&rsquo;expression et nous sommes solidaires de tous nos membres.<\/p>\n<p>Nous doutons que l&rsquo;ego fragile de Trump puisse s&rsquo;en remettre ou qu&rsquo;il mette \u00ab\u00a0Born To Run\u00a0\u00bb pour quelques tours de chant. Les \u00c9tats-Unis en souffriront cependant, car Springsteen et le E Street Band n&rsquo;ont pas donn\u00e9 de concert aux \u00c9tats-Unis depuis avant l&rsquo;\u00e9lection de 2024.<\/p>\n<p>Le Boss a <a href=\"https:\/\/brucespringsteen.net\/tour\/\" target=\"_blank\" rel=\"noreferrer nofollow noopener\"><strong>plusieurs dates de tourn\u00e9e en Europe<\/strong><\/a> cette ann\u00e9e, jusqu&rsquo;en juillet, mais n&rsquo;a pas annonc\u00e9 de nouveaux concerts aux \u00c9tats-Unis.<\/p>\n","protected":false},"excerpt":{"rendered":"PUBLICIT\u00c9 Donald Trump a demand\u00e9 une \u00ab\u00a0enqu\u00eate approfondie\u00a0\u00bb sur Bruce Springsteen et d&rsquo;autres musiciens qui ont soutenu Kamala&hellip;\n","protected":false},"author":2,"featured_media":114276,"comment_status":"","ping_status":"","sticky":false,"template":"","format":"standard","meta":{"footnotes":""},"categories":[8],"tags":[23078,58,75,59,1011,27,474,873,2713],"class_list":{"0":"post-114275","1":"post","2":"type-post","3":"status-publish","4":"format-standard","5":"has-post-thumbnail","7":"category-divertissement","8":"tag-bruce-springsteen","9":"tag-divertissement","10":"tag-donald-trump","11":"tag-entertainment","12":"tag-fr","13":"tag-france","14":"tag-liberte-dexpression","15":"tag-musique","16":"tag-taylor-swift"},"share_on_mastodon":{"url":"https:\/\/pubeurope.com\/@fr\/114540117171488852","error":""},"_links":{"self":[{"href":"https:\/\/www.europesays.com\/fr\/wp-json\/wp\/v2\/posts\/114275","targetHints":{"allow":["GET"]}}],"collection":[{"href":"https:\/\/www.europesays.com\/fr\/wp-json\/wp\/v2\/posts"}],"about":[{"href":"https:\/\/www.europesays.com\/fr\/wp-json\/wp\/v2\/types\/post"}],"author":[{"embeddable":true,"href":"https:\/\/www.europesays.com\/fr\/wp-json\/wp\/v2\/users\/2"}],"replies":[{"embeddable":true,"href":"https:\/\/www.europesays.com\/fr\/wp-json\/wp\/v2\/comments?post=114275"}],"version-history":[{"count":0,"href":"https:\/\/www.europesays.com\/fr\/wp-json\/wp\/v2\/posts\/114275\/revisions"}],"wp:featuredmedia":[{"embeddable":true,"href":"https:\/\/www.europesays.com\/fr\/wp-json\/wp\/v2\/media\/114276"}],"wp:attachment":[{"href":"https:\/\/www.europesays.com\/fr\/wp-json\/wp\/v2\/media?parent=114275"}],"wp:term":[{"taxonomy":"category","embeddable":true,"href":"https:\/\/www.europesays.com\/fr\/wp-json\/wp\/v2\/categories?post=114275"},{"taxonomy":"post_tag","embeddable":true,"href":"https:\/\/www.europesays.com\/fr\/wp-json\/wp\/v2\/tags?post=114275"}],"curies":[{"name":"wp","href":"https:\/\/api.w.org\/{rel}","templated":true}]}}