{"id":114283,"date":"2025-05-20T12:20:08","date_gmt":"2025-05-20T12:20:08","guid":{"rendered":"https:\/\/www.europesays.com\/fr\/114283\/"},"modified":"2025-05-20T12:20:08","modified_gmt":"2025-05-20T12:20:08","slug":"departs-de-feu-chauffeurs-renverses-crs-casques-la-situation-est-tres-tendue","status":"publish","type":"post","link":"https:\/\/www.europesays.com\/fr\/114283\/","title":{"rendered":"d\u00e9parts de feu, chauffeurs renvers\u00e9s, CRS casqu\u00e9s\u2026 la situation est tr\u00e8s tendue"},"content":{"rendered":"<p>La tension est d\u00e9sormais palpable \u00e0 Marseille, aux alentours de la place Castellane, o\u00f9 les chauffeurs de taxis en col\u00e8re bloquent le secteur depuis lundi 19 mai. \u00ab\u00a0La Provence\u00a0\u00bb a appris ce mardi que des jets d&rsquo;oeufs ont eu lieu et auraient pris pour cible <strong>un v\u00e9hicule VTC qui se serait alors dirig\u00e9 vers trois chauffeurs, blessant l&rsquo;un d&rsquo;entre eux, avant de prendre la fuite<\/strong> selon les chauffeurs.<\/p>\n<p>Sur place, les CRS ont \u00e9t\u00e9 aper\u00e7us casqu\u00e9s, pr\u00eats en cas de durcissement du conflit. Des fum\u00e9es noires s\u2019\u00e9l\u00e8vent aussi depuis la mi-journ\u00e9e au-dessus du secteur Castellane-Prado. <strong>Trois d\u00e9parts de feu ont \u00e9t\u00e9 enregistr\u00e9s devant la place c\u00f4t\u00e9 boulevard Baille<\/strong>, devant le cin\u00e9ma Le Prado et au d\u00e9but de la rue Falque (6e). Ils sont le r\u00e9sultat de la col\u00e8re des <a href=\"https:\/\/www.laprovence.com\/article\/region\/1065207665641314\/marseille-aeroport-aix-tgv-les-taxis-maintiennent-la-pression-avec-plusieurs-barrages-filtrants\" target=\"_blank\" rel=\"noopener\">chauffeurs de taxis.<\/a><\/p>\n<p>Ces derniers, en op\u00e9ration de blocage sur les routes depuis lundi, <a href=\"https:\/\/www.laprovence.com\/article\/societe\/33636183815810\/operations-escargots-pourquoi-les-taxis-manifestent-sur-les-routes-de-provence-ce-lundi\" target=\"_blank\" rel=\"noopener\">esp\u00e8rent maintenir la pression sur le gouvernement<\/a> alors qu\u2019un tarif unique doit s\u2019appliquer \u00e0 partir d\u2019octobre pour tous les trajets des clients engag\u00e9s dans un parcours de soins. Ce transport m\u00e9dical peut \u00eatre rembours\u00e9 par la S\u00e9curit\u00e9 sociale, cette derni\u00e8re poussant pour <strong>une modification du montant vers\u00e9 aux chauffeurs de taxis<\/strong> sur fond d\u2019une situation budg\u00e9taire difficile.<\/p>\n<p>Une r\u00e9union s\u2019est tenue ce mardi matin entre les repr\u00e9sentants du syndicat Alliance FTI 13 et la pr\u00e9sidente du D\u00e9partement et de la M\u00e9tropole, Martine Vassal, qui a recueilli les dol\u00e9ances des chauffeurs, sans r\u00e9ponse \u00e0 ce stade. Avec <strong>trois barrages filtrants au niveau de Castellane, de l\u2019a\u00e9roport Marseille Provence \u00e0 Marignane et de la gare TGV d\u2019Aix-en-Provence<\/strong>, la situation peut varier \u00e0 tout moment, \u00ab\u00a0le mouvement restant reconductible \u00e0 tout moment\u00a0\u00bb, indique le syndicat.<\/p>\n","protected":false},"excerpt":{"rendered":"La tension est d\u00e9sormais palpable \u00e0 Marseille, aux alentours de la place Castellane, o\u00f9 les chauffeurs de taxis&hellip;\n","protected":false},"author":2,"featured_media":114284,"comment_status":"","ping_status":"","sticky":false,"template":"","format":"standard","meta":{"footnotes":""},"categories":[4],"tags":[17,11,22234,16162,154,1312,1011,27,6151,884,12,16,25,9548],"class_list":{"0":"post-114283","1":"post","2":"type-post","3":"status-publish","4":"format-standard","5":"has-post-thumbnail","7":"category-france","8":"tag-17","9":"tag-actualites","10":"tag-chauffeurs","11":"tag-departs","12":"tag-des","13":"tag-feu","14":"tag-fr","15":"tag-france","16":"tag-greve","17":"tag-marseille","18":"tag-news","19":"tag-region","20":"tag-republique-francaise","21":"tag-taxis"},"share_on_mastodon":{"url":"https:\/\/pubeurope.com\/@fr\/114540132695148582","error":""},"_links":{"self":[{"href":"https:\/\/www.europesays.com\/fr\/wp-json\/wp\/v2\/posts\/114283","targetHints":{"allow":["GET"]}}],"collection":[{"href":"https:\/\/www.europesays.com\/fr\/wp-json\/wp\/v2\/posts"}],"about":[{"href":"https:\/\/www.europesays.com\/fr\/wp-json\/wp\/v2\/types\/post"}],"author":[{"embeddable":true,"href":"https:\/\/www.europesays.com\/fr\/wp-json\/wp\/v2\/users\/2"}],"replies":[{"embeddable":true,"href":"https:\/\/www.europesays.com\/fr\/wp-json\/wp\/v2\/comments?post=114283"}],"version-history":[{"count":0,"href":"https:\/\/www.europesays.com\/fr\/wp-json\/wp\/v2\/posts\/114283\/revisions"}],"wp:featuredmedia":[{"embeddable":true,"href":"https:\/\/www.europesays.com\/fr\/wp-json\/wp\/v2\/media\/114284"}],"wp:attachment":[{"href":"https:\/\/www.europesays.com\/fr\/wp-json\/wp\/v2\/media?parent=114283"}],"wp:term":[{"taxonomy":"category","embeddable":true,"href":"https:\/\/www.europesays.com\/fr\/wp-json\/wp\/v2\/categories?post=114283"},{"taxonomy":"post_tag","embeddable":true,"href":"https:\/\/www.europesays.com\/fr\/wp-json\/wp\/v2\/tags?post=114283"}],"curies":[{"name":"wp","href":"https:\/\/api.w.org\/{rel}","templated":true}]}}