{"id":114287,"date":"2025-05-20T12:22:08","date_gmt":"2025-05-20T12:22:08","guid":{"rendered":"https:\/\/www.europesays.com\/fr\/114287\/"},"modified":"2025-05-20T12:22:08","modified_gmt":"2025-05-20T12:22:08","slug":"loire-ce-petit-restaurant-fait-un-pied-de-nez-a-burger-king-pour-regretter-son-arrivee","status":"publish","type":"post","link":"https:\/\/www.europesays.com\/fr\/114287\/","title":{"rendered":"Loire. Ce petit restaurant fait un pied de nez \u00e0 Burger King pour regretter son arriv\u00e9e"},"content":{"rendered":"<p>            Par<br \/>\n        <strong><br \/>\n            <a href=\"https:\/\/actu.fr\/auteur\/julien-sournies\" title=\"Consulter tous les articles de Julien Sournies\" rel=\"nofollow noopener\" target=\"_blank\">Julien Sournies<\/a><br \/>\n        <\/strong><\/p>\n<p>        Publi\u00e9 le<\/p>\n<p>            19 mai 2025 \u00e0 15h50        <\/p>\n<p>C\u2019est une offre pour le moins \u00e9tonnante. Le restaurant La Mine, bas\u00e9 \u00e0 Firminy (<a href=\"https:\/\/actu.fr\/auvergne-rhone-alpes\/loire_42\" rel=\"nofollow noopener\" target=\"_blank\">Loire<\/a>) \u00e0 16km au sud-ouest de <a href=\"https:\/\/actu.fr\/saint-etienne\/\" rel=\"nofollow noopener\" target=\"_blank\">Saint-\u00c9tienne<\/a>, a d\u00e9cid\u00e9 <strong>d\u2019offrir un burger du moment<\/strong> \u00e0 chacun de ses 150 premiers clients \u00e0 compter de 19\u00a0heures ce mercredi 21\u00a0mai 2025.<\/p>\n<p class=\" wall-content\">La raison\u2009? \u00ab\u2009F\u00eater l\u2019arriv\u00e9e de Burger King\u2009\u00bb, lequel s\u2019installe d\u2019ailleurs le lendemain au sein de la m\u00eame commune, annonce l\u2019\u00e9tablissement appelou sur ses r\u00e9seaux sociaux.<\/p>\n<p>\u00ab\u2009Rappeler que d\u2019autres petits commerces existent aussi\u2009\u00bb<\/p>\n<p class=\" wall-content\">Si le motif de cette offre peut para\u00eetre saugrenu, il s\u2019agit en r\u00e9alit\u00e9 d\u2019un coup de communication du restaurant pour, justement, \u00ab<strong>\u2009rappeler que d\u2019autres petits commerces existent aussi<\/strong> avec des produits de qualit\u00e9s et locaux\u2009\u00bb, \u00e9crit La Mine, situ\u00e9 rue de l\u2019Abattoir depuis six ans.<\/p>\n<p class=\" wall-content\">Le restaurant indique par ailleurs que l\u2019offre est bien \u00ab\u2009d\u2019un burger par personne pr\u00e9sente \u00e0 la commande jusqu\u2019\u00e0 \u00e9puisement de l\u2019offre, soit 150\u2009\u00bb. Vous pouvez donc oublier toute tentative d\u2019en obtenir plusieurs.<\/p>\n<p class=\" wall-content\">Malgr\u00e9 tout, l\u2019\u00e9tablissement rappelle que l\u2019offre est \u00e0 prendre \u00ab\u00a0au second degr\u00e9, souhaitant d\u2019ailleurs \u00ab\u00a0bon vent \u00e0 Burger King et aux embauches de personnels\u00a0\u00bb.<\/p>\n<p>Vid\u00e9os : en ce moment sur ActuPas moins de 75 nouveaux emplois<\/p>\n<p class=\" wall-content\">Pour rappel, le Burger King en question devait <a href=\"https:\/\/actu.fr\/auvergne-rhone-alpes\/firminy_42095\/burger-king-ouvre-apres-trois-ans-d-attente-dans-cette-ville-pres-de-saint-etienne_62454502.html\" rel=\"nofollow noopener\" target=\"_blank\">initialement ouvrir ses portes en d\u00e9cembre\u00a02022<\/a>. Finalement, ce dernier l\u00e8vera le rideau pour la premi\u00e8re fois ce jeudi 22\u00a0mai sur la zone des Prairies, impasse des Artisans, aux abords de la RN88.<\/p>\n<p>    <a href=\"https:\/\/www.google.com\/maps\/embed?pb=!1m18!1m12!1m3!1d2802.039115038939!2d4.295402375430922!3d45.38838177107281!2m3!1f0!2f0!3f0!3m2!1i1024!2i768!4f13.1!3m3!1m2!1s0x47f5b021f9517a35%3A0x686cf4027bfb7324!2sImp.%20des%20Artisans%2C%2042700%20Firminy!5e0!3m2!1sfr!2sfr!4v1747661855715!5m2!1sfr!2sfr\" title=\"Ouvrie le lien\" rel=\"nofollow noopener\" target=\"_blank\">Cliquez ici pour visualiser le contenu<\/a><\/p>\n<p class=\" wall-content\">L\u2019\u00e9tablissement, tout neuf donc, aura une surface de 450 m\u00b2, avec un drive. Le nombre de places assises est de 122 \u00e0 l\u2019int\u00e9rieur et 43 en terrasses. \u00c0 cela, pas moins de<strong> 75\u00a0personnes ont \u00e9t\u00e9 recrut\u00e9es<\/strong>, encadrement compris, en tr\u00e8s peu de temps.<\/p>\n<p class=\" wall-content\">Suivez toute l\u2019actualit\u00e9 de vos villes et m\u00e9dias favoris en vous inscrivant \u00e0 <a href=\"https:\/\/moncompte.actu.fr\" title=\"D\u00e9couvez Mon Actu\" rel=\"nofollow noopener\" data-trk=\"{&quot;cta&quot;:{&quot;action&quot;:&quot;https:\\\/\\\/moncompte.actu.fr&quot;,&quot;category&quot;:&quot;mon compte&quot;,&quot;from&quot;:&quot;article footer&quot;,&quot;name&quot;:&quot;Mon actu&quot;,&quot;type&quot;:&quot;cta&quot;}}\" target=\"_blank\">Mon Actu<\/a>.<\/p>\n","protected":false},"excerpt":{"rendered":"Par Julien Sournies Publi\u00e9 le 19 mai 2025 \u00e0 15h50 C\u2019est une offre pour le moins \u00e9tonnante. Le&hellip;\n","protected":false},"author":2,"featured_media":114288,"comment_status":"","ping_status":"","sticky":false,"template":"","format":"standard","meta":{"footnotes":""},"categories":[9653],"tags":[1111,11,2430,215,1777,674,1011,27,12,25,1340,4001,104],"class_list":{"0":"post-114287","1":"post","2":"type-post","3":"status-publish","4":"format-standard","5":"has-post-thumbnail","7":"category-saint-etienne","8":"tag-actu","9":"tag-actualites","10":"tag-auvergne-rhone-alpes","11":"tag-commerce","12":"tag-eu","13":"tag-europe","14":"tag-fr","15":"tag-france","16":"tag-news","17":"tag-republique-francaise","18":"tag-restaurant","19":"tag-saint-etienne","20":"tag-societe"},"share_on_mastodon":{"url":"https:\/\/pubeurope.com\/@fr\/114540140526065455","error":""},"_links":{"self":[{"href":"https:\/\/www.europesays.com\/fr\/wp-json\/wp\/v2\/posts\/114287","targetHints":{"allow":["GET"]}}],"collection":[{"href":"https:\/\/www.europesays.com\/fr\/wp-json\/wp\/v2\/posts"}],"about":[{"href":"https:\/\/www.europesays.com\/fr\/wp-json\/wp\/v2\/types\/post"}],"author":[{"embeddable":true,"href":"https:\/\/www.europesays.com\/fr\/wp-json\/wp\/v2\/users\/2"}],"replies":[{"embeddable":true,"href":"https:\/\/www.europesays.com\/fr\/wp-json\/wp\/v2\/comments?post=114287"}],"version-history":[{"count":0,"href":"https:\/\/www.europesays.com\/fr\/wp-json\/wp\/v2\/posts\/114287\/revisions"}],"wp:featuredmedia":[{"embeddable":true,"href":"https:\/\/www.europesays.com\/fr\/wp-json\/wp\/v2\/media\/114288"}],"wp:attachment":[{"href":"https:\/\/www.europesays.com\/fr\/wp-json\/wp\/v2\/media?parent=114287"}],"wp:term":[{"taxonomy":"category","embeddable":true,"href":"https:\/\/www.europesays.com\/fr\/wp-json\/wp\/v2\/categories?post=114287"},{"taxonomy":"post_tag","embeddable":true,"href":"https:\/\/www.europesays.com\/fr\/wp-json\/wp\/v2\/tags?post=114287"}],"curies":[{"name":"wp","href":"https:\/\/api.w.org\/{rel}","templated":true}]}}