{"id":114293,"date":"2025-05-20T12:25:11","date_gmt":"2025-05-20T12:25:11","guid":{"rendered":"https:\/\/www.europesays.com\/fr\/114293\/"},"modified":"2025-05-20T12:25:11","modified_gmt":"2025-05-20T12:25:11","slug":"tir-la-societe-de-tir-de-nancy-a-fait-une-razzia-a-volmerange","status":"publish","type":"post","link":"https:\/\/www.europesays.com\/fr\/114293\/","title":{"rendered":"Tir. La Soci\u00e9t\u00e9 de tir de Nancy a fait une razzia \u00e0 Volmerange"},"content":{"rendered":"<p>R\u00e9gionaux 25\/50 m\u00e8tres<\/p>\n<p>\u00c0 Volmerange-l\u00e8s-Mines<\/p>\n<p>L\u2019Eurostand de Volmerange-les-Mines accueillait ce dimanche les championnats r\u00e9gionaux de tir sur des distances de 25 et 50\u00a0m\u00e8tres avec plus de trois cents tireurs. Parmi les performances du jour, signalons celles r\u00e9alis\u00e9es par le junior Thibaut Hagen (ST Nancy) au pistolet standard 25\u00a0m et dans la m\u00eame discipline en seniors le tripl\u00e9 de la soci\u00e9t\u00e9 de tir Nanc\u00e9ienne avec dans l\u2019ordre Pierre Valentin, David Lorrain et Thomas Delacourt. Pierre Valentin a d\u2019ailleurs r\u00e9cidiv\u00e9 au pistolet percussion centrale avec sur le podium Steve Thibout et Thomas Delacourt.<\/p>\n<p>Au pistolet 25\u00a0m, en juniors filles, l\u2019or est revenue \u00e0 Laura Pacella et, chez les gar\u00e7ons, \u00e0 Thibaut Hagen, tous deux repr\u00e9sentants de la soci\u00e9t\u00e9 nanc\u00e9ienne. Au pistolet vitesse, nouvelle d\u00e9monstration de la STN avec Delacourt, Valentin et Thibout.<\/p>\n<p>Ce contenu est bloqu\u00e9 car vous n&rsquo;avez pas accept\u00e9 les cookies et autres traceurs.<\/p>\n<p>En cliquant sur \u00ab J\u2019accepte \u00bb, les cookies et autres traceurs seront d\u00e9pos\u00e9s et vous pourrez visualiser les contenus  (<a href=\"\" class=\"consentModule_policy\" target=\"_blank\" title=\"Consulter la politique de protection des donn\u00e9es du fournisseur\">plus d&rsquo;informations<\/a>).<\/p>\n<p>En cliquant sur \u00ab J\u2019accepte tous les cookies \u00bb, vous autorisez des d\u00e9p\u00f4ts de cookies et autres traceurs pour le stockage de vos donn\u00e9es sur nos sites et applications \u00e0 des fins de personnalisation et de ciblage publicitaire.<\/p>\n<p class=\"consentModule_secondaryText\">Vous gardez la possibilit\u00e9 de retirer votre consentement \u00e0 tout moment en consultant notre <a href=\"https:\/\/www.estrepublicain.fr\/protection-des-donnees\" target=\"_blank\" title=\"Consulter notre politique de protection des donn\u00e9es\" rel=\"noopener\">politique de protection des donn\u00e9es<\/a>. <br \/>&#13;<br \/>\n            <a href=\"https:\/\/www.estrepublicain.fr\/sport\/2025\/05\/20\/javascript:Didomi.notice.show()\" class=\"consentModule_cmp\" target=\"_blank\" rel=\"noopener\">G\u00e9rer mes choix<\/a>&#13;\n        <\/p>\n<p>&#13;<br \/>\n                        J&rsquo;accepte&#13;<br \/>\n            J&rsquo;accepte tous les cookies&#13;\n        <\/p>\n<p>\u00c0 la carabine 50\u00a0m 60 balles couch\u00e9 minimes, \u00e0 noter la premi\u00e8re place pour Tom Demangel (AL Neuves-Maisons) et chez les filles en cadets pour Ange Arnoux (ST Nancy). \u00c0 la carabine 50\u00a0m 3&#215;20, Tom Demangel a r\u00e9cidiv\u00e9 et chez les filles en cadets, l\u2019or est tomb\u00e9 dans l\u2019escarcelle pour la n\u00e9odomienne Eva Jankowki. Bon nombre de concurrents se sont qualifi\u00e9s pour les France qui se d\u00e9rouleront du 2 au 9\u00a0juillet au Centre National de tir de Ch\u00e2teauroux.<\/p>\n","protected":false},"excerpt":{"rendered":"R\u00e9gionaux 25\/50 m\u00e8tres \u00c0 Volmerange-l\u00e8s-Mines L\u2019Eurostand de Volmerange-les-Mines accueillait ce dimanche les championnats r\u00e9gionaux de tir sur des&hellip;\n","protected":false},"author":2,"featured_media":114294,"comment_status":"","ping_status":"","sticky":false,"template":"","format":"standard","meta":{"footnotes":""},"categories":[9635],"tags":[1111,11,1707,1704,1705,1777,674,107,1701,1011,27,775,1702,1703,9847,12,25,517,1700,9805,14984],"class_list":{"0":"post-114293","1":"post","2":"type-post","3":"status-publish","4":"format-standard","5":"has-post-thumbnail","7":"category-nancy","8":"tag-actu","9":"tag-actualites","10":"tag-edition-luneville","11":"tag-edition-nancy-et-agglomeration","12":"tag-edition-toul","13":"tag-eu","14":"tag-europe","15":"tag-fil-info","16":"tag-fil-info-sport","17":"tag-fr","18":"tag-france","19":"tag-grand-est","20":"tag-nancy","21":"tag-nancy-ville-54b","22":"tag-neuves-maisons","23":"tag-news","24":"tag-republique-francaise","25":"tag-sport","26":"tag-sport-lorrain","27":"tag-tir","28":"tag-toul"},"share_on_mastodon":{"url":"https:\/\/pubeurope.com\/@fr\/114540152285068058","error":""},"_links":{"self":[{"href":"https:\/\/www.europesays.com\/fr\/wp-json\/wp\/v2\/posts\/114293","targetHints":{"allow":["GET"]}}],"collection":[{"href":"https:\/\/www.europesays.com\/fr\/wp-json\/wp\/v2\/posts"}],"about":[{"href":"https:\/\/www.europesays.com\/fr\/wp-json\/wp\/v2\/types\/post"}],"author":[{"embeddable":true,"href":"https:\/\/www.europesays.com\/fr\/wp-json\/wp\/v2\/users\/2"}],"replies":[{"embeddable":true,"href":"https:\/\/www.europesays.com\/fr\/wp-json\/wp\/v2\/comments?post=114293"}],"version-history":[{"count":0,"href":"https:\/\/www.europesays.com\/fr\/wp-json\/wp\/v2\/posts\/114293\/revisions"}],"wp:featuredmedia":[{"embeddable":true,"href":"https:\/\/www.europesays.com\/fr\/wp-json\/wp\/v2\/media\/114294"}],"wp:attachment":[{"href":"https:\/\/www.europesays.com\/fr\/wp-json\/wp\/v2\/media?parent=114293"}],"wp:term":[{"taxonomy":"category","embeddable":true,"href":"https:\/\/www.europesays.com\/fr\/wp-json\/wp\/v2\/categories?post=114293"},{"taxonomy":"post_tag","embeddable":true,"href":"https:\/\/www.europesays.com\/fr\/wp-json\/wp\/v2\/tags?post=114293"}],"curies":[{"name":"wp","href":"https:\/\/api.w.org\/{rel}","templated":true}]}}