{"id":114307,"date":"2025-05-20T12:32:08","date_gmt":"2025-05-20T12:32:08","guid":{"rendered":"https:\/\/www.europesays.com\/fr\/114307\/"},"modified":"2025-05-20T12:32:08","modified_gmt":"2025-05-20T12:32:08","slug":"grenoble-de-nouvelles-fermetures-de-route-a-prevoir-sur-ce-secteur-tres-emprunte","status":"publish","type":"post","link":"https:\/\/www.europesays.com\/fr\/114307\/","title":{"rendered":"Grenoble. De nouvelles fermetures de route \u00e0 pr\u00e9voir sur ce secteur tr\u00e8s emprunt\u00e9"},"content":{"rendered":"<p>            Par<br \/>\n        <strong><br \/>\n            <a href=\"https:\/\/actu.fr\/auteur\/redaction-grenoble\" title=\"Consulter tous les articles de R\u00e9daction Grenoble\" rel=\"nofollow noopener\" target=\"_blank\">R\u00e9daction Grenoble<\/a><br \/>\n        <\/strong><\/p>\n<p>        Publi\u00e9 le<\/p>\n<p>            20 mai 2025 \u00e0 14h07        <\/p>\n<p>\u00c9ni\u00e8me <strong>fermeture programm\u00e9e<\/strong> du r\u00e9seau routier grenoblois pr\u00e9vue sur l\u2019A480 dans la zone de l\u2019\u00e9changeur du Rondeau, l\u2019un des carrefours les plus emprunt\u00e9s par les automobilistes.<\/p>\n<p class=\" wall-content\">Dans le cadre du <a href=\"https:\/\/actu.fr\/auvergne-rhone-alpes\/grenoble_38185\/grenoble-ce-grand-axe-peripherique-ferme-a-la-circulation-voici-ou-et-quand_62506521.html\" rel=\"nofollow noopener\" target=\"_blank\">chantier d\u2019am\u00e9nagement<\/a> de la zone, des acc\u00e8s routiers seront ferm\u00e9s les nuits des mardi 20 et jeudi 22 mai 2025, annonce APRR, gestionnaire autoroutier, <a href=\"https:\/\/www.a480rondeau.fr\/travaux\/rondeau-fermetures-nocturnes-les-20-et-22-mai\/\" rel=\"nofollow noopener\" target=\"_blank\">sur son site<\/a> de suivi des travaux du Rondeau.<\/p>\n<p>Le d\u00e9tail des fermetures<\/p>\n<p class=\" wall-content\">Voici les <strong>perturbations<\/strong> \u00e0 pr\u00e9voir :\u00a0<\/p>\n<ul class=\" wall-content\">\n<li>Mardi 20 mai : depuis <a href=\"https:\/\/actu.fr\/auvergne-rhone-alpes\/lyon_69123\" rel=\"nofollow noopener\" target=\"_blank\">Lyon<\/a>, fermeture de la bretelle d\u2019entr\u00e9e vers la nationale N87 en direction de Chamb\u00e9ry sur l\u2019\u00e9changeur du Rondeau (n\u00b05) de 20h30 \u00e0 05h30,<\/li>\n<li>Jeudi 22 mai : fermeture totale de la nationale N87 dans les deux sens de circulation, entre l\u2019\u00e9changeur du Rondeau (n\u00b05) et le diffuseur d\u2019\u00c9chirolles (n\u00b07) de 21h30 \u00e0 04h30.<\/li>\n<\/ul>\n<p class=\" wall-content\">APRR rappelle \u00e9galement que depuis le 17 mars et jusqu\u2019au 27 mai, depuis Chamb\u00e9ry, la bretelle d\u2019entr\u00e9e vers Sisteron est ferm\u00e9e en continu.<\/p>\n<p>Vid\u00e9os : en ce moment sur ActuLes d\u00e9viations\u00a0<\/p>\n<p class=\" wall-content\">Des d\u00e9viations vont \u00eatre mises en place :<\/p>\n<p>    <a href=\"https:\/\/www.facebook.com\/plugins\/post.php?href=https%3A%2F%2Fwww.facebook.com%2FVilledEchirolles%2Fposts%2Fpfbid02Qkp7HZeR13o1TiXZ3s1q2NJx3ibRVKmRSE1Z7mfAAQnHQB7qsznSMHJZQSY1Dptvl&amp;show_text=true&amp;width=350\" title=\"Ouvrie le lien\" rel=\"nofollow noopener\" target=\"_blank\">Cliquez ici pour visualiser le contenu<\/a><\/p>\n<ul class=\" wall-content\">\n<li>Mardi 20 mai : depuis Lyon, sortie \u00e0 Catane (n\u00b03) pour rejoindre la N87 au niveau d\u2019<a href=\"https:\/\/actu.fr\/auvergne-rhone-alpes\/echirolles_38151\" rel=\"nofollow noopener\" target=\"_blank\">\u00c9chirolles<\/a>. Depuis Chamb\u00e9ry, sortie \u00e0 AlpExpo (n\u00b06) pour rejoindre l\u2019A480 au niveau de Pont-de-Claix,\u00a0<\/li>\n<li>Jeudi 22 mai : depuis Lyon, sortie \u00e0 Catane (n\u00b03) pour rejoindre la N87 au niveau d\u2019\u00c9chirolles. Depuis Chamb\u00e9ry, sortie \u00e0 AlpExpo (n\u00b06) pour rejoindre l\u2019A480 au niveau de Pont-de-Claix. Depuis Sisteron, sortie \u00e0 l\u2019\u00e9changeur du Rondeau (n\u00b05) pour prendre la D6 vers Seyssins.<\/li>\n<\/ul>\n<p class=\" wall-content\">Suivez toute l\u2019actualit\u00e9 de vos villes et m\u00e9dias favoris en vous inscrivant \u00e0 <a href=\"https:\/\/moncompte.actu.fr\" title=\"D\u00e9couvez Mon Actu\" rel=\"nofollow noopener\" data-trk=\"{&quot;cta&quot;:{&quot;action&quot;:&quot;https:\\\/\\\/moncompte.actu.fr&quot;,&quot;category&quot;:&quot;mon compte&quot;,&quot;from&quot;:&quot;article footer&quot;,&quot;name&quot;:&quot;Mon actu&quot;,&quot;type&quot;:&quot;cta&quot;}}\" target=\"_blank\">Mon Actu<\/a>.<\/p>\n","protected":false},"excerpt":{"rendered":"Par R\u00e9daction Grenoble Publi\u00e9 le 20 mai 2025 \u00e0 14h07 \u00c9ni\u00e8me fermeture programm\u00e9e du r\u00e9seau routier grenoblois pr\u00e9vue&hellip;\n","protected":false},"author":2,"featured_media":114308,"comment_status":"","ping_status":"","sticky":false,"template":"","format":"standard","meta":{"footnotes":""},"categories":[9566],"tags":[1111,11,2430,3542,1777,674,1011,27,2731,12,25,104,2086],"class_list":{"0":"post-114307","1":"post","2":"type-post","3":"status-publish","4":"format-standard","5":"has-post-thumbnail","7":"category-grenoble","8":"tag-actu","9":"tag-actualites","10":"tag-auvergne-rhone-alpes","11":"tag-circulation","12":"tag-eu","13":"tag-europe","14":"tag-fr","15":"tag-france","16":"tag-grenoble","17":"tag-news","18":"tag-republique-francaise","19":"tag-societe","20":"tag-travaux"},"share_on_mastodon":{"url":"https:\/\/pubeurope.com\/@fr\/114540180055862761","error":""},"_links":{"self":[{"href":"https:\/\/www.europesays.com\/fr\/wp-json\/wp\/v2\/posts\/114307","targetHints":{"allow":["GET"]}}],"collection":[{"href":"https:\/\/www.europesays.com\/fr\/wp-json\/wp\/v2\/posts"}],"about":[{"href":"https:\/\/www.europesays.com\/fr\/wp-json\/wp\/v2\/types\/post"}],"author":[{"embeddable":true,"href":"https:\/\/www.europesays.com\/fr\/wp-json\/wp\/v2\/users\/2"}],"replies":[{"embeddable":true,"href":"https:\/\/www.europesays.com\/fr\/wp-json\/wp\/v2\/comments?post=114307"}],"version-history":[{"count":0,"href":"https:\/\/www.europesays.com\/fr\/wp-json\/wp\/v2\/posts\/114307\/revisions"}],"wp:featuredmedia":[{"embeddable":true,"href":"https:\/\/www.europesays.com\/fr\/wp-json\/wp\/v2\/media\/114308"}],"wp:attachment":[{"href":"https:\/\/www.europesays.com\/fr\/wp-json\/wp\/v2\/media?parent=114307"}],"wp:term":[{"taxonomy":"category","embeddable":true,"href":"https:\/\/www.europesays.com\/fr\/wp-json\/wp\/v2\/categories?post=114307"},{"taxonomy":"post_tag","embeddable":true,"href":"https:\/\/www.europesays.com\/fr\/wp-json\/wp\/v2\/tags?post=114307"}],"curies":[{"name":"wp","href":"https:\/\/api.w.org\/{rel}","templated":true}]}}