{"id":1143081,"date":"2026-08-22T22:57:16","date_gmt":"2026-08-22T22:57:16","guid":{"rendered":"https:\/\/www.europesays.com\/fr\/1143081\/"},"modified":"2026-08-22T22:57:16","modified_gmt":"2026-08-22T22:57:16","slug":"les-russes-et-les-ukrainiens-renouvellent-leurs-attaques-meurtrieres","status":"publish","type":"post","link":"https:\/\/www.europesays.com\/fr\/1143081\/","title":{"rendered":"Les Russes et les Ukrainiens renouvellent leurs attaques meurtri\u00e8res"},"content":{"rendered":"<p>Des frappes russes men\u00e9es \u00e0 l\u2019aide de drones et de missiles ont fait au moins sept morts en Ukraine, ont indiqu\u00e9 samedi les autorit\u00e9s, tandis qu\u2019une attaque ukrainienne par drone contre la r\u00e9gion russe de Krasnodar a caus\u00e9 la mort de trois personnes. <\/p>\n<p>Ces attaques sont survenues au lendemain d\u2019une frappe russe sur un centre commercial ukrainien qui a fait au moins 16\u00a0morts et environ 130\u00a0bless\u00e9s.<\/p>\n<p>Les forces de Moscou ont r\u00e9cemment intensifi\u00e9 leurs attaques de missiles balistiques contre Kyiv, profitant de la p\u00e9nurie chronique de missiles de d\u00e9fense a\u00e9rienne Patriot de fabrication am\u00e9ricaine dont souffre l\u2019Ukraine, seule arme de son arsenal capable d\u2019abattre ces missiles.<\/p>\n<p>Le pr\u00e9sident ukrainien Volodymyr Zelensky a fait savoir qu\u2019une personne avait \u00e9t\u00e9 tu\u00e9e et une autre bless\u00e9e lors des derni\u00e8res attaques, au cours desquelles des missiles balistiques ont frapp\u00e9 des infrastructures ferroviaires dans la capitale, Kyiv, dans la nuit.<\/p>\n<p>Le minist\u00e8re russe de la D\u00e9fense a indiqu\u00e9 que ses bombardements avaient touch\u00e9 un d\u00e9p\u00f4t de locomotives.<\/p>\n<p>Lors d\u2019une autre attaque, les autorit\u00e9s locales ont indiqu\u00e9 que deux personnes avaient \u00e9t\u00e9 tu\u00e9es samedi apr\u00e8s-midi lors d\u2019un tir de missile balistique russe sur la r\u00e9gion de Kyiv.<\/p>\n<p>Des frappes de drones russes ont \u00e9galement fait un mort dans la nuit dans la r\u00e9gion de Zaporijia, ont indiqu\u00e9 samedi des responsables locaux, tandis qu\u2019une attaque men\u00e9e en journ\u00e9e a fait 3\u00a0autres morts et 15\u00a0bless\u00e9s. M.\u00a0Zelensky a pr\u00e9cis\u00e9 que trois personnes avaient \u00e9galement \u00e9t\u00e9 bless\u00e9es lors d\u2019une attaque contre un minibus dans la capitale r\u00e9gionale, \u00e9galement appel\u00e9e Zaporijia.<\/p>\n<p>Dans la r\u00e9gion de Krasnodar, au sud de la Russie, les autorit\u00e9s ont indiqu\u00e9 que trois personnes, dont deux enfants, avaient \u00e9t\u00e9 tu\u00e9es et que deux adultes avaient \u00e9t\u00e9 bless\u00e9s lors d\u2019une frappe de drone ukrainien.<\/p>\n<p>Les frappes russes \u00e0 grande \u00e9chelle sont devenues monnaie courante depuis le d\u00e9but de l\u2019\u00e9t\u00e9. Les attaques de vendredi se sont d\u00e9roul\u00e9es \u00e0 peine 24\u00a0heures apr\u00e8s que la Russie eut pilonn\u00e9 Kyiv lors d\u2019un bombardement nocturne qui a fait 16\u00a0morts. L\u2019ONU a soulign\u00e9 la semaine derni\u00e8re que Kyiv \u00e9tait l\u2019une des villes les plus durement touch\u00e9es en juillet, recensant au moins 54\u00a0civils tu\u00e9s et 202\u00a0bless\u00e9s. <\/p>\n<p>Dans le m\u00eame temps, l\u2019Ukraine a \u00e9tendu le conflit sur le sol russe en menant des frappes de drones \u00e0 longue port\u00e9e contre des installations p\u00e9troli\u00e8res, provoquant des p\u00e9nuries de carburant dans toute la Russie. Elle a \u00e9galement sem\u00e9 le trouble parmi la population russe en frappant des entrep\u00f4ts de Wildberries, le plus grand d\u00e9taillant en ligne du pays.<\/p>\n<p>Le site d\u2019information russe Astra a rapport\u00e9 samedi qu\u2019un drone ukrainien avait incendi\u00e9 une raffinerie de p\u00e9trole dans la r\u00e9gion de Samara. Les autorit\u00e9s locales ont indiqu\u00e9 que des d\u00e9g\u00e2ts avaient \u00e9t\u00e9 constat\u00e9s dans une \u00abinstallation industrielle\u00bb non identifi\u00e9e et dans un centre logistique d\u2019Ozon, un concurrent de Wildberries.<\/p>\n<p>M.\u00a0Zelensky a fait savoir samedi que les forces ukrainiennes avaient frapp\u00e9 la raffinerie de p\u00e9trole de Novokuibyshevsk, dans la r\u00e9gion de Samara, pr\u00e9cisant qu\u2019elle se trouvait \u00e0 environ 1000 kilom\u00e8tres de la ligne de front.<\/p>\n","protected":false},"excerpt":{"rendered":"Des frappes russes men\u00e9es \u00e0 l\u2019aide de drones et de missiles ont fait au moins sept morts en&hellip;\n","protected":false},"author":2,"featured_media":972678,"comment_status":"","ping_status":"","sticky":false,"template":"","format":"standard","meta":{"footnotes":"","_share_on_mastodon":"0"},"categories":[1591],"tags":[11,1887,1854,12,1885,1886,132],"class_list":["post-1143081","post","type-post","status-publish","format-standard","has-post-thumbnail","category-russie","tag-actualites","tag-federation-de-russie","tag-https-lactualite-com-sujet-international","tag-news","tag-russia","tag-russian-federation","tag-russie"],"share_on_mastodon":{"url":"https:\/\/pubeurope.com\/@fr\/117141638089722123","error":""},"_links":{"self":[{"href":"https:\/\/www.europesays.com\/fr\/wp-json\/wp\/v2\/posts\/1143081","targetHints":{"allow":["GET"]}}],"collection":[{"href":"https:\/\/www.europesays.com\/fr\/wp-json\/wp\/v2\/posts"}],"about":[{"href":"https:\/\/www.europesays.com\/fr\/wp-json\/wp\/v2\/types\/post"}],"author":[{"embeddable":true,"href":"https:\/\/www.europesays.com\/fr\/wp-json\/wp\/v2\/users\/2"}],"replies":[{"embeddable":true,"href":"https:\/\/www.europesays.com\/fr\/wp-json\/wp\/v2\/comments?post=1143081"}],"version-history":[{"count":0,"href":"https:\/\/www.europesays.com\/fr\/wp-json\/wp\/v2\/posts\/1143081\/revisions"}],"wp:featuredmedia":[{"embeddable":true,"href":"https:\/\/www.europesays.com\/fr\/wp-json\/wp\/v2\/media\/972678"}],"wp:attachment":[{"href":"https:\/\/www.europesays.com\/fr\/wp-json\/wp\/v2\/media?parent=1143081"}],"wp:term":[{"taxonomy":"category","embeddable":true,"href":"https:\/\/www.europesays.com\/fr\/wp-json\/wp\/v2\/categories?post=1143081"},{"taxonomy":"post_tag","embeddable":true,"href":"https:\/\/www.europesays.com\/fr\/wp-json\/wp\/v2\/tags?post=1143081"}],"curies":[{"name":"wp","href":"https:\/\/api.w.org\/{rel}","templated":true}]}}