{"id":1143092,"date":"2026-08-22T23:04:25","date_gmt":"2026-08-22T23:04:25","guid":{"rendered":"https:\/\/www.europesays.com\/fr\/1143092\/"},"modified":"2026-08-22T23:04:25","modified_gmt":"2026-08-22T23:04:25","slug":"je-pense-que-chacun-a-eu-sa-mi-temps-et-le-nul-est-equitable-locmine-arrache-le-nul-en-fin-de-match-contre-les-herbiers-lors-de-la-premiere-journee-de-n1","status":"publish","type":"post","link":"https:\/\/www.europesays.com\/fr\/1143092\/","title":{"rendered":"\u00ab\u00a0Je pense que chacun a eu sa mi-temps et le nul est \u00e9quitable\u00a0\u00bb, Locmin\u00e9 arrache le nul en fin de match contre Les Herbiers lors de la premi\u00e8re journ\u00e9e de N1"},"content":{"rendered":"<p>N1 (1re journ\u00e9e). Locmin\u00e9 &#8211; Les Herbiers : 1-1<\/p>\n<p>Il n\u2019y a pas eu de cri de joie. Mais le sentiment qui pr\u00e9dominait dans le vestiaire locminois \u00e0 l\u2019issue de la rencontre \u00e9tait tout de m\u00eame la satisfaction. Celle d\u2019avoir su r\u00e9agir alors que la Saint-Co \u00e9tait tr\u00e8s mal embarqu\u00e9e lors d\u2019une fin de seconde mi-temps qui voyait les Vend\u00e9ens \u00eatre devant au tableau d\u2019affichage. Et qui semblaient en contr\u00f4le apr\u00e8s l\u2019ouverture du score de Billy, id\u00e9alement lanc\u00e9 dans la profondeur \u00e0 l\u2019heure de jeu (0-1 ; 59\u2019). Ce but illustrait en effet la domination herbretaise apr\u00e8s le repos tout comme les tentatives de Tegar (48\u2019), Affamah (55\u2019), ou Butrot (70\u2019). Mais c\u2019\u00e9tait sans compter sur la pers\u00e9v\u00e9rance des Morbihannais et de <a href=\"https:\/\/footamateur.letelegramme.fr\/clubs\/la-saint-colomban-locmine\/n2-avant-dernier-de-sa-poule-locmine-officialise-larrivee-de-jeffrey-quarshie-6971052.php\" target=\"_blank\" rel=\"nofollow noopener\">Quarshie<\/a>.<\/p>\n<p>Quarshie d\u00e9cisif<\/p>\n<p>R\u00e9cup\u00e9rant le brassard de capitaine apr\u00e8s la sortie de <a href=\"https:\/\/www.letelegramme.fr\/sports\/football\/toutes-les-infos\/je-me-suis-remis-en-question-le-defenseur-alexandre-lavenant-symbole-du-renouveau-de-locmine-lors-de-la-phase-retour-en-n2-7032162.php\" target=\"_blank\" rel=\"nofollow noopener\">Lavenant<\/a>, l\u2019attaquant de la Saint-Co se d\u00e9menait pour garder le contr\u00f4le du cuir aux abords de la surface. Il d\u00e9cochait une frappe soudaine que Rempp rel\u00e2chait sous le nez de Bouraja, qui ne se faisait pas prier pour remettre les compteurs \u00e0 z\u00e9ro (1-1 ; 87\u2019). Ce nul s\u2019av\u00e9rait finalement logique au vu de la physionomie du match, la premi\u00e8re p\u00e9riode ayant \u00e9t\u00e9 domin\u00e9e, un peu \u00e0 la surprise g\u00e9n\u00e9rale, par des Locminois qui avaient \u00e9t\u00e9 pour le moins d\u00e9cevants lors des matchs amicaux. \u00ab La comp\u00e9tition, c\u2019est diff\u00e9rent de la pr\u00e9paration. J\u2019\u00e9tais persuad\u00e9 qu\u2019on allait monter d\u2019un cran et c\u2019est ce qui est arriv\u00e9 \u00bb, notait toutefois le coach Florent Besnard, qui a en effet pu appr\u00e9cier la vivacit\u00e9 de Mesbah, l\u2019application et le sens du jeu de Lim ainsi que l\u2019efficacit\u00e9 \u00e0 la r\u00e9cup\u00e9ration de Kikonda.<\/p>\n<p>\u00ab Le nul est \u00e9quitable \u00bb<\/p>\n<p>Mesbah \u00e9tait d\u2019ailleurs dans plusieurs bons coups, obligeant Rempp \u00e0 se coucher (13\u2019), tirant juste \u00e0 c\u00f4t\u00e9 (25\u2019) et voyant sa frappe s\u2019envoler apr\u00e8s une superbe action initi\u00e9e par Diarra et Quarshie (40\u2019). \u00ab On aurait d\u00fb scorer dans nos temps forts lors de notre premi\u00e8re mi-temps qui a \u00e9t\u00e9 de bon niveau. La deuxi\u00e8me a \u00e9t\u00e9 plus en leur faveur. Je pense que chacun a eu sa mi-temps et le nul est \u00e9quitable \u00bb, ajoutait Besnard.<\/p>\n<p class=\"titre-tech\">La fiche technique<\/p>\n<p class=\"tech\"><strong class=\"tech\">Arbitre :<\/strong> M. Le Paih.<\/p>\n<p class=\"tech\"><strong class=\"tech\">BUTS.<\/strong> Locmin\u00e9 : Bouraja (87\u2019) ; Les Herbiers : Billy (59\u2019).<\/p>\n<p class=\"tech\"><strong class=\"tech\">Avertissement.<\/strong> Locmin\u00e9 : Lim (61\u2019).<\/p>\n<p class=\"tech\">LOCMINE : Sy &#8211; Rio, Jannez, Le N\u00e9dic, Diarra &#8211; Lavenant (cap) (Danso, 80\u2019) &#8211; Mesbah (Bouraja, 73\u2019), Lim (Tjomb, 73\u2019), Kikonda, Obam\u00e9 &#8211; Quarshie (Le Mouellic, 90\u2019+ 3). Entra\u00eeneur : Florent Besnard.<\/p>\n<p class=\"tech\">LES HERBIERS : Rempp &#8211; Rissonga (Fresneau, 53\u2019), Pascaud, Tahmouch, Tegar &#8211; Affamah (Tour\u00e9, 73\u2019), Brelivet, Butrot, Nihouarn (Bretagne, 88\u2019), Yenoussi &#8211; Billy (cap). Entra\u00eeneur : Laurent David.<\/p>\n","protected":false},"excerpt":{"rendered":"N1 (1re journ\u00e9e). Locmin\u00e9 &#8211; Les Herbiers : 1-1 Il n\u2019y a pas eu de cri de joie.&hellip;\n","protected":false},"author":2,"featured_media":1143093,"comment_status":"","ping_status":"","sticky":false,"template":"","format":"standard","meta":{"footnotes":"","_share_on_mastodon":"0"},"categories":[1586],"tags":[11,1777,674,1779,63,1011,27,22567,12,25,60,1778,364],"class_list":["post-1143092","post","type-post","status-publish","format-standard","has-post-thumbnail","category-europe","tag-actualites","tag-eu","tag-europe","tag-european-union","tag-football","tag-fr","tag-france","tag-locmine","tag-news","tag-republique-francaise","tag-sports","tag-ue","tag-union-europeenne"],"share_on_mastodon":{"url":"https:\/\/pubeurope.com\/@fr\/117141665537143236","error":""},"_links":{"self":[{"href":"https:\/\/www.europesays.com\/fr\/wp-json\/wp\/v2\/posts\/1143092","targetHints":{"allow":["GET"]}}],"collection":[{"href":"https:\/\/www.europesays.com\/fr\/wp-json\/wp\/v2\/posts"}],"about":[{"href":"https:\/\/www.europesays.com\/fr\/wp-json\/wp\/v2\/types\/post"}],"author":[{"embeddable":true,"href":"https:\/\/www.europesays.com\/fr\/wp-json\/wp\/v2\/users\/2"}],"replies":[{"embeddable":true,"href":"https:\/\/www.europesays.com\/fr\/wp-json\/wp\/v2\/comments?post=1143092"}],"version-history":[{"count":0,"href":"https:\/\/www.europesays.com\/fr\/wp-json\/wp\/v2\/posts\/1143092\/revisions"}],"wp:featuredmedia":[{"embeddable":true,"href":"https:\/\/www.europesays.com\/fr\/wp-json\/wp\/v2\/media\/1143093"}],"wp:attachment":[{"href":"https:\/\/www.europesays.com\/fr\/wp-json\/wp\/v2\/media?parent=1143092"}],"wp:term":[{"taxonomy":"category","embeddable":true,"href":"https:\/\/www.europesays.com\/fr\/wp-json\/wp\/v2\/categories?post=1143092"},{"taxonomy":"post_tag","embeddable":true,"href":"https:\/\/www.europesays.com\/fr\/wp-json\/wp\/v2\/tags?post=1143092"}],"curies":[{"name":"wp","href":"https:\/\/api.w.org\/{rel}","templated":true}]}}