{"id":114311,"date":"2025-05-20T12:34:33","date_gmt":"2025-05-20T12:34:33","guid":{"rendered":"https:\/\/www.europesays.com\/fr\/114311\/"},"modified":"2025-05-20T12:34:33","modified_gmt":"2025-05-20T12:34:33","slug":"a-94-ans-emilienne-a-59-arriere-petits-enfants","status":"publish","type":"post","link":"https:\/\/www.europesays.com\/fr\/114311\/","title":{"rendered":"\u00e0 94 ans, \u00c9milienne a 59 arri\u00e8re-petits-enfants"},"content":{"rendered":"<p>            Par<br \/>\n        <strong><br \/>\n            <a href=\"https:\/\/actu.fr\/auteur\/redaction-jv\" title=\"Consulter tous les articles de R\u00e9daction Vitr\u00e9\" rel=\"nofollow noopener\" target=\"_blank\">R\u00e9daction Vitr\u00e9<\/a><br \/>\n        <\/strong><\/p>\n<p>        Publi\u00e9 le<\/p>\n<p>            19 mai 2025 \u00e0 17h45        <\/p>\n<p>Une <b>belle histoire <\/b>de transmission familiale se vit aujourd\u2019hui entre Domalain, Marpir\u00e9 et Saint-Melaine en <b>Ille-et-Vilaine<\/b>.<\/p>\n<p class=\" wall-content\">La famille d\u2019\u00c9milienne Leverd c\u00e9l\u00e8bre un moment rare et \u00e9mouvant\u2009: cinq g\u00e9n\u00e9rations de femmes unies autour de la doyenne, qui f\u00eatera ses 94\u00a0ans en 2025.<\/p>\n<p>\u00ab\u2009C\u2019est une femme forte\u2009\u00bb<\/p>\n<p class=\" wall-content\">N\u00e9e \u00e0 Aubign\u00e9-Racan, dans la Sarthe, \u00c9milienne est une figure forte et inspirante.<\/p>\n<p class=\" wall-content\">M\u00e8re de 14\u00a0enfants, elle est aujourd\u2019hui \u00e0 la t\u00eate d\u2019une famille impressionnante\u2009: 35 petits-enfants, 59 arri\u00e8re-petits-enfants, et d\u00e9sormais, <b>deux arri\u00e8re-arri\u00e8re-petits-enfants<\/b>, Anna et Alessyo, n\u00e9s \u00e0 deux mois d\u2019intervalle.<\/p>\n<p class=\" wall-content\">Une lign\u00e9e qui t\u00e9moigne d\u2019un bel enracinement familial.<\/p>\n<p class=\" wall-content\">Toujours tr\u00e8s active, \u00c9milienne ne manque jamais sa marche quotidienne \u2013 environ 8 kilom\u00e8tres \u2013 qu\u2019elle consid\u00e8re comme essentielle.<\/p>\n<p>\u00ab\u2009Elle demande \u00e0 marcher tous les jours\u2009\u00bb<\/p>\n<p class=\" wall-content\">\u00ab\u2009Elle ne peut pas s\u2019en passer, elle demande \u00e0 marcher tous les jours\u2009\u00bb, confie sa famille.<\/p>\n<p class=\" wall-content\">Tr\u00e8s entour\u00e9e et aimant la compagnie, elle vit encore chez elle, heureuse de participer aux grands rassemblements familiaux.<\/p>\n<p class=\" wall-content\">La derni\u00e8re venue, <b>Anna,<\/b> est n\u00e9e le 19\u00a0f\u00e9vrier 2025. Elle est la fille d\u2019Emma (n\u00e9e en 2001), la petite-fille de C\u00e9cilia (n\u00e9e en 1979), et l\u2019arri\u00e8re-petite-fille d\u2019\u00c9velyne (n\u00e9e en 1958).<\/p>\n<blockquote class=\"ac-article-quote wall-content\">\n<p>Je ne m\u2019attendais pas \u00e0 \u00eatre la premi\u00e8re arri\u00e8re-grand-m\u00e8re, avec tous les enfants qu\u2019on est\u2009!<\/p>\n<p>\u00c9velyne<\/p><\/blockquote>\n<p class=\" wall-content\">Quant \u00e0 C\u00e9cilia, elle ajoute\u2009: \u00ab\u2009Avec tout ce que m\u00e9m\u00e9 a v\u00e9cu, nous sommes tr\u00e8s fi\u00e8res d\u2019elle. C\u2019est une femme forte.\u2009\u00bb<\/p>\n<p class=\" wall-content\">Suivez toute l\u2019actualit\u00e9 de vos villes et m\u00e9dias favoris en vous inscrivant \u00e0 <a href=\"https:\/\/moncompte.actu.fr\" title=\"D\u00e9couvez Mon Actu\" rel=\"nofollow noopener\" data-trk=\"{&quot;cta&quot;:{&quot;action&quot;:&quot;https:\\\/\\\/moncompte.actu.fr&quot;,&quot;category&quot;:&quot;mon compte&quot;,&quot;from&quot;:&quot;article footer&quot;,&quot;name&quot;:&quot;Mon actu&quot;,&quot;type&quot;:&quot;cta&quot;}}\" target=\"_blank\">Mon Actu<\/a>.<\/p>\n","protected":false},"excerpt":{"rendered":"Par R\u00e9daction Vitr\u00e9 Publi\u00e9 le 19 mai 2025 \u00e0 17h45 Une belle histoire de transmission familiale se vit&hellip;\n","protected":false},"author":2,"featured_media":114312,"comment_status":"","ping_status":"","sticky":false,"template":"","format":"standard","meta":{"footnotes":""},"categories":[2821],"tags":[1111,11,829,1777,674,652,1011,27,12,584,25,104],"class_list":{"0":"post-114311","1":"post","2":"type-post","3":"status-publish","4":"format-standard","5":"has-post-thumbnail","7":"category-rennes","8":"tag-actu","9":"tag-actualites","10":"tag-bretagne","11":"tag-eu","12":"tag-europe","13":"tag-famille","14":"tag-fr","15":"tag-france","16":"tag-news","17":"tag-rennes","18":"tag-republique-francaise","19":"tag-societe"},"share_on_mastodon":{"url":"https:\/\/pubeurope.com\/@fr\/114540187773554777","error":""},"_links":{"self":[{"href":"https:\/\/www.europesays.com\/fr\/wp-json\/wp\/v2\/posts\/114311","targetHints":{"allow":["GET"]}}],"collection":[{"href":"https:\/\/www.europesays.com\/fr\/wp-json\/wp\/v2\/posts"}],"about":[{"href":"https:\/\/www.europesays.com\/fr\/wp-json\/wp\/v2\/types\/post"}],"author":[{"embeddable":true,"href":"https:\/\/www.europesays.com\/fr\/wp-json\/wp\/v2\/users\/2"}],"replies":[{"embeddable":true,"href":"https:\/\/www.europesays.com\/fr\/wp-json\/wp\/v2\/comments?post=114311"}],"version-history":[{"count":0,"href":"https:\/\/www.europesays.com\/fr\/wp-json\/wp\/v2\/posts\/114311\/revisions"}],"wp:featuredmedia":[{"embeddable":true,"href":"https:\/\/www.europesays.com\/fr\/wp-json\/wp\/v2\/media\/114312"}],"wp:attachment":[{"href":"https:\/\/www.europesays.com\/fr\/wp-json\/wp\/v2\/media?parent=114311"}],"wp:term":[{"taxonomy":"category","embeddable":true,"href":"https:\/\/www.europesays.com\/fr\/wp-json\/wp\/v2\/categories?post=114311"},{"taxonomy":"post_tag","embeddable":true,"href":"https:\/\/www.europesays.com\/fr\/wp-json\/wp\/v2\/tags?post=114311"}],"curies":[{"name":"wp","href":"https:\/\/api.w.org\/{rel}","templated":true}]}}