{"id":114317,"date":"2025-05-20T12:38:11","date_gmt":"2025-05-20T12:38:11","guid":{"rendered":"https:\/\/www.europesays.com\/fr\/114317\/"},"modified":"2025-05-20T12:38:11","modified_gmt":"2025-05-20T12:38:11","slug":"elisez-le-sigman-de-la-saison","status":"publish","type":"post","link":"https:\/\/www.europesays.com\/fr\/114317\/","title":{"rendered":"Elisez le SIGman de la saison !"},"content":{"rendered":"<p class=\"chapo\">Le week-end dernier, se jouait notre dernier match de la saison 2024-2025. Comme \u00e0 votre habitude, nous vous donnons la parole, \u00e0 vous, la SIGarmy, pour \u00e9lire votre SIGman de la saison\u00a0!<\/p>\n<p>Fid\u00e8les \u00e0 notre tradition, c\u2019est maintenant \u00e0 vous, SIGArmy, de d\u00e9signer le SIGman de la saison : celui ou celle qui a incarn\u00e9, match apr\u00e8s match, les valeurs et l\u2019esprit du SIG Strasbourg.<\/p>\n<p class=\"text-align-justify\">\u00a0<\/p>\n<p>Pour rappel le palmar\u00e8s de cette saison est\u00a0:<\/p>\n<p class=\"text-align-justify\">\u00a0<\/p>\n<ul>\n<li>\nOctobre 2024\u00a0: Brice Dessert\n<\/li>\n<li>\nNovembre 2024 : Vitalis Chikoko\n<\/li>\n<li>\nD\u00e9cembre 2024 : Jeff Roberson\n<\/li>\n<li>\nJanvier 2025\u00a0: JB Maille\n<\/li>\n<li>\nMars 2025 : Troy Caupain Jr\n<\/li>\n<li>\nAvril 2025 : Troy Caupain Jr<\/p>\n<p class=\"text-align-justify\">\u00a0<\/p>\n<\/li>\n<\/ul>\n<p>Vous avez jusqu&rsquo;au mardi 27 mai pour voter !<\/p>\n<p class=\"text-align-justify\">\u00a0<\/p>\n<p>Image<\/p>\n<p>  <img decoding=\"async\" loading=\"lazy\" src=\"https:\/\/www.europesays.com\/fr\/wp-content\/uploads\/2025\/05\/hess_intertitre2.jpg\" width=\"1300\" height=\"197\" alt=\"hess_intertitre2.jpg\" class=\"img-fluid image-style-max-1300x1300\"\/><\/p>\n<p>Image<\/p>\n<p>  <img decoding=\"async\" loading=\"lazy\" src=\"https:\/\/www.europesays.com\/fr\/wp-content\/uploads\/2025\/05\/stats SIGman de la saison.png\" width=\"939\" height=\"1300\" alt=\"stats_sigmandelasaison\" class=\"img-fluid image-style-max-1300x1300\"\/><\/p>\n","protected":false},"excerpt":{"rendered":"Le week-end dernier, se jouait notre dernier match de la saison 2024-2025. Comme \u00e0 votre habitude, nous vous&hellip;\n","protected":false},"author":2,"featured_media":114318,"comment_status":"","ping_status":"","sticky":false,"template":"","format":"standard","meta":{"footnotes":""},"categories":[2820],"tags":[1111,11,3146,1777,674,1011,27,775,3145,12,25,3144,640],"class_list":{"0":"post-114317","1":"post","2":"type-post","3":"status-publish","4":"format-standard","5":"has-post-thumbnail","7":"category-strasbourg","8":"tag-actu","9":"tag-actualites","10":"tag-betclic-elite","11":"tag-eu","12":"tag-europe","13":"tag-fr","14":"tag-france","15":"tag-grand-est","16":"tag-lnb","17":"tag-news","18":"tag-republique-francaise","19":"tag-sig","20":"tag-strasbourg"},"share_on_mastodon":{"url":"https:\/\/pubeurope.com\/@fr\/114540203763826192","error":""},"_links":{"self":[{"href":"https:\/\/www.europesays.com\/fr\/wp-json\/wp\/v2\/posts\/114317","targetHints":{"allow":["GET"]}}],"collection":[{"href":"https:\/\/www.europesays.com\/fr\/wp-json\/wp\/v2\/posts"}],"about":[{"href":"https:\/\/www.europesays.com\/fr\/wp-json\/wp\/v2\/types\/post"}],"author":[{"embeddable":true,"href":"https:\/\/www.europesays.com\/fr\/wp-json\/wp\/v2\/users\/2"}],"replies":[{"embeddable":true,"href":"https:\/\/www.europesays.com\/fr\/wp-json\/wp\/v2\/comments?post=114317"}],"version-history":[{"count":0,"href":"https:\/\/www.europesays.com\/fr\/wp-json\/wp\/v2\/posts\/114317\/revisions"}],"wp:featuredmedia":[{"embeddable":true,"href":"https:\/\/www.europesays.com\/fr\/wp-json\/wp\/v2\/media\/114318"}],"wp:attachment":[{"href":"https:\/\/www.europesays.com\/fr\/wp-json\/wp\/v2\/media?parent=114317"}],"wp:term":[{"taxonomy":"category","embeddable":true,"href":"https:\/\/www.europesays.com\/fr\/wp-json\/wp\/v2\/categories?post=114317"},{"taxonomy":"post_tag","embeddable":true,"href":"https:\/\/www.europesays.com\/fr\/wp-json\/wp\/v2\/tags?post=114317"}],"curies":[{"name":"wp","href":"https:\/\/api.w.org\/{rel}","templated":true}]}}