{"id":1143218,"date":"2026-08-23T00:32:18","date_gmt":"2026-08-23T00:32:18","guid":{"rendered":"https:\/\/www.europesays.com\/fr\/1143218\/"},"modified":"2026-08-23T00:32:18","modified_gmt":"2026-08-23T00:32:18","slug":"ligue-2-luc-holtz-apres-le-nul-du-fc-metz-face-a-laval-on-a-juste-oublie-de-mettre-le-but","status":"publish","type":"post","link":"https:\/\/www.europesays.com\/fr\/1143218\/","title":{"rendered":"Ligue 2. Luc Holtz apr\u00e8s le nul du FC Metz face \u00e0 Laval : \u00ab\u00a0On a juste oubli\u00e9 de mettre le but\u00a0\u00bb"},"content":{"rendered":"<p><strong>Le coach de Laval estime que ce 1-1 est \u00ab\u00a0mieux pay\u00e9 pour le FC Metz\u00a0\u00bb. Qu\u2019en pensez-vous, <a href=\"https:\/\/www.republicain-lorrain.fr\/p\/luc-holtz\" target=\"_blank\" rel=\"nofollow noopener\">Luc Holtz<\/a>\u00a0?<\/strong><\/p>\n<p>\u00ab\u00a0Je ne partage pas. Je trouve qu\u2019 <a href=\"https:\/\/www.republicain-lorrain.fr\/sport\/2026\/08\/22\/fc-metz-laval-suivez-en-direct-la-troisieme-rencontre-de-championnat-des-grenats\" target=\"_blank\" rel=\"nofollow noopener\">on a fait une premi\u00e8re mi-temps correcte<\/a> , mais on a juste oubli\u00e9 de mettre le but. C\u2019\u00e9tait un peu \u00e0 l\u2019image du match contre Guingamp (2-1) , on a baiss\u00e9 un peu en intensit\u00e9 et on a \u00e9t\u00e9 puni pour \u00e7a. Laval nous a ensuite mis le but sur penalty, on a mis un petit moment pour revenir. On a eu des opportunit\u00e9s pour \u00e9galiser et je voulais gagner le match, mais \u00e0 partir du moment o\u00f9 Idris (Mohamed) a \u00e9t\u00e9 expuls\u00e9, la premi\u00e8re chose qui comptait c\u2019\u00e9tait de garder le match nul, m\u00eame si on aurait encore pu faire quelque chose sur certaines situations.\u00a0\u00bb<\/p>\n<p><strong>Quelles sont les satisfactions aujourd\u2019hui\u00a0?<\/strong><\/p>\n<p>\u00ab\u00a0Au niveau individuel, je pense que Jahyann Pandore a fait un tr\u00e8s bon match. <a href=\"https:\/\/www.republicain-lorrain.fr\/videos\/teji-sanavier-apres-le-nul-du-fc-metz-face-a-laval-des-regrets-mais-tres-content-d-avoir-retrouve-les-terrains-3k0vl3r\" target=\"_blank\" rel=\"nofollow noopener\">Les entr\u00e9es de Nampa (Mendy) et T\u00e9ji (Savanier)  ont aussi \u00e9t\u00e9 b\u00e9n\u00e9fiques \u00e0 l\u2019\u00e9quipe<\/a>. C\u2019est ce que l\u2019exp\u00e9rience peut faire. Il y avait une autre ma\u00eetrise, une qualit\u00e9 de pied qui nous a fait du bien. D\u00e9fensivement, je ne pense pas qu\u2019on a laiss\u00e9 trop d\u2019opportunit\u00e9s, puisqu\u2019on prend deux buts sur phases arr\u00eat\u00e9es cette saison. On est solide, mais offensivement, on doit encore s\u2019am\u00e9liorer. On a beaucoup de situations dans les vingt derniers m\u00e8tres et on doit \u00eatre beaucoup plus efficace.\u00a0\u00bb<\/p>\n<p>Ce contenu est bloqu\u00e9 car vous n&rsquo;avez pas accept\u00e9 les cookies et autres traceurs.<\/p>\n<p>En cliquant sur \u00ab J\u2019accepte \u00bb, les cookies et autres traceurs seront d\u00e9pos\u00e9s et vous pourrez visualiser les contenus  (<a href=\"\" class=\"consentModule_policy\" target=\"_blank\" title=\"Consulter la politique de protection des donn\u00e9es du fournisseur\">plus d&rsquo;informations<\/a>).<\/p>\n<p>En cliquant sur \u00ab J\u2019accepte tous les cookies \u00bb, vous autorisez des d\u00e9p\u00f4ts de cookies et autres traceurs pour le stockage de vos donn\u00e9es sur nos sites et applications \u00e0 des fins de personnalisation et de ciblage publicitaire.<\/p>\n<p class=\"consentModule_secondaryText\">Vous gardez la possibilit\u00e9 de retirer votre consentement \u00e0 tout moment en consultant notre <a href=\"https:\/\/www.republicain-lorrain.fr\/protection-des-donnees\" target=\"_blank\" title=\"Consulter notre politique de protection des donn\u00e9es\" rel=\"nofollow noopener\">politique de protection des donn\u00e9es<\/a>. <br \/>&#13;<br \/>\n            <a href=\"https:\/\/www.republicain-lorrain.fr\/sport\/2026\/08\/22\/javascript:Didomi.notice.show()\" class=\"consentModule_cmp\" rel=\"nofollow noopener\" target=\"_blank\">G\u00e9rer mes choix<\/a>&#13;\n        <\/p>\n<p>&#13;<br \/>\n                        J&rsquo;accepte&#13;<br \/>\n            J&rsquo;accepte tous les cookies&#13;\n        <\/p>\n<p>  \u00ab\u00a0T\u00e9ji voit des angles de jeu que d\u2019autres ne voient pas\u00a0\u00bb<\/p>\n<p><strong>D\u00e9cisif d\u2019entr\u00e9e de jeu\u00a0: T\u00e9ji Savanier a r\u00e9ussi les pr\u00e9sentations, non\u00a0?<\/strong><\/p>\n<p>\u00ab\u00a0Il n\u2019y a pas que cette passe. Il voit des angles de jeu que d\u2019autres ne voient pas, il a une qualit\u00e9 de pied que je n\u2019ai pas besoin d\u2019expliquer. Sa ma\u00eetrise technique en phase de possession est diff\u00e9rente. Nos jeunes joueurs ont beaucoup de talent mais la maturit\u00e9, tu ne l\u2019as qu\u2019\u00e0 partir d\u2019un certain \u00e2ge pour faire les bons choix.\u00a0\u00bb<\/p>\n<p><strong>Peut-il r\u00e9soudre vos probl\u00e8mes de finition par ses qualit\u00e9s de passe\u00a0?<\/strong><\/p>\n<p>\u00ab\u00a0Dans les derni\u00e8res passes, les derniers centres, on n\u2019\u00e9tait pas bon jusqu\u2019ici. On a \u00e9t\u00e9 meilleur contre Laval, on a eu beaucoup plus de situations. Il faut juste que la balle entre\u00a0! On doit d\u00e9j\u00e0 mener au score apr\u00e8s deux minutes. Ce qui m\u2019inqui\u00e9terait, c\u2019est si on n\u2019avait pas ces situations. Bien s\u00fbr, faudra encore travailler la semaine prochaine dans le dernier tiers pour \u00eatre plus efficace. Bien s\u00fbr, tu es plus pr\u00e9cis quand tu es mature que tu as de l\u2019exp\u00e9rience. Quand tu es jeune, souvent, tu es encore impr\u00e9cis. Mais il faut aussi laisser le temps de performer \u00e0 nos jeunes joueurs. La r\u00e9ussite viendra.\u00a0\u00bb<\/p>\n<p><strong>Vous terminez ce match \u00e0 dix et perdez Idris Mohamed qui sera suspendu apr\u00e8s son expulsion\u2026<\/strong><\/p>\n<p>\u00ab\u00a0Idris n\u2019aurait pas d\u00fb jouer ce duel en sachant qu\u2019il avait d\u00e9j\u00e0 un carton jaune et provoqu\u00e9 un penalty. Normalement, il faut \u00eatre plus lucide dans l\u2019intervention, mais lui aussi est un jeune joueur qui vient d\u2019arriver et il sait qu\u2019il ne doit pas faire ce geste.\u00a0\u00bb<\/p>\n<p><strong>David Vignes, entra\u00eeneur de Laval\u00a0<\/strong>: \u00ab\u00a0Je retiens d\u2019abord la frustration. Alors, \u00e9videmment, si on nous avait dit en d\u00e9but de saison que l\u2019on prendrait un point ici, on aurait \u00e9t\u00e9 content, mais le sc\u00e9nario et la fa\u00e7on dont on prend le but (de l\u2019\u00e9galisation) me laissent des regrets. Il part d\u2019une erreur de jeunesse. On savait aussi que Savanier risquait de faire parler son pied quand il serait sur le terrain et \u00e7a n\u2019a pas loup\u00e9. Bon, cela reste notre meilleur match cette saison, parce que c\u2019\u00e9tait ici aussi, contre une belle \u00e9quipe, un client, mais au final, je pense que le 1-1 est mieux pay\u00e9 pour Metz que pour nous. Et ma satisfaction, c\u2019est d\u2019avoir vu un match avec beaucoup de personnalit\u00e9 et d\u2019ambition \u00bb.<\/p>\n","protected":false},"excerpt":{"rendered":"Le coach de Laval estime que ce 1-1 est \u00ab\u00a0mieux pay\u00e9 pour le FC Metz\u00a0\u00bb. Qu\u2019en pensez-vous, Luc&hellip;\n","protected":false},"author":2,"featured_media":1143219,"comment_status":"","ping_status":"","sticky":false,"template":"","format":"standard","meta":{"footnotes":"","_share_on_mastodon":"0"},"categories":[1410],"tags":[5598,8113,107,1701,63,1011,27,6212,6213,5599,8112,517,1700,60],"class_list":["post-1143218","post","type-post","status-publish","format-standard","has-post-thumbnail","category-football","tag-edition-metz-et-agglomeration","tag-fc-metz","tag-fil-info","tag-fil-info-sport","tag-football","tag-fr","tag-france","tag-metz","tag-metz-ville-57b","tag-moselle","tag-moselle-est","tag-sport","tag-sport-lorrain","tag-sports"],"share_on_mastodon":{"url":"https:\/\/pubeurope.com\/@fr\/117142011947463634","error":""},"_links":{"self":[{"href":"https:\/\/www.europesays.com\/fr\/wp-json\/wp\/v2\/posts\/1143218","targetHints":{"allow":["GET"]}}],"collection":[{"href":"https:\/\/www.europesays.com\/fr\/wp-json\/wp\/v2\/posts"}],"about":[{"href":"https:\/\/www.europesays.com\/fr\/wp-json\/wp\/v2\/types\/post"}],"author":[{"embeddable":true,"href":"https:\/\/www.europesays.com\/fr\/wp-json\/wp\/v2\/users\/2"}],"replies":[{"embeddable":true,"href":"https:\/\/www.europesays.com\/fr\/wp-json\/wp\/v2\/comments?post=1143218"}],"version-history":[{"count":0,"href":"https:\/\/www.europesays.com\/fr\/wp-json\/wp\/v2\/posts\/1143218\/revisions"}],"wp:featuredmedia":[{"embeddable":true,"href":"https:\/\/www.europesays.com\/fr\/wp-json\/wp\/v2\/media\/1143219"}],"wp:attachment":[{"href":"https:\/\/www.europesays.com\/fr\/wp-json\/wp\/v2\/media?parent=1143218"}],"wp:term":[{"taxonomy":"category","embeddable":true,"href":"https:\/\/www.europesays.com\/fr\/wp-json\/wp\/v2\/categories?post=1143218"},{"taxonomy":"post_tag","embeddable":true,"href":"https:\/\/www.europesays.com\/fr\/wp-json\/wp\/v2\/tags?post=1143218"}],"curies":[{"name":"wp","href":"https:\/\/api.w.org\/{rel}","templated":true}]}}