{"id":114323,"date":"2025-05-20T12:41:17","date_gmt":"2025-05-20T12:41:17","guid":{"rendered":"https:\/\/www.europesays.com\/fr\/114323\/"},"modified":"2025-05-20T12:41:17","modified_gmt":"2025-05-20T12:41:17","slug":"un-concept-store-pour-cheveux-afro-et-autres","status":"publish","type":"post","link":"https:\/\/www.europesays.com\/fr\/114323\/","title":{"rendered":"Un concept store pour cheveux afro et autres"},"content":{"rendered":"<p>Le magasin Brooklyn Hair Shop d\u00e9j\u00e0 bien connu des clients au 36, route de Vannes a d\u00e9m\u00e9nag\u00e9 r\u00e9cemment au 66 en lieu et place des Porcelaines Samie (d\u00e9sormais situ\u00e9 au 46).<\/p>\n<p>Des produits capillaires et corporels pour les cheveux cr\u00e9pus mais pas seulement\u00a0<\/p>\n<p>Deuxi\u00e8me magasin du couple avec celui du centre-ville et dans une surface de vente r\u00e9invent\u00e9e, le couple Mpassi propose des produits capillaires et corporels pour les cheveux cr\u00e9pus mais pas seulement\u00a0cat tous les types de cheveux et tous les \u00e2ges sont les bienvenus.<\/p>\n<p>La gamme propos\u00e9e est plus large avec un espace plus a\u00e9r\u00e9. Les clients peuvent \u00e9galement se faire coiffer sur place en prenant rendez-vous sur le site Planity.<\/p>\n<p>Brooklyn Hair Shop, 66, route de Vannes. Ouvert du lundi au samedi de 10\u00a0h \u00e0 19\u00a0h. 02\u00a028\u00a007\u00a086\u00a087. \u00c0 suivre aussi sur les r\u00e9seaux sociaux.<\/p>\n<p>\u00a0<\/p>\n","protected":false},"excerpt":{"rendered":"Le magasin Brooklyn Hair Shop d\u00e9j\u00e0 bien connu des clients au 36, route de Vannes a d\u00e9m\u00e9nag\u00e9 r\u00e9cemment&hellip;\n","protected":false},"author":2,"featured_media":114324,"comment_status":"","ping_status":"","sticky":false,"template":"","format":"standard","meta":{"footnotes":""},"categories":[2818],"tags":[1111,11,23425,11288,16636,1777,674,1011,27,766,12,2636,25,23424],"class_list":{"0":"post-114323","1":"post","2":"type-post","3":"status-publish","4":"format-standard","5":"has-post-thumbnail","7":"category-nantes","8":"tag-actu","9":"tag-actualites","10":"tag-afro","11":"tag-cheveux","12":"tag-concept","13":"tag-eu","14":"tag-europe","15":"tag-fr","16":"tag-france","17":"tag-nantes","18":"tag-news","19":"tag-pays-de-la-loire","20":"tag-republique-francaise","21":"tag-store"},"share_on_mastodon":{"url":"https:\/\/pubeurope.com\/@fr\/114540215279601837","error":""},"_links":{"self":[{"href":"https:\/\/www.europesays.com\/fr\/wp-json\/wp\/v2\/posts\/114323","targetHints":{"allow":["GET"]}}],"collection":[{"href":"https:\/\/www.europesays.com\/fr\/wp-json\/wp\/v2\/posts"}],"about":[{"href":"https:\/\/www.europesays.com\/fr\/wp-json\/wp\/v2\/types\/post"}],"author":[{"embeddable":true,"href":"https:\/\/www.europesays.com\/fr\/wp-json\/wp\/v2\/users\/2"}],"replies":[{"embeddable":true,"href":"https:\/\/www.europesays.com\/fr\/wp-json\/wp\/v2\/comments?post=114323"}],"version-history":[{"count":0,"href":"https:\/\/www.europesays.com\/fr\/wp-json\/wp\/v2\/posts\/114323\/revisions"}],"wp:featuredmedia":[{"embeddable":true,"href":"https:\/\/www.europesays.com\/fr\/wp-json\/wp\/v2\/media\/114324"}],"wp:attachment":[{"href":"https:\/\/www.europesays.com\/fr\/wp-json\/wp\/v2\/media?parent=114323"}],"wp:term":[{"taxonomy":"category","embeddable":true,"href":"https:\/\/www.europesays.com\/fr\/wp-json\/wp\/v2\/categories?post=114323"},{"taxonomy":"post_tag","embeddable":true,"href":"https:\/\/www.europesays.com\/fr\/wp-json\/wp\/v2\/tags?post=114323"}],"curies":[{"name":"wp","href":"https:\/\/api.w.org\/{rel}","templated":true}]}}