{"id":114325,"date":"2025-05-20T12:42:09","date_gmt":"2025-05-20T12:42:09","guid":{"rendered":"https:\/\/www.europesays.com\/fr\/114325\/"},"modified":"2025-05-20T12:42:09","modified_gmt":"2025-05-20T12:42:09","slug":"ivre-un-homme-chute-du-3e-etage-dun-logement-airbnb","status":"publish","type":"post","link":"https:\/\/www.europesays.com\/fr\/114325\/","title":{"rendered":"ivre, un homme chute du 3e \u00e9tage d\u2019un logement Airbnb"},"content":{"rendered":"<p>Un trentenaire serait tomb\u00e9 d\u2019un balcon en allant fumer une cigarette \u00e0 la fin d\u2019une soir\u00e9e alcoolis\u00e9e, lors d\u2019un d\u00e9placement professionnel. Son coll\u00e8gue a \u00e9t\u00e9 plac\u00e9 en garde \u00e0 vue. La piste accidentelle reste cependant privil\u00e9gi\u00e9e.<\/p>\n<p class=\"fig-paragraph\">Un homme inconscient a \u00e9t\u00e9 pris en charge par les sapeurs-pompiers,\u00a0<a href=\"https:\/\/www.lefigaro.fr\/nantes\" target=\"_blank\" data-fig-type=\"Section\" rel=\"noopener\" data-gtm-custom-categorie=\"navigation\" data-gtm-custom-action=\"crossclick\" data-gtm-custom-label=\"Contextuel\" data-gtm-event=\"customEventSPE\" data-fig-domain=\"LEFIGARO\">\u00e0 Nantes<\/a>\u00a0(Loire-Atlantique), apr\u00e8s avoir chut\u00e9 du troisi\u00e8me \u00e9tage d\u2019un immeuble, vers minuit, dans la nuit du lundi 19 au mardi 20 mai. \u00c2g\u00e9e de 33 ans, la victime a \u00e9t\u00e9 transport\u00e9e dans un \u00e9tat d\u2019urgence absolu au\u00a0<a href=\"http:\/\/www.lefigaro.fr\/nantes\/nantes-un-second-blesse-par-balles-admis-au-chu-en-une-semaine-20250307\" target=\"_blank\" data-fig-type=\"NewsFlash\" rel=\"noopener\" data-gtm-custom-categorie=\"navigation\" data-gtm-custom-action=\"crossclick\" data-gtm-custom-label=\"Contextuel\" data-gtm-event=\"customEventSPE\" data-fig-domain=\"LEFIGARO\">CHU de Nantes<\/a>.<\/p>\n<p class=\"fig-paragraph\">L\u2019accident s\u2019est d\u00e9roul\u00e9 rue L\u00e9on Jamin, dans le centre de l\u2019agglom\u00e9ration. Un second individu, \u00e2g\u00e9 de 35 ans, se trouvait \u00e0 l\u2019int\u00e9rieur du logement occup\u00e9 par la victime au moment des faits. Une location meubl\u00e9e touristique, l\u2019appartement avait \u00e9t\u00e9 r\u00e9serv\u00e9 par les deux hommes dans le cadre d\u2019un d\u00e9placement professionnel, pour une formation dans la cit\u00e9 des ducs.<\/p>\n<p>Deux grammes d\u2019alcool<\/p>\n<p class=\"fig-paragraph\">Les deux coll\u00e8gues se trouvaient cette nuit dans un \u00e9tat avanc\u00e9 d\u2019\u00e9bri\u00e9t\u00e9, apr\u00e8s avoir pass\u00e9 une soir\u00e9e festive dans plusieurs bars, indique une source polici\u00e8re nantaise, qui ajoute que les consommations d\u2019alcool se seraient poursuivies au retour des deux hommes dans l\u2019appartement. La victime serait tomb\u00e9e apr\u00e8s avoir cherch\u00e9 \u00e0 fumer une cigarette au balcon. Celui-ci se trouve \u00e0 environ dix m\u00e8tres du niveau de la rue.<\/p>\n<p class=\"fig-paragraph\">Mardi matin, le pronostic vital de la victime se trouvait encore fortement engag\u00e9. Contr\u00f4l\u00e9 avec deux grammes d\u2019alcool par litre de sang, son coll\u00e8gue a \u00e9t\u00e9 plac\u00e9 en garde \u00e0 vue pour \u00abtentative d\u2019homicide\u00bb, comme le veut la proc\u00e9dure. \u00c0 ce stade, la piste accidentelle reste cependant privil\u00e9gi\u00e9e par les enqu\u00eateurs, avance le commissariat central de Nantes.<\/p>\n","protected":false},"excerpt":{"rendered":"Un trentenaire serait tomb\u00e9 d\u2019un balcon en allant fumer une cigarette \u00e0 la fin d\u2019une soir\u00e9e alcoolis\u00e9e, lors&hellip;\n","protected":false},"author":2,"featured_media":114326,"comment_status":"","ping_status":"","sticky":false,"template":"","format":"standard","meta":{"footnotes":""},"categories":[2818],"tags":[119,1111,11,1777,674,462,1011,27,2640,2642,766,2638,2643,2637,2639,2646,2645,2641,2635,2644,2647,12,2636,25],"class_list":{"0":"post-114325","1":"post","2":"type-post","3":"status-publish","4":"format-standard","5":"has-post-thumbnail","7":"category-nantes","8":"tag-accident","9":"tag-actu","10":"tag-actualites","11":"tag-eu","12":"tag-europe","13":"tag-fc-nantes","14":"tag-fr","15":"tag-france","16":"tag-hauts-paves-saint-felix","17":"tag-ile-de-nantes","18":"tag-nantes","19":"tag-nantes-bellevue-chantenay-sainte-anne","20":"tag-nantes-breil-barberie","21":"tag-nantes-centre-ville","22":"tag-nantes-dervallieres-zola","23":"tag-nantes-doulon-bottiere","24":"tag-nantes-erdre","25":"tag-nantes-malakoff-saint-donatien","26":"tag-nantes-metropole","27":"tag-nantes-nord","28":"tag-nantes-sud","29":"tag-news","30":"tag-pays-de-la-loire","31":"tag-republique-francaise"},"share_on_mastodon":{"url":"https:\/\/pubeurope.com\/@fr\/114540219364314132","error":""},"_links":{"self":[{"href":"https:\/\/www.europesays.com\/fr\/wp-json\/wp\/v2\/posts\/114325","targetHints":{"allow":["GET"]}}],"collection":[{"href":"https:\/\/www.europesays.com\/fr\/wp-json\/wp\/v2\/posts"}],"about":[{"href":"https:\/\/www.europesays.com\/fr\/wp-json\/wp\/v2\/types\/post"}],"author":[{"embeddable":true,"href":"https:\/\/www.europesays.com\/fr\/wp-json\/wp\/v2\/users\/2"}],"replies":[{"embeddable":true,"href":"https:\/\/www.europesays.com\/fr\/wp-json\/wp\/v2\/comments?post=114325"}],"version-history":[{"count":0,"href":"https:\/\/www.europesays.com\/fr\/wp-json\/wp\/v2\/posts\/114325\/revisions"}],"wp:featuredmedia":[{"embeddable":true,"href":"https:\/\/www.europesays.com\/fr\/wp-json\/wp\/v2\/media\/114326"}],"wp:attachment":[{"href":"https:\/\/www.europesays.com\/fr\/wp-json\/wp\/v2\/media?parent=114325"}],"wp:term":[{"taxonomy":"category","embeddable":true,"href":"https:\/\/www.europesays.com\/fr\/wp-json\/wp\/v2\/categories?post=114325"},{"taxonomy":"post_tag","embeddable":true,"href":"https:\/\/www.europesays.com\/fr\/wp-json\/wp\/v2\/tags?post=114325"}],"curies":[{"name":"wp","href":"https:\/\/api.w.org\/{rel}","templated":true}]}}