{"id":114333,"date":"2025-05-20T12:46:11","date_gmt":"2025-05-20T12:46:11","guid":{"rendered":"https:\/\/www.europesays.com\/fr\/114333\/"},"modified":"2025-05-20T12:46:11","modified_gmt":"2025-05-20T12:46:11","slug":"apres-lorage-devastateur-au-sud-de-toulouse-de-nombreuses-ecoles-restent-fermees-voici-lesquelles","status":"publish","type":"post","link":"https:\/\/www.europesays.com\/fr\/114333\/","title":{"rendered":"Apr\u00e8s l&rsquo;orage d\u00e9vastateur au sud de Toulouse, de nombreuses \u00e9coles restent ferm\u00e9es : voici lesquelles"},"content":{"rendered":"<p>            Par<br \/>\n        <strong><br \/>\n            <a href=\"https:\/\/actu.fr\/auteur\/mareva-laville-actu-fr\" title=\"Consulter tous les articles de Mar\u00e9va Laville\" target=\"_blank\" rel=\"noopener\">Mar\u00e9va Laville<\/a><br \/>\n        <\/strong><\/p>\n<p>        Publi\u00e9 le<\/p>\n<p>            20 mai 2025 \u00e0 14h26        <\/p>\n<p><a href=\"https:\/\/actu.fr\/occitanie\/toulouse_31555\/un-orage-supercellulaire-touche-le-sud-ouest-de-toulouse-des-grelons-de-6-a-7-centimetres_62656841.html\" target=\"_blank\" rel=\"noopener\">Le violent orage qui a frapp\u00e9 la r\u00e9gion de Toulouse<\/a> et notamment le sud-ouest de la Ville rose, a provoqu\u00e9 <a href=\"https:\/\/actu.fr\/occitanie\/le-fauga_31181\/cette-grele-a-tout-lamine-tout-hache-au-sud-ouest-de-toulouse-cette-pepiniere-a-tout-perdu_62660153.html\" target=\"_blank\" rel=\"noopener\">de nombreux d\u00e9g\u00e2ts, <\/a>lundi 19\u00a0mai 2025.\u00a0Et particuli\u00e8rement dans les <strong>\u00e9tablissements scolaires<\/strong> du secteur, qui ont d\u00fb \u00eatre \u00e9vacu\u00e9s en urgence pendant les intemp\u00e9ries. Sols gorg\u00e9s d\u2019eau et plafonds fractur\u00e9s sous son poids\u2026 Comme <a href=\"https:\/\/actu.fr\/occitanie\/pins-justaret_31421\/video-gros-degats-apres-l-orage-dans-un-college-au-sud-de-toulouse-les-eleves-evacues-l-ecole-fermee_62658251.html\" target=\"_blank\" rel=\"noopener\">en t\u00e9moignaient des vid\u00e9os transmises \u00e0 Actu Toulouse<\/a> depuis le coll\u00e8ge de Pins-Justaret, l\u2019un des sites sinistr\u00e9s. Depuis, cette \u00e9cole, comme bien d\u2019autres, sont <strong>ferm\u00e9es le temps des travaux<\/strong>. On fait le point.<\/p>\n<p>Les \u00e9coles ferm\u00e9es \u00e0 Toulouse et ses alentours<\/p>\n<p class=\" wall-content\">D\u2019apr\u00e8s un bilan du Rectorat de l\u2019acad\u00e9mie Toulouse, voici les \u00e9coles encore ferm\u00e9es ce mardi 20\u00a0mai 2025\u2009:<\/p>\n<ul class=\" wall-content\">\n<li>Le groupe scolaire Jean Jaur\u00e8s de Pins-Justaret<\/li>\n<li>Le coll\u00e8ge et le lyc\u00e9e de Pins-Justaret<\/li>\n<li>L\u2019\u00e9cole primaire de Le Fauga<\/li>\n<li>Le groupe scolaire de Lacroix Falgardre<\/li>\n<li>L\u2019\u00e9cole primaire de Longages<\/li>\n<li>L\u2019\u00e9cole maternelle et l\u2019\u00e9cole \u00e9l\u00e9mentaire de Cintegabelle<\/li>\n<li>L\u2019\u00e9cole maternelle Guillaumet de Toulouse<\/li>\n<li>L\u2019\u00e9cole maternelle de Montaudran \u00e0 Toulouse<\/li>\n<\/ul>\n<p>Le coll\u00e8ge de Pins-Justaret demeure ferm\u00e9, le lyc\u00e9e rouvrira<\/p>\n<p class=\" wall-content\">Selon nos derni\u00e8res informations, le <strong>coll\u00e8ge de Pins-Justaret<\/strong>, dont les salles de classe et couloir ont \u00e9t\u00e9 perfor\u00e9es par les intemp\u00e9ries, restera<strong> ferm\u00e9 jusqu\u2019\u00e0 la fin de la semaine<\/strong> \u00ab\u2009pour permettre une inspection g\u00e9n\u00e9rale des installations\u2009\u00bb, a indiqu\u00e9 le Conseil d\u00e9partemental. Hier, un technicien s\u2019\u00e9tait rendu sur place pour constater l\u2019ampleur des d\u00e9g\u00e2ts, notamment sur le r\u00e9seau \u00e9lectrique. Des entreprises ont pris son relais ce mardi.<\/p>\n<p class=\" wall-content\">Le lyc\u00e9e <strong>Jean-Pierre Vernant de Pins-Justaret,<\/strong> lui aussi \u00e9vacu\u00e9 hier, dresse un bilan peu heureux. \u00ab\u2009Des travaux vont \u00eatre r\u00e9alis\u00e9s dans les meilleurs d\u00e9lais suite aux <strong>d\u00e9g\u00e2ts sur les trappes de d\u00e9senfumage<\/strong> et des<strong> infiltrations d\u2019eau<\/strong> dans l\u2019\u00e9tablissement\u2009\u00bb, assure la R\u00e9gion. Au lendemain des orages, \u00ab\u2009des op\u00e9rations de nettoyage et de remise en route de la production de la restauration sont en cours pour accueillir les \u00e9l\u00e8ves demain\u2009\u00bb. Les lyc\u00e9ens pourront donc <strong>retrouver les bancs de l\u2019\u00e9cole ce mercredi 21\u00a0mai.<\/strong><\/p>\n<p>Vid\u00e9os : en ce moment sur ActuDeux coll\u00e8ges restent ouverts malgr\u00e9 les d\u00e9g\u00e2ts<\/p>\n<p class=\" wall-content\">Deux autres coll\u00e8ges situ\u00e9s au sud de Toulouse, dans le secteur de Carbonne, ont souffert du m\u00eame sort. Mais si les \u00e9tablissements d\u2019<strong>Aurignac <\/strong>et du <strong>Fousseret<\/strong> connaissent, eux aussi, des d\u00e9g\u00e2ts, <strong>ils restent ouverts.<\/strong> Dans le premier, <strong>quatre salles de classes ont \u00e9t\u00e9 inond\u00e9es<\/strong> tandis que dans le second, seul<strong> le hall a \u00e9t\u00e9 touch\u00e9.<\/strong><\/p>\n<p class=\" wall-content\">Suivez toute l\u2019actualit\u00e9 de vos villes et m\u00e9dias favoris en vous inscrivant \u00e0 <a href=\"https:\/\/moncompte.actu.fr\" title=\"D\u00e9couvez Mon Actu\" rel=\"nofollow noopener\" data-trk=\"{&quot;cta&quot;:{&quot;action&quot;:&quot;https:\\\/\\\/moncompte.actu.fr&quot;,&quot;category&quot;:&quot;mon compte&quot;,&quot;from&quot;:&quot;article footer&quot;,&quot;name&quot;:&quot;Mon actu&quot;,&quot;type&quot;:&quot;cta&quot;}}\" target=\"_blank\">Mon Actu<\/a>.<\/p>\n","protected":false},"excerpt":{"rendered":"Par Mar\u00e9va Laville Publi\u00e9 le 20 mai 2025 \u00e0 14h26 Le violent orage qui a frapp\u00e9 la r\u00e9gion&hellip;\n","protected":false},"author":2,"featured_media":114334,"comment_status":"","ping_status":"","sticky":false,"template":"","format":"standard","meta":{"footnotes":""},"categories":[2816],"tags":[1111,11,1777,674,1011,27,3059,2357,12,2680,4594,25,104,2312],"class_list":{"0":"post-114333","1":"post","2":"type-post","3":"status-publish","4":"format-standard","5":"has-post-thumbnail","7":"category-toulouse","8":"tag-actu","9":"tag-actualites","10":"tag-eu","11":"tag-europe","12":"tag-fr","13":"tag-france","14":"tag-intemperies","15":"tag-meteo-france","16":"tag-news","17":"tag-occitanie","18":"tag-orages","19":"tag-republique-francaise","20":"tag-societe","21":"tag-toulouse"},"share_on_mastodon":{"url":"https:\/\/pubeurope.com\/@fr\/114540235740739744","error":""},"_links":{"self":[{"href":"https:\/\/www.europesays.com\/fr\/wp-json\/wp\/v2\/posts\/114333","targetHints":{"allow":["GET"]}}],"collection":[{"href":"https:\/\/www.europesays.com\/fr\/wp-json\/wp\/v2\/posts"}],"about":[{"href":"https:\/\/www.europesays.com\/fr\/wp-json\/wp\/v2\/types\/post"}],"author":[{"embeddable":true,"href":"https:\/\/www.europesays.com\/fr\/wp-json\/wp\/v2\/users\/2"}],"replies":[{"embeddable":true,"href":"https:\/\/www.europesays.com\/fr\/wp-json\/wp\/v2\/comments?post=114333"}],"version-history":[{"count":0,"href":"https:\/\/www.europesays.com\/fr\/wp-json\/wp\/v2\/posts\/114333\/revisions"}],"wp:featuredmedia":[{"embeddable":true,"href":"https:\/\/www.europesays.com\/fr\/wp-json\/wp\/v2\/media\/114334"}],"wp:attachment":[{"href":"https:\/\/www.europesays.com\/fr\/wp-json\/wp\/v2\/media?parent=114333"}],"wp:term":[{"taxonomy":"category","embeddable":true,"href":"https:\/\/www.europesays.com\/fr\/wp-json\/wp\/v2\/categories?post=114333"},{"taxonomy":"post_tag","embeddable":true,"href":"https:\/\/www.europesays.com\/fr\/wp-json\/wp\/v2\/tags?post=114333"}],"curies":[{"name":"wp","href":"https:\/\/api.w.org\/{rel}","templated":true}]}}