{"id":114343,"date":"2025-05-20T12:51:09","date_gmt":"2025-05-20T12:51:09","guid":{"rendered":"https:\/\/www.europesays.com\/fr\/114343\/"},"modified":"2025-05-20T12:51:09","modified_gmt":"2025-05-20T12:51:09","slug":"economie-lyon-epicentre-de-la-nouvelle-generation-de-la-franchise-avec-franchise-connect-2","status":"publish","type":"post","link":"https:\/\/www.europesays.com\/fr\/114343\/","title":{"rendered":"\u00c9conomie. Lyon, \u00e9picentre de la nouvelle g\u00e9n\u00e9ration de la franchise avec Franchise Connect"},"content":{"rendered":"<p>La ville de Lyon accueillera jeudi 22 mai (1) un \u00e9v\u00e9nement dans le monde de la franchise. Baptis\u00e9 Franchise Connect, co-organis\u00e9 par Fiducial, et le Master ADRF (animation et d\u00e9veloppement de r\u00e9seaux de franchise), il marque, pour les organisateurs, une \u00e9tape importante pour la nouvelle g\u00e9n\u00e9ration de professionnels de la franchise.<\/p>\n<p>Franchise Connect a \u00e9t\u00e9 enti\u00e8rement con\u00e7u et mis en \u0153uvre par les \u00e9tudiants du Master ADRF, destin\u00e9 \u00e0 offrir une plateforme pour l&rsquo;\u00e9change et le r\u00e9seautage. Cette premi\u00e8re \u00e9dition devrait r\u00e9unir une soixantaine de personnes, comprenant des \u00e9tudiants actuels et anciens dipl\u00f4m\u00e9s, des repr\u00e9sentants d&rsquo;enseignes de franchise, des tuteurs d&rsquo;alternants, des enseignants et des membres de la F\u00e9d\u00e9ration Fran\u00e7aise de la Franchise.<\/p>\n<p>Une initiative imagin\u00e9e par les \u00e9tudiants<\/p>\n<p>L&rsquo;\u00e9v\u00e9nement est structur\u00e9 autour de plusieurs moments forts\u00a0: job dating pour permettre aux entreprises et aux \u00e9tudiants de se rencontrer et d\u00e9crocher un stage, une alternance ou un emploi. Et une table ronde qui permettra \u00e0 d&rsquo;anciens dipl\u00f4m\u00e9s de partager leurs parcours professionnels. Enfin, Christophe Fargier, fondateur de Ninkasi, pr\u00e9sentera son entreprise embl\u00e9matique de la franchise locale.<\/p>\n<p>Franchise Connect se positionne comme un \u00e9v\u00e9nement cl\u00e9 pour l&rsquo;avenir de la franchise \u00e0 Lyon et au-del\u00e0. En cr\u00e9ant un espace de rencontre entre les acteurs actuels et futurs de ce secteur, les promoteurs de l&rsquo;\u00e9v\u00e9nement souhaitent faciliter l&rsquo;\u00e9mergence de nouvelles id\u00e9es, de partenariats et de vocations.<\/p>\n<p>L&rsquo;implication des \u00e9tudiants du Master ADRF dans l&rsquo;organisation t\u00e9moigne de leur dynamisme et de leur engagement pour l&rsquo;avenir de la franchise.<\/p>\n<p class=\"note\">(1) Jeudi 22 mai \u00e0 partir de 17 h 30 \u2013 6, rue du Professeur Rollet \u2013 69 008 Lyon. Contact\u00a0: <a href=\"https:\/\/www.leprogres.fr\/economie\/2025\/05\/20\/mailto:masteradrfiaedelyon@gmail.com\" target=\"_blank\" rel=\"noopener\">masteradrfiaedelyon@gmail.com<\/a><\/p>\n","protected":false},"excerpt":{"rendered":"La ville de Lyon accueillera jeudi 22 mai (1) un \u00e9v\u00e9nement dans le monde de la franchise. Baptis\u00e9&hellip;\n","protected":false},"author":2,"featured_media":114213,"comment_status":"","ping_status":"","sticky":false,"template":"","format":"standard","meta":{"footnotes":""},"categories":[1889],"tags":[1111,11,2430,4406,33,1777,674,1011,27,2428,9743,12,25,2429],"class_list":{"0":"post-114343","1":"post","2":"type-post","3":"status-publish","4":"format-standard","5":"has-post-thumbnail","7":"category-lyon","8":"tag-actu","9":"tag-actualites","10":"tag-auvergne-rhone-alpes","11":"tag-commerce-et-services","12":"tag-economie","13":"tag-eu","14":"tag-europe","15":"tag-fr","16":"tag-france","17":"tag-lyon","18":"tag-lyon-8e-arrondissement","19":"tag-news","20":"tag-republique-francaise","21":"tag-rhone"},"share_on_mastodon":{"url":"https:\/\/pubeurope.com\/@fr\/114540254488731235","error":""},"_links":{"self":[{"href":"https:\/\/www.europesays.com\/fr\/wp-json\/wp\/v2\/posts\/114343","targetHints":{"allow":["GET"]}}],"collection":[{"href":"https:\/\/www.europesays.com\/fr\/wp-json\/wp\/v2\/posts"}],"about":[{"href":"https:\/\/www.europesays.com\/fr\/wp-json\/wp\/v2\/types\/post"}],"author":[{"embeddable":true,"href":"https:\/\/www.europesays.com\/fr\/wp-json\/wp\/v2\/users\/2"}],"replies":[{"embeddable":true,"href":"https:\/\/www.europesays.com\/fr\/wp-json\/wp\/v2\/comments?post=114343"}],"version-history":[{"count":0,"href":"https:\/\/www.europesays.com\/fr\/wp-json\/wp\/v2\/posts\/114343\/revisions"}],"wp:featuredmedia":[{"embeddable":true,"href":"https:\/\/www.europesays.com\/fr\/wp-json\/wp\/v2\/media\/114213"}],"wp:attachment":[{"href":"https:\/\/www.europesays.com\/fr\/wp-json\/wp\/v2\/media?parent=114343"}],"wp:term":[{"taxonomy":"category","embeddable":true,"href":"https:\/\/www.europesays.com\/fr\/wp-json\/wp\/v2\/categories?post=114343"},{"taxonomy":"post_tag","embeddable":true,"href":"https:\/\/www.europesays.com\/fr\/wp-json\/wp\/v2\/tags?post=114343"}],"curies":[{"name":"wp","href":"https:\/\/api.w.org\/{rel}","templated":true}]}}