{"id":114346,"date":"2025-05-20T12:54:09","date_gmt":"2025-05-20T12:54:09","guid":{"rendered":"https:\/\/www.europesays.com\/fr\/114346\/"},"modified":"2025-05-20T12:54:09","modified_gmt":"2025-05-20T12:54:09","slug":"immobilier-les-rues-les-plus-cheres-de-france-sont-a-paris-selon-seloger","status":"publish","type":"post","link":"https:\/\/www.europesays.com\/fr\/114346\/","title":{"rendered":"Immobilier : les rues les plus ch\u00e8res de France sont \u00e0 Paris selon SeLoger"},"content":{"rendered":"<p><img loading=\"lazy\" decoding=\"async\" alt=\"\u00a9 Shutterstock - La rue de Furstemberg est la plus ch\u00e8re de Paris et de France.\" data-zoom-src=\"https:\/\/www.europesays.com\/fr\/wp-content\/uploads\/2025\/05\/initial-rue-de-furstemberg.jpg\" data-zoomable=\"\" height=\"702\" src=\"https:\/\/www.europesays.com\/fr\/wp-content\/uploads\/2025\/05\/initial-rue-de-furstemberg.jpg\" width=\"1248\"\/>  <\/p>\n<p class=\"article-desc\">\u00a9 Shutterstock &#8211; La rue de Furstemberg est la plus ch\u00e8re de Paris et de France. <\/p>\n<p>Le m\u00e8tre carr\u00e9 parisien n\u2019en finit plus de <a href=\"https:\/\/mesinfos.fr\/75000-paris\/les-plus-values-immobilieres-toujours-generalisees-a-paris-en-10-ans-218131.html\" rel=\"noopener nofollow\" target=\"_blank\">grimper<\/a><strong>,<\/strong> du moins dans ses<strong> rues les plus prestigieuses<\/strong>. D\u2019apr\u00e8s une \u00e9tude publi\u00e9e en mai 2025 par le site <strong>SeLoger<\/strong>, la <strong>rue de Furstemberg<\/strong>, nich\u00e9e dans le tr\u00e8s recherch\u00e9 VI\u1d49 arrondissement, atteint <strong>23 087 euros<\/strong> par m\u00e8tre carr\u00e9 (\u20ac\/m\u00b2), ce qui en fait la rue la plus ch\u00e8re de France. Elle devance de peu le <strong>Quai des Orf\u00e8vres<\/strong> (23 054 \u20ac\/m\u00b2), c\u00e9l\u00e8bre adresse du centre historique, et l\u2019<strong>avenue Montaigne <\/strong>(22 548 \u20ac\/m\u00b2), symbole du Paris du luxe et de la mode. <\/p>\n<p>Viennent ensuite la <strong>rue de la Palatine<\/strong> et la <strong>rue de l\u2019Amiral de Coligny<\/strong>, deux art\u00e8res \u00e9galement situ\u00e9es dans les arrondissements les plus embl\u00e9matiques de la capitale. Ces cinq rues parisiennes concentrent \u00e0 elles seules des niveaux de prix sup\u00e9rieurs \u00e0 ceux de toutes les autres grandes villes fran\u00e7aises. <\/p>\n<\/p>\n<p>Des \u00e9carts abyssaux avec le reste de la France <\/p>\n<p>La moyenne du prix au m\u00e8tre carr\u00e9 \u00e0 Paris s\u2019\u00e9tablit aujourd\u2019hui \u00e0 <strong>9 468 \u20ac\/m\u00b2<\/strong>, un record national. Mais dans certains quartiers, les prix s\u2019envolent litt\u00e9ralement, creusant un foss\u00e9 impressionnant avec les autres m\u00e9tropoles. \u00c0 titre d\u2019exemple, la rue la plus ch\u00e8re de Saint-\u00c9tienne, la rue Paillard, affiche 2 378 \u20ac\/m\u00b2 : pr\u00e8s de dix fois moins que les sommets parisiens. <\/p>\n<p>M\u00eame les villes les plus ch\u00e8res de la <strong>C\u00f4te d\u2019Azur,<\/strong> traditionnellement concurrentes de la capitale sur le march\u00e9 du luxe, ne parviennent pas \u00e0 suivre. \u00c0 <strong>Antibes<\/strong>, l\u2019avenue Aim\u00e9 Bourreau culmine \u00e0 12 701 \u20ac\/m\u00b2. \u00c0 <strong>Cannes<\/strong>, la rue la plus ch\u00e8re \u2013 Gray Street \u2013 plafonne \u00e0 11 546 \u20ac\/m\u00b2. L\u2019\u00e9cart avec Paris est net, et semble se creuser d\u2019ann\u00e9e en ann\u00e9e.<\/p>\n<p> <img decoding=\"async\" alt=\"\" class=\"img-size-full\" data-zoomable=\"\" height=\"472\" loading=\"lazy\" src=\"https:\/\/www.europesays.com\/fr\/wp-content\/uploads\/2025\/05\/top-5-rues-les-plus-cheres-se-loger.jpg\" width=\"800\"\/> \u00a9 Se Loger &#8211; Top 5 des rues les plus che\u0300res de Paris. Une capitale qui r\u00e9siste \u00e0 toutes les turbulences <\/p>\n<p>Alors que de nombreuses <strong>grandes villes fran\u00e7aises <\/strong>enregistrent des <a href=\"https:\/\/mesinfos.fr\/94120-fontenay-sous-bois\/vers-une-stabilisation-de-la-chute-de-l-immobilier-dans-le-val-de-marne-217660.html\" rel=\"noopener nofollow\" target=\"_blank\">stagnations<\/a> ou de <strong>l\u00e9g\u00e8res baisses des prix<\/strong>, Paris fait de la r\u00e9sistance, notamment dans les secteurs les plus pris\u00e9s. L\u2019\u00e9tude souligne une <strong>hausse de +1,2 %<\/strong> pour les appartements parisiens, tir\u00e9e notamment par les biens de prestige. <\/p>\n<p>Ces chiffres traduisent un ph\u00e9nom\u00e8ne bien connu des professionnels : le <strong>haut de gamme parisien<\/strong> reste une valeur refuge pour les investisseurs, y compris internationaux, m\u00eame dans un contexte de tensions \u00e9conomiques et de taux d\u2019int\u00e9r\u00eat \u00e9lev\u00e9s. La raret\u00e9 de l\u2019offre, conjugu\u00e9e \u00e0 une demande mondiale, maintient la pression sur les prix. <\/p>\n<p>La capitale concentre toujours les actifs les plus recherch\u00e9s du pays, qu\u2019il s\u2019agisse de pied-\u00e0-terre historiques, d\u2019appartements haussmanniens ou de biens ultra-luxueux. Et tant que cette attractivit\u00e9 perdurera, les prix dans certaines rues continueront de tutoyer des sommets.<\/p>\n","protected":false},"excerpt":{"rendered":"\u00a9 Shutterstock &#8211; La rue de Furstemberg est la plus ch\u00e8re de Paris et de France. Le m\u00e8tre&hellip;\n","protected":false},"author":2,"featured_media":114347,"comment_status":"","ping_status":"","sticky":false,"template":"","format":"standard","meta":{"footnotes":""},"categories":[1592],"tags":[1111,11,1777,674,1011,27,662,1908,12,626,25],"class_list":{"0":"post-114346","1":"post","2":"type-post","3":"status-publish","4":"format-standard","5":"has-post-thumbnail","7":"category-ile-de-france","8":"tag-actu","9":"tag-actualites","10":"tag-eu","11":"tag-europe","12":"tag-fr","13":"tag-france","14":"tag-ile-de-france","15":"tag-logement","16":"tag-news","17":"tag-paris","18":"tag-republique-francaise"},"share_on_mastodon":{"url":"https:\/\/pubeurope.com\/@fr\/114540266365842805","error":""},"_links":{"self":[{"href":"https:\/\/www.europesays.com\/fr\/wp-json\/wp\/v2\/posts\/114346","targetHints":{"allow":["GET"]}}],"collection":[{"href":"https:\/\/www.europesays.com\/fr\/wp-json\/wp\/v2\/posts"}],"about":[{"href":"https:\/\/www.europesays.com\/fr\/wp-json\/wp\/v2\/types\/post"}],"author":[{"embeddable":true,"href":"https:\/\/www.europesays.com\/fr\/wp-json\/wp\/v2\/users\/2"}],"replies":[{"embeddable":true,"href":"https:\/\/www.europesays.com\/fr\/wp-json\/wp\/v2\/comments?post=114346"}],"version-history":[{"count":0,"href":"https:\/\/www.europesays.com\/fr\/wp-json\/wp\/v2\/posts\/114346\/revisions"}],"wp:featuredmedia":[{"embeddable":true,"href":"https:\/\/www.europesays.com\/fr\/wp-json\/wp\/v2\/media\/114347"}],"wp:attachment":[{"href":"https:\/\/www.europesays.com\/fr\/wp-json\/wp\/v2\/media?parent=114346"}],"wp:term":[{"taxonomy":"category","embeddable":true,"href":"https:\/\/www.europesays.com\/fr\/wp-json\/wp\/v2\/categories?post=114346"},{"taxonomy":"post_tag","embeddable":true,"href":"https:\/\/www.europesays.com\/fr\/wp-json\/wp\/v2\/tags?post=114346"}],"curies":[{"name":"wp","href":"https:\/\/api.w.org\/{rel}","templated":true}]}}