{"id":114348,"date":"2025-05-20T12:55:08","date_gmt":"2025-05-20T12:55:08","guid":{"rendered":"https:\/\/www.europesays.com\/fr\/114348\/"},"modified":"2025-05-20T12:55:08","modified_gmt":"2025-05-20T12:55:08","slug":"sa-jupe-est-trop-courte-le-conducteur-de-bus-ratp-lempeche-de-monter-a-bord","status":"publish","type":"post","link":"https:\/\/www.europesays.com\/fr\/114348\/","title":{"rendered":"sa jupe est trop courte, le conducteur de bus RATP l&#8217;emp\u00eache de monter \u00e0 bord"},"content":{"rendered":"<p>            Par<br \/>\n        <strong><br \/>\n            <a href=\"https:\/\/actu.fr\/auteur\/sarah-coulet\" title=\"Consulter tous les articles de Sarah Coulet\" target=\"_blank\" rel=\"noopener\">Sarah Coulet<\/a><br \/>\n        <\/strong><\/p>\n<p>        Publi\u00e9 le<\/p>\n<p>            20 mai 2025 \u00e0 14h38        <\/p>\n<p>Une phrase venue d\u2019un autre temps. En ce mois de mai\u00a02025, une jeune femme attend un bus <a href=\"https:\/\/actu.fr\/tag\/ratp\" target=\"_blank\" rel=\"noopener\">RATP<\/a> de la ligne 108 qui rallie <a href=\"https:\/\/actu.fr\/ile-de-france\/joinville-le-pont_94042\" target=\"_blank\" rel=\"noopener\">Joinville-le-Pont<\/a> \u00e0 <a href=\"https:\/\/actu.fr\/ile-de-france\/champigny-sur-marne_94017\" target=\"_blank\" rel=\"noopener\">Champigny-sur-Marne<\/a>. Au moment de prendre place \u00e0 bord, le chauffeur lui refuse l\u2019acc\u00e8s\u2009: \u00ab\u2009Si vous voulez monter, <strong>baisser un peu vos v\u00eatements<\/strong>\u2009\u00bb, lui intime-t-il. Les v\u00eatements en question\u2009? Une mini-jupe, un d\u00e9bardeur, et un sweat \u00e0 capuche.<\/p>\n<p>\u00ab\u2009On est en France, je m\u2019habille comme je veux\u2009\u00bb<\/p>\n<p class=\" wall-content\">La sc\u00e8ne a \u00e9t\u00e9 film\u00e9e par des proches de la jeune femme qui a ensuite publi\u00e9 la vid\u00e9o sur <a href=\"https:\/\/actu.fr\/tag\/tiktok\" target=\"_blank\" rel=\"noopener\">TikTok<\/a>, avec sa r\u00e9action, exasp\u00e9r\u00e9e. \u00ab\u00a0J\u2019\u00e9tais habill\u00e9e comme \u00e7a, c\u2019est court mais j\u2019ai un short dessus. Et puis m\u00eame, t\u2019es qui pour me dire \u00ab\u00a0descends tes v\u00eatements\u2009?!\u00a0\u00bb, commence-t-elle avant de s\u2019interrompre. \u00ab\u00a0Je vais pas \u00eatre vulgaire sur TikTok mais <strong>je m\u2019appr\u00eatais \u00e0 aller \u00e0 la salle<\/strong> donc oui je suis d\u00e9nud\u00e9e parce que je vais avoir chaud, je vais transpirer\u00a0\u00bb, continue-t-elle.<\/p>\n<p class=\" wall-content\">\n<p class=\" wall-content\">\u00ab\u2009Je rentre dans le bus comme je veux, on est en France, je m\u2019habille <strong>comme je veux<\/strong>. Depuis quand il est stipul\u00e9 qu\u2019on a pas le droit de prendre le bus si on a une jupe courte et un d\u00e9collet\u00e9\u2009?\u2009\u00bb<\/p>\n<p class=\" wall-content\">Contact\u00e9e par\u00a0<a href=\"https:\/\/actu.fr\/paris\/dernieres-actus\" target=\"_blank\" rel=\"noopener\">actu Paris<\/a>, la RATP nous apprend qu\u2019une enqu\u00eate interne a \u00e9t\u00e9 ouverte. \u00ab\u2009Le machiniste a \u00e9t\u00e9 identifi\u00e9 et a reconnu les faits\u2009\u00bb, pr\u00e9cise la r\u00e9gie des transports. \u00ab\u2009Il a \u00e9t\u00e9 <strong>imm\u00e9diatement retir\u00e9 de la conduite<\/strong>\u2009\u00bb.\u00a0L\u2019homme, sur lequel aucune information n\u2019a \u00e9t\u00e9 communiqu\u00e9e, fera l\u2019objet d\u2019une proc\u00e9dure disciplinaire.\u00a0La jeune femme aurait re\u00e7u \u00ab\u2009le soutien\u2009\u00bb et \u00ab\u2009l\u2019\u00e9coute\u2009\u00bb de la RATP.<\/p>\n<p class=\" wall-content\">Suivez toute l\u2019actualit\u00e9 de vos villes et m\u00e9dias favoris en vous inscrivant \u00e0 <a href=\"https:\/\/moncompte.actu.fr\" title=\"D\u00e9couvez Mon Actu\" rel=\"nofollow noopener\" data-trk=\"{&quot;cta&quot;:{&quot;action&quot;:&quot;https:\\\/\\\/moncompte.actu.fr&quot;,&quot;category&quot;:&quot;mon compte&quot;,&quot;from&quot;:&quot;article footer&quot;,&quot;name&quot;:&quot;Mon actu&quot;,&quot;type&quot;:&quot;cta&quot;}}\" target=\"_blank\">Mon Actu<\/a>.<\/p>\n","protected":false},"excerpt":{"rendered":"Par Sarah Coulet Publi\u00e9 le 20 mai 2025 \u00e0 14h38 Une phrase venue d\u2019un autre temps. En ce&hellip;\n","protected":false},"author":2,"featured_media":114349,"comment_status":"","ping_status":"","sticky":false,"template":"","format":"standard","meta":{"footnotes":""},"categories":[1888],"tags":[1111,1928,11,1927,6121,1777,674,1011,27,12,1926,626,1925,625,25,104],"class_list":{"0":"post-114348","1":"post","2":"type-post","3":"status-publish","4":"format-standard","5":"has-post-thumbnail","7":"category-paris","8":"tag-actu","9":"tag-actu-paris","10":"tag-actualites","11":"tag-actualites-paris","12":"tag-droits-des-femmes","13":"tag-eu","14":"tag-europe","15":"tag-fr","16":"tag-france","17":"tag-news","18":"tag-news-paris","19":"tag-paris","20":"tag-paris-news","21":"tag-ratp","22":"tag-republique-francaise","23":"tag-societe"},"share_on_mastodon":{"url":"https:\/\/pubeurope.com\/@fr\/114540270254798366","error":""},"_links":{"self":[{"href":"https:\/\/www.europesays.com\/fr\/wp-json\/wp\/v2\/posts\/114348","targetHints":{"allow":["GET"]}}],"collection":[{"href":"https:\/\/www.europesays.com\/fr\/wp-json\/wp\/v2\/posts"}],"about":[{"href":"https:\/\/www.europesays.com\/fr\/wp-json\/wp\/v2\/types\/post"}],"author":[{"embeddable":true,"href":"https:\/\/www.europesays.com\/fr\/wp-json\/wp\/v2\/users\/2"}],"replies":[{"embeddable":true,"href":"https:\/\/www.europesays.com\/fr\/wp-json\/wp\/v2\/comments?post=114348"}],"version-history":[{"count":0,"href":"https:\/\/www.europesays.com\/fr\/wp-json\/wp\/v2\/posts\/114348\/revisions"}],"wp:featuredmedia":[{"embeddable":true,"href":"https:\/\/www.europesays.com\/fr\/wp-json\/wp\/v2\/media\/114349"}],"wp:attachment":[{"href":"https:\/\/www.europesays.com\/fr\/wp-json\/wp\/v2\/media?parent=114348"}],"wp:term":[{"taxonomy":"category","embeddable":true,"href":"https:\/\/www.europesays.com\/fr\/wp-json\/wp\/v2\/categories?post=114348"},{"taxonomy":"post_tag","embeddable":true,"href":"https:\/\/www.europesays.com\/fr\/wp-json\/wp\/v2\/tags?post=114348"}],"curies":[{"name":"wp","href":"https:\/\/api.w.org\/{rel}","templated":true}]}}