{"id":114350,"date":"2025-05-20T12:56:11","date_gmt":"2025-05-20T12:56:11","guid":{"rendered":"https:\/\/www.europesays.com\/fr\/114350\/"},"modified":"2025-05-20T12:56:11","modified_gmt":"2025-05-20T12:56:11","slug":"nova-y-va-a-lexpo-mission-dakar-djibouti-1931-1933-contre-enquetes-au-musee-du-quai-branly-jacques-chirac-a-paris","status":"publish","type":"post","link":"https:\/\/www.europesays.com\/fr\/114350\/","title":{"rendered":"Nova y va, \u00e0 l\u2019expo \u00ab Mission Dakar Djibouti (1931-1933) : contre-enqu\u00eates \u00bb au Mus\u00e9e du Quai Branly &#8211; Jacques Chirac, \u00e0 Paris"},"content":{"rendered":"<p>Nova pousse les portes de l\u2019exposition \u00ab Mission Dakar-Djibouti (1931-1933): contre-enqu\u00eates\u00bb au mus\u00e9e du quai Branly \u2013 Jacques Chirac. Pr\u00e8s d\u2019un si\u00e8cle apr\u00e8s cette mission ethnographique, l\u2019exposition en propose une relecture critique , redonnant voix aux peuples rencontr\u00e9s et sens aux objets collect\u00e9s. Rencontre avec Ga\u00eblle Beaujean, commissaire et responsable des collections Afrique<\/p>\n<p>Dans les ann\u00e9es 30, entour\u00e9 d\u2019une \u00e9quipe de scientifiques, le jeune Marcel Griaule figure parmi les pionniers de l\u2019ethnologie de terrain : aller \u00e0 la rencontre des peuples, des cultures, plut\u00f4t que de documenter leur existence par les r\u00e9cits de voyage des militaires.<\/p>\n<p>C\u2019est ainsi qu\u2019ils ont travers\u00e9 14 pays africains d\u2019est en ouest pendant deux ans, ramenant plus de 3000 objets, 6000 photos, 300 manuscrits, d\u2019enregistrements de contes, de chants, de r\u00e9cits, tout un patrimoine oral et mat\u00e9riel destin\u00e9 \u00e0 enrichir les mus\u00e9es fran\u00e7ais, notamment le mus\u00e9e de l\u2019Homme \u00e0 Paris.<\/p>\n<p><a href=\"https:\/\/www.europesays.com\/fr\/wp-content\/uploads\/2025\/05\/Francais-Francaises-Francais-38-copie-t-2400x1452.jpg\" data-barba-prevent=\"\" data-pswp-width=\"2400\" data-pswp-height=\"1452\"><\/p>\n<p><img loading=\"lazy\" decoding=\"async\" width=\"2400\" height=\"1452\" src=\"https:\/\/www.europesays.com\/fr\/wp-content\/uploads\/2025\/05\/Francais-Francaises-Francais-38-copie-t-2400x1452.jpg\" class=\"attachment-thumbnail size-thumbnail\" alt=\"&#10;mus\u00e9e du Quai Branly - Jacques Chirac, photo Thibaut Chapotot&#10;\"\/><\/p>\n<p>mus\u00e9e du Quai Branly \u2013 Jacques Chirac, photo Thibaut Chapotot<\/p>\n<p><\/a><\/p>\n<p>Y ont \u00e9galement \u00e9t\u00e9 r\u00e9dig\u00e9es 10 000 fiches de terrain r\u00e9sultant \u00ab d\u2019enqu\u00eates \u00bb, mais qui malgr\u00e9 leur exigence scientifique, n\u2019en restent pas moins marqu\u00e9es par l\u2019empreinte coloniale de l\u2019\u00e9poque.<\/p>\n<p><a href=\"https:\/\/www.europesays.com\/fr\/wp-content\/uploads\/2025\/05\/Francais-Francaises-Francais-38-copie-2-t-2400x1452.jpg\" data-barba-prevent=\"\" data-pswp-width=\"2400\" data-pswp-height=\"1452\"><\/p>\n<p><img loading=\"lazy\" decoding=\"async\" width=\"2400\" height=\"1452\" src=\"https:\/\/www.europesays.com\/fr\/wp-content\/uploads\/2025\/05\/Francais-Francaises-Francais-38-copie-2-t-2400x1452.jpg\" class=\"attachment-thumbnail size-thumbnail\" alt=\"&#10;mus\u00e9e du Quai Branly - Jacques Chirac, photo Thibaut Chapotot&#10;\"\/><\/p>\n<p>mus\u00e9e du Quai Branly \u2013 Jacques Chirac, photo Thibaut Chapotot<\/p>\n<p><\/a><\/p>\n<p>Si les ambivalences de cette \u00e9pop\u00e9e sont r\u00e9elles, elles ne peuvent pas pour autant nous priver de son h\u00e9ritage : un formidable apport \u00e0 la documentation de l\u2019histoire du monde.<\/p>\n<p>C\u2019est dans cet esprit que le mus\u00e9e du Quai Branly \u2013 Jacques Chirac, avec un commissariat compos\u00e9 de scientifiques, des divers pays travers\u00e9s par la mission il y a presque un si\u00e8cle, cherche \u00e0 montrer et de d\u00e9construire ce patrimoine au nom de sa p\u00e9rennit\u00e9, de dire ce qui n\u2019\u00e9tait pas dit, de d\u00e9sinvisibiliser les acteurs oubli\u00e9s, de redonner leurs origines aux objets et leur histoire aux peuples par une s\u00e9rie de contre-enqu\u00eates, et offrir ainsi une possibilit\u00e9 de r\u00e9paration.<\/p>\n<p>Rencontre avec l\u2019une des commissaires et responsable des collections Afrique, mus\u00e9e du Quai Branly \u2013 Jacques Chirac, Ga\u00eblle Beaujean, dans le <a href=\"https:\/\/podcasts.nova.fr\/radio-nova-nova-y-va\" target=\"_blank\" rel=\"noreferrer noopener\">podcast du Nova Y Va<\/a>.<\/p>\n<p><a href=\"https:\/\/www.quaibranly.fr\/fr\/expositions-evenements\/au-musee\/expositions\/details-de-levenement\/e\/mission-dakar-djibouti-1931-1933-contre-enquetes\" target=\"_blank\" rel=\"noreferrer noopener\">D\u00e9tails de l\u2019\u00e9v\u00e9nement \u2013 mus\u00e9e du quai Branly \u2013 Jacques Chirac<\/a><\/p>\n","protected":false},"excerpt":{"rendered":"Nova pousse les portes de l\u2019exposition \u00ab Mission Dakar-Djibouti (1931-1933): contre-enqu\u00eates\u00bb au mus\u00e9e du quai Branly \u2013 Jacques&hellip;\n","protected":false},"author":2,"featured_media":114351,"comment_status":"","ping_status":"","sticky":false,"template":"","format":"standard","meta":{"footnotes":""},"categories":[1888],"tags":[1111,1928,11,1927,23426,1777,674,3293,1011,27,12,1926,23427,626,1925,23428,25],"class_list":{"0":"post-114350","1":"post","2":"type-post","3":"status-publish","4":"format-standard","5":"has-post-thumbnail","7":"category-paris","8":"tag-actu","9":"tag-actu-paris","10":"tag-actualites","11":"tag-actualites-paris","12":"tag-anna-flori-lamour","13":"tag-eu","14":"tag-europe","15":"tag-exposition","16":"tag-fr","17":"tag-france","18":"tag-news","19":"tag-news-paris","20":"tag-nova-y-va","21":"tag-paris","22":"tag-paris-news","23":"tag-quai-branly","24":"tag-republique-francaise"},"share_on_mastodon":{"url":"https:\/\/pubeurope.com\/@fr\/114540274539452092","error":""},"_links":{"self":[{"href":"https:\/\/www.europesays.com\/fr\/wp-json\/wp\/v2\/posts\/114350","targetHints":{"allow":["GET"]}}],"collection":[{"href":"https:\/\/www.europesays.com\/fr\/wp-json\/wp\/v2\/posts"}],"about":[{"href":"https:\/\/www.europesays.com\/fr\/wp-json\/wp\/v2\/types\/post"}],"author":[{"embeddable":true,"href":"https:\/\/www.europesays.com\/fr\/wp-json\/wp\/v2\/users\/2"}],"replies":[{"embeddable":true,"href":"https:\/\/www.europesays.com\/fr\/wp-json\/wp\/v2\/comments?post=114350"}],"version-history":[{"count":0,"href":"https:\/\/www.europesays.com\/fr\/wp-json\/wp\/v2\/posts\/114350\/revisions"}],"wp:featuredmedia":[{"embeddable":true,"href":"https:\/\/www.europesays.com\/fr\/wp-json\/wp\/v2\/media\/114351"}],"wp:attachment":[{"href":"https:\/\/www.europesays.com\/fr\/wp-json\/wp\/v2\/media?parent=114350"}],"wp:term":[{"taxonomy":"category","embeddable":true,"href":"https:\/\/www.europesays.com\/fr\/wp-json\/wp\/v2\/categories?post=114350"},{"taxonomy":"post_tag","embeddable":true,"href":"https:\/\/www.europesays.com\/fr\/wp-json\/wp\/v2\/tags?post=114350"}],"curies":[{"name":"wp","href":"https:\/\/api.w.org\/{rel}","templated":true}]}}